{"id":2243942,"date":"2024-01-09T05:44:11","date_gmt":"2024-01-09T04:44:11","guid":{"rendered":"https:\/\/www.startlap.hu\/vasarlas\/?p=2243942"},"modified":"2024-01-08T17:00:50","modified_gmt":"2024-01-08T16:00:50","slug":"samsung-atlatszo-kijelzo-oled-okoskutyu","status":"publish","type":"post","link":"https:\/\/www.startlap.hu\/vasarlas\/samsung-atlatszo-kijelzo-oled-okoskutyu\/","title":{"rendered":"Itt a Samsung els\u0151, teljesen \u00e1tl\u00e1tsz\u00f3 kijelz\u0151je"},"content":{"rendered":"<p>Ha otthoni k\u00fcty\u00fckr\u0151l, k\u00fcl\u00f6n\u00f6sen ha t\u00e9v\u00e9kr\u0151l van sz\u00f3, akkor a Samsung mindig is az \u00e9len j\u00e1r: el\u00e9g csak a nemr\u00e9g bemutatott, <a href=\"https:\/\/www.startlap.hu\/vasarlas\/samsung-legnagyobb-teve-mesterseges-intelligencia-hazimozi-2023\/\" target=\"_blank\" rel=\"noopener noreferrer\">15 milli\u00f3 forintba ker\u00fcl\u0151 telev\u00edzi\u00f3ra<\/a> gondolni. A <a href=\"https:\/\/designtaxi.com\/news\/426064\/Samsung-Showcases-World-s-First-Transparent-MicroLED-Screens\/\" target=\"_blank\" target=\"_blank\" rel=\"noopener noreferrer\">Design Taxi<\/a> besz\u00e1mol\u00f3ja szerint azonban a d\u00e9l-koreai multinacion\u00e1lis v\u00e1llalat most egy olyan k\u00e9sz\u00fcl\u00e9ket \u00e1lmodott \u00e9s val\u00f3s\u00edtott meg, ami az otthoni t\u00e9v\u00e9z\u00e9st is forradalmas\u00edthatja. A Samsung ugyanis <strong>bemutatta az els\u0151, teljesen \u00e1tl\u00e1tsz\u00f3 kijelz\u0151j\u00e9t<\/strong>.&nbsp;<\/p>\n<p>R\u00e1ad\u00e1sul az eszk\u00f6zb\u0151l nem is egyet, hanem<\/p>\n<blockquote class=\"article__extraTxt\"><p>r\u00f6gt\u00f6n h\u00e1rmat mutatott be a c\u00e9g, azzal a nem titkolt c\u00e9llal, hogy teljesen elmoss\u00e1k a virtu\u00e1lis vil\u00e1g \u00e9s a val\u00f3s\u00e1g k\u00f6zti hat\u00e1rvonalat.<\/p><\/blockquote>\n<p>A CES el\u0151tt nyilv\u00e1noss\u00e1gra hozott fejleszt\u00e9s az\u00e9rt is sz\u00e1m\u00edt \u00f3ri\u00e1si m\u00e9rf\u00f6ldk\u0151nek, mert <strong>imm\u00e1r hat \u00e9ve dolgoznak a kialak\u00edt\u00e1shoz sz\u00fcks\u00e9ges technol\u00f3gi\u00e1n.&nbsp;<\/strong><\/p>\n<div class='iframe-wrapper youtube'><iframe loading=\"lazy\" title=\"\ud22c\uba85\ud55c \uc720\ub9ac\ucc98\ub7fc \ubcf4\uc774\uc9c0\ub9cc\ud83c\udfb5 &#039;\ud22c\uba85 \ub9c8\uc774\ud06c\ub85cLED&#039; \ucd5c\ucd08 \uacf5\uac1c [CES 2024]\" width=\"500\" height=\"281\" src=\"https:\/\/www.youtube.com\/embed\/-itkMa8k9UE?feature=oembed\" frameborder=\"0\" allow=\"accelerometer; autoplay; clipboard-write; encrypted-media; gyroscope; picture-in-picture; web-share\" referrerpolicy=\"strict-origin-when-cross-origin\" allowfullscreen><\/iframe><\/div>\n<p>A h\u00e1rom bemutatott verzi\u00f3 k\u00f6z\u00fcl kett\u0151 sz\u00ednezett \u00fcvegb\u0151l k\u00e9sz\u00fclt, egy pedig val\u00f3ban teljesen \u00e1tl\u00e1tsz\u00f3 lett, ehhez r\u00e1ad\u00e1sul keretet sem k\u00e9sz\u00edtettek, \u00edgy t\u00e9nyleg \u00fagy fest, mintha egy lebeg\u0151 kijelz\u0151 lenne. Arr\u00f3l egyel\u0151re nincsenek inform\u00e1ci\u00f3k, hogy pontosan mikre lehet majd haszn\u00e1lni ezeket a microLED kijelz\u0151ket, de <strong>minden bizonnyal el\u0151sz\u00f6r a sz\u00e1m\u00edt\u00f3g\u00e9pes j\u00e1t\u00e9kok \u00e9s a <a href=\"https:\/\/www.startlap.hu\/vasarlas\/meta-facebook-instagram-adatgyujtes-eu-tiltas\/\" target=\"_blank\" rel=\"noopener noreferrer\">metaverzum<\/a> ter\u00fclet\u00e9n terjednek majd el.&nbsp;<\/strong><\/p>\n<figure id=\"attachment_2243945\" aria-describedby=\"caption-attachment-2243945\" style=\"width: 755px\" class=\"wp-caption alignnone\"><img loading=\"lazy\" decoding=\"async\" class=\"size-article-size-large-image wp-image-2243945\" src=\"https:\/\/www.startlap.hu\/vasarlas\/uploads\/2024\/01\/samsung-ces-755x415.jpg\" alt=\"A Samsung egyik leg\u00fajabb t\u00e9v\u00e9je\" width=\"755\" height=\"415\" srcset=\"https:\/\/www.startlap.hu\/vasarlas\/uploads\/2024\/01\/samsung-ces-755x415.jpg 755w, https:\/\/www.startlap.hu\/vasarlas\/uploads\/2024\/01\/samsung-ces-636x350.jpg 636w, https:\/\/www.startlap.hu\/vasarlas\/uploads\/2024\/01\/samsung-ces.jpg 1440w\" sizes=\"auto, (max-width: 755px) 100vw, 755px\" \/><figcaption id=\"caption-attachment-2243945\" class=\"wp-caption-text\">Fot\u00f3: news.samsung.com<\/figcaption><\/figure>\n<p>Ezen fel\u00fcl az \u00e1rakr\u00f3l sincsenek h\u00edrek, b\u00e1r a Design Taxi eml\u00e9keztet, hogy<\/p>\n<blockquote class=\"article__extraTxt\"><p>egy ehhez hasonl\u00f3 technik\u00e1val rendelkez\u0151, microLED kijelz\u0151vel ell\u00e1tott Samsung t\u00e9v\u00e9 k\u00f6r\u00fclbel\u00fcl \u00f6tvenmilli\u00f3 forintba ker\u00fcl,<\/p><\/blockquote>\n<p>\u00edgy enn\u00e9l minden bizonnyal nagyobb \u00f6sszegre kell sz\u00e1m\u00edtani.&nbsp;<\/p>\n<div class=\"o-widget m-readMoreWidget -readMore u-shortDecorLineAfter row widget-container _ce_measure_widget bigdata-widget read-more\" data-ce-measure-widget=\"olvass tov\u00e1bb\">\n\t<div class=\"m-readMoreWidget__imgWrapper image-wrapper col-12 col-md-4 no-p\">\n\t\t<a class=\"m-readMoreWidget__imgLink\" href=\"https:\/\/www.startlap.hu\/vasarlas\/okoseszkozok-kutyuk-okostelefonok-apple-samsung-okosteve-wifi-2024\/\" >\n\t\t\t<img decoding=\"async\" src=\"https:\/\/www.startlap.hu\/vasarlas\/uploads\/2024\/01\/2024-term\u00e9kei-1-350x285.jpg\" class=\"m-readMoreWidget__img\">\n\t\t<\/a>\n\t<\/div>\n\t<div class=\"m-readMoreWidget__titleWrapper title-wrapper col-12 col-md-8\">\n\t\t<span class=\"m-readMoreWidget__titleLabel u-shortDecorLineBefore label hidden-sm-up\">Ez is \u00e9rdekelhet:<\/span>\n\t\t<h3 class=\"m-readMoreWidget__title title\">\n\t\t\t<a class=\"m-readMoreWidget__titleLink -secondFont u-bold u-upperCase\" href=\"https:\/\/www.startlap.hu\/vasarlas\/okoseszkozok-kutyuk-okostelefonok-apple-samsung-okosteve-wifi-2024\/\" >Az \u00e9v, amikor bek\u00f6sz\u00f6nt a j\u00f6v\u0151 &#8211; term\u00e9kek, amik uralni fogj\u00e1k 2024-et<\/a>\n\t\t<\/h3>\n\t\t<a class=\"m-readMoreWidget__btn -coloredBack u-tC link\" href=\"https:\/\/www.startlap.hu\/vasarlas\/okoseszkozok-kutyuk-okostelefonok-apple-samsung-okosteve-wifi-2024\/\" >Elolvasom<\/a>\n\t<\/div>\n<\/div>\n","protected":false},"excerpt":{"rendered":"<p>Ak\u00e1r hatvanmilli\u00f3 forintba is ker\u00fclhet a d\u00e9l-koreai c\u00e9g leg\u00fajabb gy\u00e1rtm\u00e1nya, a Samsung teljesen \u00e1tl\u00e1tsz\u00f3 kijelz\u0151je.<\/p>\n","protected":false},"author":54,"featured_media":2243944,"comment_status":"closed","ping_status":"closed","sticky":false,"template":"","format":"standard","meta":{"footnotes":""},"categories":[8088],"tags":[18853,14777,12754,1814],"class_list":["post-2243942","post","type-post","status-publish","format-standard","has-post-thumbnail","hentry","category-kutyu","tag-atlatszo-kijelzo","tag-okos-teve","tag-okoskutyuk","tag-samsung"],"aioseo_notices":[],"_links":{"self":[{"href":"https:\/\/www.startlap.hu\/vasarlas\/wp-json\/wp\/v2\/posts\/2243942","targetHints":{"allow":["GET"]}}],"collection":[{"href":"https:\/\/www.startlap.hu\/vasarlas\/wp-json\/wp\/v2\/posts"}],"about":[{"href":"https:\/\/www.startlap.hu\/vasarlas\/wp-json\/wp\/v2\/types\/post"}],"author":[{"embeddable":true,"href":"https:\/\/www.startlap.hu\/vasarlas\/wp-json\/wp\/v2\/users\/54"}],"replies":[{"embeddable":true,"href":"https:\/\/www.startlap.hu\/vasarlas\/wp-json\/wp\/v2\/comments?post=2243942"}],"version-history":[{"count":3,"href":"https:\/\/www.startlap.hu\/vasarlas\/wp-json\/wp\/v2\/posts\/2243942\/revisions"}],"predecessor-version":[{"id":2243971,"href":"https:\/\/www.startlap.hu\/vasarlas\/wp-json\/wp\/v2\/posts\/2243942\/revisions\/2243971"}],"wp:featuredmedia":[{"embeddable":true,"href":"https:\/\/www.startlap.hu\/vasarlas\/wp-json\/wp\/v2\/media\/2243944"}],"wp:attachment":[{"href":"https:\/\/www.startlap.hu\/vasarlas\/wp-json\/wp\/v2\/media?parent=2243942"}],"wp:term":[{"taxonomy":"category","embeddable":true,"href":"https:\/\/www.startlap.hu\/vasarlas\/wp-json\/wp\/v2\/categories?post=2243942"},{"taxonomy":"post_tag","embeddable":true,"href":"https:\/\/www.startlap.hu\/vasarlas\/wp-json\/wp\/v2\/tags?post=2243942"}],"curies":[{"name":"wp","href":"https:\/\/api.w.org\/{rel}","templated":true}]}}