{"id":2243732,"date":"2024-01-01T17:10:17","date_gmt":"2024-01-01T16:10:17","guid":{"rendered":"https:\/\/www.startlap.hu\/vasarlas\/?p=2243732"},"modified":"2024-01-01T17:11:15","modified_gmt":"2024-01-01T16:11:15","slug":"iphone-usb-c-tolto","status":"publish","type":"post","link":"https:\/\/www.startlap.hu\/vasarlas\/iphone-usb-c-tolto\/","title":{"rendered":"Ez\u00e9rt nem szabad t\u00fal olcs\u00f3 k\u00e1bellel t\u00f6lteni a mobilodat"},"content":{"rendered":"<p>Mindannyiunk \u00f6r\u00f6m\u00e9re az Apple az Eur\u00f3pai Uni\u00f3 nyom\u00e1s\u00e1ra az iPhone 15-\u00f6s sz\u00e9ri\u00e1j\u00e1n\u00e1l v\u00e9gre USB-C-re cser\u00e9lte az eddig haszn\u00e1lt Lightning-csatlakoz\u00f3j\u00e1t. Az \u00faj iPhone-ok ennek k\u00f6sz\u00f6nhet\u0151en imm\u00e1r nem csak az MFi (Made For iPhone) chipet tartalmaz\u00f3 a Lightning-k\u00e1belekkel m\u0171k\u00f6dnek, hanem kompatibilisek az androidos k\u00e9sz\u00fcl\u00e9kek t\u00f6lt\u0151ivel. A <a href=\"https:\/\/bgr.com\/tech\/iphone-15-pro-max-melted-a-generic-usb-c-cable-and-it-should-be-a-lesson-for-everyone\/\" target=\"_blank\" target=\"_blank\" rel=\"noopener noreferrer\"><strong>BGR<\/strong><\/a> \u00e1ltal felkapott reddites felhaszn\u00e1l\u00f3 t\u00f6rt\u00e9net\u00e9b\u0151l azonban az der\u00fcl ki, tov\u00e1bbra is \u00e9rdemes megv\u00e1logatni, milyen telefont\u00f6lt\u0151ket haszn\u00e1lhatunk.<\/p>\n<figure id=\"attachment_2243735\" aria-describedby=\"caption-attachment-2243735\" style=\"width: 755px\" class=\"wp-caption alignnone\"><img loading=\"lazy\" decoding=\"async\" class=\"size-article-size-large-image wp-image-2243735\" src=\"https:\/\/www.startlap.hu\/vasarlas\/uploads\/2024\/01\/080_HL_JMBARRERE_2148309-755x503.jpg\" alt=\"\" width=\"755\" height=\"503\" srcset=\"https:\/\/www.startlap.hu\/vasarlas\/uploads\/2024\/01\/080_HL_JMBARRERE_2148309-755x503.jpg 755w, https:\/\/www.startlap.hu\/vasarlas\/uploads\/2024\/01\/080_HL_JMBARRERE_2148309-526x350.jpg 526w, https:\/\/www.startlap.hu\/vasarlas\/uploads\/2024\/01\/080_HL_JMBARRERE_2148309.jpg 1024w\" sizes=\"auto, (max-width: 755px) 100vw, 755px\" \/><figcaption id=\"caption-attachment-2243735\" class=\"wp-caption-text\">Fot\u00f3: AFP<\/figcaption><\/figure>\n<p>Egy iPhone 15 Pro Max k\u00e9sz\u00fcl\u00e9kbe ugyanis siker\u00fclt sz\u00f3 szerint beleolvasztani egy USB-C t\u00f6lt\u0151t. A f\u00f3rumon megjelent besz\u00e1mol\u00f3 szerint<\/p>\n<blockquote class=\"article__extraTxt\"><p>a telefon &#8222;olyan forr\u00f3 lett \u00e9jszakai t\u00f6lt\u00e9s k\u00f6zben, hogy sz\u00f3 szerint \u00e9g\u00e9si s\u00e9r\u00fcl\u00e9st hagyott&#8221; tulajdonosa ujj\u00e1n, az USB-C f\u00e9m feje pedig beleragadt az USB-portba.<\/p><\/blockquote>\n<p><img loading=\"lazy\" decoding=\"async\" class=\"size-size-article wp-image-2243733\" src=\"https:\/\/www.startlap.hu\/vasarlas\/uploads\/2024\/01\/Clipboard01-640x300.jpg\" alt=\"\" width=\"640\" height=\"300\"><br \/>\n<span style=\"font-size: 14px\">Fot\u00f3: Reddit<\/span><\/p>\n<p>A Redditr\u0151l csup\u00e1n annyi der\u00fclt ki, hogy a t\u00f6lt\u00e9shez egy egy utaz\u00e1si adaptert \u00e9s egy &#8222;\u00e1ltal\u00e1nos&#8221; USB-C k\u00e1belt haszn\u00e1ltak, amelyet az Amazonr\u00f3l sz\u00e1rmazik, konkr\u00e9t t\u00edpust nem k\u00f6z\u00f6lt\u00e9k.<\/p>\n<p>Ahogyan azt a tech port\u00e1l is megjegyezte, a tanuls\u00e1g sajnos az, hogy<strong> er\u0151sen aj\u00e1nlott a k\u00e9sz\u00fcl\u00e9kek eredeti doboz\u00e1ban \u00e9rkezett k\u00e1beleket haszn\u00e1lni<\/strong>, vagy<strong> mindenk\u00e9ppen megb\u00edzhat\u00f3 \u00e9s hivatalosan elismert tartoz\u00e9kgy\u00e1rt\u00f3t\u00f3l v\u00e1s\u00e1rolj<\/strong> \u00faj k\u00e1belt.<\/p>\n<div class=\"o-widget m-readMoreWidget -readMore u-shortDecorLineAfter row widget-container _ce_measure_widget bigdata-widget read-more\" data-ce-measure-widget=\"olvass tov\u00e1bb\">\n\t<div class=\"m-readMoreWidget__imgWrapper image-wrapper col-12 col-md-4 no-p\">\n\t\t<a class=\"m-readMoreWidget__imgLink\" href=\"https:\/\/www.startlap.hu\/vasarlas\/apple-vision-pro-billentyuzet\/\" >\n\t\t\t<img decoding=\"async\" src=\"https:\/\/www.startlap.hu\/vasarlas\/uploads\/2023\/12\/apple-virtualis-billentyuzet-350x285.jpg\" class=\"m-readMoreWidget__img\">\n\t\t<\/a>\n\t<\/div>\n\t<div class=\"m-readMoreWidget__titleWrapper title-wrapper col-12 col-md-8\">\n\t\t<span class=\"m-readMoreWidget__titleLabel u-shortDecorLineBefore label hidden-sm-up\">Ez is \u00e9rdekelhet:<\/span>\n\t\t<h3 class=\"m-readMoreWidget__title title\">\n\t\t\t<a class=\"m-readMoreWidget__titleLink -secondFont u-bold u-upperCase\" href=\"https:\/\/www.startlap.hu\/vasarlas\/apple-vision-pro-billentyuzet\/\" >M\u00e1r tesztelik az Apple kivet\u00edtett, virtu\u00e1lis billenty\u0171zet\u00e9t<\/a>\n\t\t<\/h3>\n\t\t<a class=\"m-readMoreWidget__btn -coloredBack u-tC link\" href=\"https:\/\/www.startlap.hu\/vasarlas\/apple-vision-pro-billentyuzet\/\" >Elolvasom<\/a>\n\t<\/div>\n<\/div>\n","protected":false},"excerpt":{"rendered":"<p>Egy elrettent\u0151 t\u00f6rt\u00e9net k\u00f6vetkezik arr\u00f3l, hogy a fill\u00e9rek\u00e9rt v\u00e1s\u00e1rolt eszk\u00f6z\u00f6knek k\u00e9s\u0151bb sokszorosan megfizethetj\u00fck az \u00e1r\u00e1t.<\/p>\n","protected":false},"author":14,"featured_media":2243735,"comment_status":"closed","ping_status":"closed","sticky":false,"template":"","format":"standard","meta":{"footnotes":""},"categories":[8088],"tags":[3822,2295,8170,15044],"class_list":["post-2243732","post","type-post","status-publish","format-standard","has-post-thumbnail","hentry","category-kutyu","tag-apple","tag-iphone","tag-telefontolto","tag-usb-c"],"aioseo_notices":[],"_links":{"self":[{"href":"https:\/\/www.startlap.hu\/vasarlas\/wp-json\/wp\/v2\/posts\/2243732","targetHints":{"allow":["GET"]}}],"collection":[{"href":"https:\/\/www.startlap.hu\/vasarlas\/wp-json\/wp\/v2\/posts"}],"about":[{"href":"https:\/\/www.startlap.hu\/vasarlas\/wp-json\/wp\/v2\/types\/post"}],"author":[{"embeddable":true,"href":"https:\/\/www.startlap.hu\/vasarlas\/wp-json\/wp\/v2\/users\/14"}],"replies":[{"embeddable":true,"href":"https:\/\/www.startlap.hu\/vasarlas\/wp-json\/wp\/v2\/comments?post=2243732"}],"version-history":[{"count":4,"href":"https:\/\/www.startlap.hu\/vasarlas\/wp-json\/wp\/v2\/posts\/2243732\/revisions"}],"predecessor-version":[{"id":2243739,"href":"https:\/\/www.startlap.hu\/vasarlas\/wp-json\/wp\/v2\/posts\/2243732\/revisions\/2243739"}],"wp:featuredmedia":[{"embeddable":true,"href":"https:\/\/www.startlap.hu\/vasarlas\/wp-json\/wp\/v2\/media\/2243735"}],"wp:attachment":[{"href":"https:\/\/www.startlap.hu\/vasarlas\/wp-json\/wp\/v2\/media?parent=2243732"}],"wp:term":[{"taxonomy":"category","embeddable":true,"href":"https:\/\/www.startlap.hu\/vasarlas\/wp-json\/wp\/v2\/categories?post=2243732"},{"taxonomy":"post_tag","embeddable":true,"href":"https:\/\/www.startlap.hu\/vasarlas\/wp-json\/wp\/v2\/tags?post=2243732"}],"curies":[{"name":"wp","href":"https:\/\/api.w.org\/{rel}","templated":true}]}}