{"id":2243675,"date":"2023-12-27T19:19:04","date_gmt":"2023-12-27T18:19:04","guid":{"rendered":"https:\/\/www.startlap.hu\/vasarlas\/?p=2243675"},"modified":"2023-12-27T19:19:04","modified_gmt":"2023-12-27T18:19:04","slug":"ferenc-papa-megaldotta-a-magyar-bort","status":"publish","type":"post","link":"https:\/\/www.startlap.hu\/vasarlas\/ferenc-papa-megaldotta-a-magyar-bort\/","title":{"rendered":"Ferenc p\u00e1pa meg\u00e1ldotta a magyar bort"},"content":{"rendered":"<p>A kar\u00e1csonyi \u00fcnnepi id\u0151szak r\u00e9szek\u00e9nt december 27-\u00e9n, Szent J\u00e1nos napj\u00e1n a borszentel\u00e9si szok\u00e1sokat feleleven\u00edtve Ferenc p\u00e1pa audiencia keretein bel\u00fcl apostoli \u00e1ld\u00e1s\u00e1t adta a Tokajira \u00e9s \u00e1ltal\u00e1ban a magyar borra &#8211; olvashat\u00f3 a Minisztereln\u00f6ks\u00e9g k\u00f6zlem\u00e9ny\u00e9ben.&nbsp;<\/p>\n<p>Mint \u00edrj\u00e1k, <strong>R\u00f3kusfalvy P\u00e1l<\/strong>, a nemzeti bormarketing\u00e9rt felel\u0151s korm\u00e1nybiztos Magyarorsz\u00e1g Szentsz\u00e9ki Nagyk\u00f6vets\u00e9g\u00e9n kereszt\u00fcl fordult lev\u00e9lben Ferenc p\u00e1p\u00e1hoz, amelyben k\u00e9rte a magyar bor megszentel\u00e9s\u00e9t.<\/p>\n<blockquote class=\"article__extraTxt\"><p>A korm\u00e1nybiztos a Magyar Bormarketing \u00dcgyn\u00f6ks\u00e9gen kereszt\u00fcl harminc tokaji bor\u00e1sz, \u00f6sszesen 180 palack asz\u00faj\u00e1t k\u00fcldte el el\u0151re a Vatik\u00e1nba, a december 27-i audienci\u00e1ra pedig egy k\u00fcl\u00f6n d\u00edszdobozos Tokaj Esszenci\u00e1t is vitt mag\u00e1val.<\/p><\/blockquote>\n<p><iframe loading=\"lazy\" width=\"750\" height=\"987\" frameborder=\"0\" scrolling=\"no\" src=\"https:\/\/www.facebook.com\/plugins\/post.php?href=https%3A%2F%2Fwww.facebook.com%2Frokusfalvypal%2Fposts%2Fpfbid0g5PWSXYRUcfbm25KycFEg4jKgpmKP2xcTaAsgd5biQRF5uGjejmbKgNCo5NaaFUEl&amp;width=750&amp;show_text=false&amp;height=987&amp;appId\" style=\"border: none; overflow: hidden;\"><\/iframe><\/p>\n<p>R\u00f3kusfalvy P\u00e1l a szem\u00e9lyes tal\u00e1lkoz\u00f3 sor\u00e1n \u00fagy fogalmazott: &#8222;az\u00e9rt \u00e9rkezt\u00fcnk, hogy Szent J\u00e1nos \u00fcnnep\u00e9n apostoli \u00e1ld\u00e1s\u00e1t k\u00e9rj\u00fck ezen Tokaji Asz\u00fara, illetve ezen kereszt\u00fcl a magyar borra, az Istenf\u00e9l\u0151 magyar bor\u00e1szok munk\u00e1j\u00e1ra!&#8221; Tokaj a magyar himnusz harmadik str\u00f3f\u00e1j\u00e1ban is helyet kapott, ez\u00e9rt a korm\u00e1nybiztos nemzeti im\u00e1ds\u00e1gunk eleg\u00e1ns nyomatait ny\u00fajtotta \u00e1t h\u00e1rom nyelven: a magyar mellett a Szentatya anyanyelv\u00e9n, spanyolul, valamint angol nyelv\u0171 ford\u00edt\u00e1sban.<\/p>\n<div class=\"o-widget m-readMoreWidget -readMore u-shortDecorLineAfter row widget-container _ce_measure_widget bigdata-widget read-more\" data-ce-measure-widget=\"olvass tov\u00e1bb\">\n\t<div class=\"m-readMoreWidget__imgWrapper image-wrapper col-12 col-md-4 no-p\">\n\t\t<a class=\"m-readMoreWidget__imgLink\" href=\"https:\/\/www.startlap.hu\/vasarlas\/karacsony-ajandek-retro-kviz\/\" >\n\t\t\t<img decoding=\"async\" src=\"https:\/\/www.startlap.hu\/vasarlas\/uploads\/2023\/12\/holdauto-350x285.jpg\" class=\"m-readMoreWidget__img\">\n\t\t<\/a>\n\t<\/div>\n\t<div class=\"m-readMoreWidget__titleWrapper title-wrapper col-12 col-md-8\">\n\t\t<span class=\"m-readMoreWidget__titleLabel u-shortDecorLineBefore label hidden-sm-up\">Ez is \u00e9rdekelhet:<\/span>\n\t\t<h3 class=\"m-readMoreWidget__title title\">\n\t\t\t<a class=\"m-readMoreWidget__titleLink -secondFont u-bold u-upperCase\" href=\"https:\/\/www.startlap.hu\/vasarlas\/karacsony-ajandek-retro-kviz\/\" >Retr\u00f3 kv\u00edz: h\u00e1ny kar\u00e1csonyi aj\u00e1nd\u00e9kot ismersz fel?<\/a>\n\t\t<\/h3>\n\t\t<a class=\"m-readMoreWidget__btn -coloredBack u-tC link\" href=\"https:\/\/www.startlap.hu\/vasarlas\/karacsony-ajandek-retro-kviz\/\" >Elolvasom<\/a>\n\t<\/div>\n<\/div>\n","protected":false},"excerpt":{"rendered":"<p>Apostoli \u00e1ld\u00e1s\u00e1t adta a Tokajira \u00e9s \u00e1ltal\u00e1ban a magyar borra Ferenc p\u00e1pa audiencia keretein bel\u00fcl.<\/p>\n","protected":false},"author":45,"featured_media":2243677,"comment_status":"closed","ping_status":"closed","sticky":false,"template":"","format":"standard","meta":{"footnotes":""},"categories":[8180],"tags":[979,140,10658],"class_list":["post-2243675","post","type-post","status-publish","format-standard","has-post-thumbnail","hentry","category-trending","tag-bor","tag-ferenc-papa","tag-tokaji"],"aioseo_notices":[],"_links":{"self":[{"href":"https:\/\/www.startlap.hu\/vasarlas\/wp-json\/wp\/v2\/posts\/2243675","targetHints":{"allow":["GET"]}}],"collection":[{"href":"https:\/\/www.startlap.hu\/vasarlas\/wp-json\/wp\/v2\/posts"}],"about":[{"href":"https:\/\/www.startlap.hu\/vasarlas\/wp-json\/wp\/v2\/types\/post"}],"author":[{"embeddable":true,"href":"https:\/\/www.startlap.hu\/vasarlas\/wp-json\/wp\/v2\/users\/45"}],"replies":[{"embeddable":true,"href":"https:\/\/www.startlap.hu\/vasarlas\/wp-json\/wp\/v2\/comments?post=2243675"}],"version-history":[{"count":2,"href":"https:\/\/www.startlap.hu\/vasarlas\/wp-json\/wp\/v2\/posts\/2243675\/revisions"}],"predecessor-version":[{"id":2243678,"href":"https:\/\/www.startlap.hu\/vasarlas\/wp-json\/wp\/v2\/posts\/2243675\/revisions\/2243678"}],"wp:featuredmedia":[{"embeddable":true,"href":"https:\/\/www.startlap.hu\/vasarlas\/wp-json\/wp\/v2\/media\/2243677"}],"wp:attachment":[{"href":"https:\/\/www.startlap.hu\/vasarlas\/wp-json\/wp\/v2\/media?parent=2243675"}],"wp:term":[{"taxonomy":"category","embeddable":true,"href":"https:\/\/www.startlap.hu\/vasarlas\/wp-json\/wp\/v2\/categories?post=2243675"},{"taxonomy":"post_tag","embeddable":true,"href":"https:\/\/www.startlap.hu\/vasarlas\/wp-json\/wp\/v2\/tags?post=2243675"}],"curies":[{"name":"wp","href":"https:\/\/api.w.org\/{rel}","templated":true}]}}