{"id":2243658,"date":"2023-12-27T12:37:36","date_gmt":"2023-12-27T11:37:36","guid":{"rendered":"https:\/\/www.startlap.hu\/vasarlas\/?p=2243658"},"modified":"2023-12-27T13:47:12","modified_gmt":"2023-12-27T12:47:12","slug":"szilveszter-tuzijatek-vasarlas-szabalyok-2023","status":"publish","type":"post","link":"https:\/\/www.startlap.hu\/vasarlas\/szilveszter-tuzijatek-vasarlas-szabalyok-2023\/","title":{"rendered":"K\u00f6z\u00f6lte a rend\u0151rs\u00e9g, mikort\u00f3l lehet t\u0171zij\u00e1t\u00e9kot v\u00e1s\u00e1rolni \u00e9s mik a szab\u00e1lyok"},"content":{"rendered":"<p><strong>Cs\u00fct\u00f6rt\u00f6kt\u0151l v\u00e1s\u00e1rolhat\u00f3k meg \u00e9s december 31-\u00e9n 18 \u00f3ra illetve janu\u00e1r 1-j\u00e9n reggel 6 \u00f3ra k\u00f6z\u00f6tt haszn\u00e1lhat\u00f3k fel az \u00fagynevezett 3. oszt\u00e1lyba sorolt t\u0171zij\u00e1t\u00e9kok, pirotechnikai eszk\u00f6z\u00f6k<\/strong> &#8211; k\u00f6z\u00f6lte az Orsz\u00e1gos Rend\u0151r-f\u0151kapit\u00e1nys\u00e1g (ORFK) a rend\u0151rs\u00e9g honlapj\u00e1n szerd\u00e1n.<\/p>\n<p>A fel nem haszn\u00e1lt, 3. pirotechnikai oszt\u00e1lyba tartoz\u00f3, illetve b\u00e1rmely hib\u00e1s vagy lej\u00e1rt szavatoss\u00e1g\u00fa term\u00e9ket szilvesztert k\u00f6vet\u0151en \u00f6t napon bel\u00fcl a forgalmaz\u00f3nak vissza kell vinni, amelyet k\u00f6teles t\u00e9r\u00edt\u00e9smentesen visszavenni &#8211; tartalmazza a k\u00f6zlem\u00e9ny.<\/p>\n<p>&#8222;A pirotechnika nem j\u00e1t\u00e9k! Legyen k\u00f6r\u00fcltekint\u0151, hogy hol \u00e9s mit v\u00e1s\u00e1rol! Ha megvette, haszn\u00e1lja \u00e9sszel, biztons\u00e1gosan!&#8221; &#8211; fogalmazott az ORFK.<\/p>\n<figure id=\"attachment_2243660\" aria-describedby=\"caption-attachment-2243660\" style=\"width: 755px\" class=\"wp-caption alignnone\"><a href=\"https:\/\/www.startlap.hu\/vasarlas\/uploads\/2023\/12\/tuzijatek-scaled.jpg\"><img loading=\"lazy\" decoding=\"async\" class=\"size-article-size-large-image wp-image-2243660\" src=\"https:\/\/www.startlap.hu\/vasarlas\/uploads\/2023\/12\/tuzijatek-755x503.jpg\" alt=\"Az 1. \u00e9s 2. pirotechnikai oszt\u00e1lyba sorolt t\u0171zij\u00e1t\u00e9kok egy gy\u00e1li \u00fczletben 2022. december 28-\u00e1n.\" width=\"755\" height=\"503\" srcset=\"https:\/\/www.startlap.hu\/vasarlas\/uploads\/2023\/12\/tuzijatek-755x503.jpg 755w, https:\/\/www.startlap.hu\/vasarlas\/uploads\/2023\/12\/tuzijatek-1536x1024.jpg 1536w, https:\/\/www.startlap.hu\/vasarlas\/uploads\/2023\/12\/tuzijatek-2048x1365.jpg 2048w, https:\/\/www.startlap.hu\/vasarlas\/uploads\/2023\/12\/tuzijatek-525x350.jpg 525w\" sizes=\"auto, (max-width: 755px) 100vw, 755px\" \/><\/a><figcaption id=\"caption-attachment-2243660\" class=\"wp-caption-text\">Az 1. \u00e9s 2. pirotechnikai oszt\u00e1lyba sorolt t\u0171zij\u00e1t\u00e9kok egy gy\u00e1li \u00fczletben 2022. december 28-\u00e1n. Fot\u00f3: MTI\/Kosztics\u00e1k Szil\u00e1rd<\/figcaption><\/figure>\n<p>Mint \u00edrt\u00e1k: m\u00edg az 1. \u00e9s 2. pirotechnikai oszt\u00e1lyba sorolt t\u0171zij\u00e1t\u00e9kokhoz eg\u00e9sz \u00e9vben hozz\u00e1 lehet jutni, a 3. oszt\u00e1lyba sorolt term\u00e9kek csak december 28. \u00e9s 31. k\u00f6z\u00f6tt v\u00e1s\u00e1rolhat\u00f3k meg. Ugyanakkor, a professzion\u00e1lis, 4. pirotechnikai oszt\u00e1lyba tartoz\u00f3 term\u00e9keket ebben az id\u0151szakban is csak szakk\u00e9pzett pirotechnikus v\u00e1s\u00e1rolhatja meg \u00e9rv\u00e9nyes felhaszn\u00e1l\u00e1si enged\u00e9ly birtok\u00e1ban.<\/p>\n<p>Az 1. pirotechnikai oszt\u00e1lyba tartoz\u00f3 term\u00e9keket 14, a 2. oszt\u00e1lyba tartoz\u00f3 term\u00e9keket 16 \u00e9ves kort\u00f3l lehet megv\u00e1s\u00e1rolni \u00e9s haszn\u00e1lni, m\u00edg a 3. oszt\u00e1lyba tartoz\u00f3kat csak nagykor\u00faak vehetik meg &#8211; tett\u00e9k hozz\u00e1.<\/p>\n<p>Figyelmeztettek arra, hogy pirotechnikai term\u00e9ket mindenki csak m\u0171k\u00f6d\u00e9si enged\u00e9llyel rendelkez\u0151 \u00e1rust\u00f3l v\u00e1s\u00e1roljon, mert ez a garancia arra, hogy az \u00e1rus\u00edt\u00f3 hely megfelel az el\u0151\u00edrt felt\u00e9teleknek, illetve a term\u00e9k bevizsg\u00e1lt.<\/p>\n<blockquote class=\"article__extraTxt\"><p>&nbsp;&#8222;Ne v\u00e1s\u00e1roljon illeg\u00e1lis \u00e1rust\u00f3l, mert ezzel saj\u00e1t \u00e9s m\u00e1sok testi \u00e9ps\u00e9g\u00e9t is vesz\u00e9lyezteti!&#8221;<\/p><\/blockquote>\n<p>&#8211; f\u0171zt\u00e9k hozz\u00e1.<\/p>\n<p>Ismertet\u00e9s\u00fck szerint a leg\u00e1lisan forgalmazott pirotechnikai term\u00e9k felirata magyar nyelv\u0171, k\u00f6z\u00e9rthet\u0151 haszn\u00e1lati \u00e9s kezel\u00e9si \u00fatmutat\u00f3t tartalmaz.<\/p>\n<p>Arra is felh\u00edvt\u00e1k a figyelmet, hogy tov\u00e1bbra is tilos pet\u00e1rd\u00e1t birtokolni \u00e9s felhaszn\u00e1lni. Aki a tilalom ellen\u00e9re pet\u00e1rd\u00e1zik, szab\u00e1lys\u00e9rt\u00e9st k\u00f6vet el \u00e9s 150 ezer forintig terjed\u0151 p\u00e9nzb\u00edrs\u00e1ggal s\u00fajthat\u00f3. A felrobban\u00f3 pet\u00e1rda rendk\u00edv\u00fcl s\u00falyos, ak\u00e1r maradand\u00f3 s\u00e9r\u00fcl\u00e9st, a v\u00e9gtagok roncsol\u00f3d\u00e1s\u00e1t, csonkol\u00f3d\u00e1s\u00e1t, a hall\u00e1s tart\u00f3s k\u00e1rosod\u00e1s\u00e1t is okozhatja &#8211; olvashat\u00f3 az ORFK k\u00f6zlem\u00e9ny\u00e9ben.<\/p>\n<h2>OKF: ablakb\u00f3l, erk\u00e9lyr\u0151l senki ne ind\u00edtson t\u0171zij\u00e1t\u00e9kot!<\/h2>\n<p><strong>A szilveszteri t\u0171zij\u00e1t\u00e9kokat nem szabad a h\u00e1zak, k\u00fcl\u00f6n\u00f6sen a t\u00e1rsash\u00e1zak ablak\u00e1b\u00f3l vagy erk\u00e9ly\u00e9r\u0151l ind\u00edtani, mert ez rendk\u00edv\u00fcl t\u0171z- \u00e9s balesetvesz\u00e9lyes<\/strong> &#8211; figyelmeztetett az Orsz\u00e1gos Katasztr\u00f3fav\u00e9delmi F\u0151igazgat\u00f3s\u00e1g (OKF) sz\u00f3viv\u0151je az MTI-hez eljuttatott szerdai k\u00f6zlem\u00e9ny\u00e9ben.<\/p>\n<p><strong>Mukics D\u00e1niel<\/strong> hozz\u00e1tette: tavaly szilveszterkor 37 t\u0171z keletkezett t\u0171zij\u00e1t\u00e9kok haszn\u00e1lata sor\u00e1n. Volt, ahol \u00e9p\u00fclet vagy aut\u00f3 gyulladt ki a pirotechnikai term\u00e9kek miatt, de legt\u00f6bbsz\u00f6r tuj\u00e1k, kuk\u00e1k \u00e9s t\u0171zij\u00e1t\u00e9k \u00e9g\u0151 maradv\u00e1nyaihoz riasztott\u00e1k a t\u0171zolt\u00f3kat.<\/p>\n<p>A szilveszteri t\u0171zij\u00e1t\u00e9kokat december 28. \u00e9s 31. k\u00f6z\u00f6tt lehet megv\u00e1s\u00e1rolni az erre kijel\u00f6lt leg\u00e1lis \u00e1rus\u00edt\u00f3helyeken,<\/p>\n<blockquote class=\"article__extraTxt\"><p>jellemz\u0151en pl\u00e1z\u00e1k, nagyobb \u00fczletek parkol\u00f3iban fel\u00e1ll\u00edtott kont\u00e9nerekben, amelyeket a katasztr\u00f3fav\u00e9delem is ellen\u0151riz.<\/p><\/blockquote>\n<p>Mukics D\u00e1niel fontosnak nevezte, hogy a t\u0171zij\u00e1t\u00e9kokat biztons\u00e1gos t\u00e1vols\u00e1gra tegy\u00fck a f\u0171t\u0151eszk\u00f6zt\u0151l, a t\u0171zhelyt\u0151l, mert h\u0151 hat\u00e1s\u00e1ra id\u0151 el\u0151tt m\u0171k\u00f6d\u00e9sbe l\u00e9phetnek, tov\u00e1bb\u00e1 ne t\u00e1roljuk egy\u00fctt m\u00e1s \u00e9ghet\u0151 anyagokkal. Olyan helyre z\u00e1rjuk el ezeket, ahol nem \u00e9ri napf\u00e9ny, p\u00e1ra, v\u00edz, \u00e9s a gyermekek, h\u00e1zi\u00e1llatok sem f\u00e9rhetnek hozz\u00e1 &#8211; k\u00e9rte a sz\u00f3viv\u0151.<\/p>\n<p>Arra is kit\u00e9rt, hogy ha valamelyik t\u0171zij\u00e1t\u00e9k vizes lett, azt m\u00e9g a megsz\u00e1rad\u00e1sa ut\u00e1n se haszn\u00e1ljuk, mert nem biztons\u00e1gos a m\u0171k\u00f6dtet\u00e9se. Az elhaszn\u00e1lt t\u0171zij\u00e1t\u00e9kok forr\u00f3 maradv\u00e1nyait csak kih\u0171l\u00e9s\u00fck ut\u00e1n dobjuk a kuk\u00e1ba, mert gyakran emiatt gyulladnak meg kuk\u00e1k, a kuk\u00e1khoz k\u00f6zel \u00e1ll\u00f3 aut\u00f3k, \u00e9p\u00fcletek.<\/p>\n<p>Szilveszter \u00e9jjel &#8211; az \u00e9v t\u00f6bbi napj\u00e1hoz hasonl\u00f3an &#8211; k\u00e9tezer t\u0171zolt\u00f3 lesz k\u00e9szenl\u00e9tben \u00f6tsz\u00e1z j\u00e1rm\u0171vel. A katasztr\u00f3fav\u00e9delem azt k\u00e9ri, hogy ha valaki t\u00fczet, bajba jutott embert, \u00e1llatot l\u00e1t, akkor h\u00edvja a 112-es seg\u00e9lyh\u00edv\u00f3 sz\u00e1mot.<\/p>\n<p>(MTI)<\/p>\n<div class=\"o-widget m-readMoreWidget -readMore u-shortDecorLineAfter row widget-container _ce_measure_widget bigdata-widget read-more\" data-ce-measure-widget=\"olvass tov\u00e1bb\">\n\t<div class=\"m-readMoreWidget__imgWrapper image-wrapper col-12 col-md-4 no-p\">\n\t\t<a class=\"m-readMoreWidget__imgLink\" href=\"https:\/\/www.startlap.hu\/vasarlas\/akcio-virsli-aldi-auchan-interspar-tesco\/\" >\n\t\t\t<img decoding=\"async\" src=\"https:\/\/www.startlap.hu\/vasarlas\/uploads\/2023\/12\/virsli-350x285.jpg\" class=\"m-readMoreWidget__img\">\n\t\t<\/a>\n\t<\/div>\n\t<div class=\"m-readMoreWidget__titleWrapper title-wrapper col-12 col-md-8\">\n\t\t<span class=\"m-readMoreWidget__titleLabel u-shortDecorLineBefore label hidden-sm-up\">Ez is \u00e9rdekelhet:<\/span>\n\t\t<h3 class=\"m-readMoreWidget__title title\">\n\t\t\t<a class=\"m-readMoreWidget__titleLink -secondFont u-bold u-upperCase\" href=\"https:\/\/www.startlap.hu\/vasarlas\/akcio-virsli-aldi-auchan-interspar-tesco\/\" >Bezuhant a virsli \u00e1ra a boltokban &#8211; a legjobb akci\u00f3k a h\u00e9ten<\/a>\n\t\t<\/h3>\n\t\t<a class=\"m-readMoreWidget__btn -coloredBack u-tC link\" href=\"https:\/\/www.startlap.hu\/vasarlas\/akcio-virsli-aldi-auchan-interspar-tesco\/\" >Elolvasom<\/a>\n\t<\/div>\n<\/div>\n","protected":false},"excerpt":{"rendered":"<p>A szilveszteri t\u0171zij\u00e1t\u00e9koz\u00e1s keretek k\u00f6z\u00f6tt megengedett, pet\u00e1rd\u00e1zni azonban tov\u00e1bbra is tilos: aki megszegi a szab\u00e1lyokat, 150 ezer forintig terjed\u0151 p\u00e9nzb\u00edrs\u00e1ggal s\u00fajthat\u00f3. <\/p>\n","protected":false},"author":45,"featured_media":2243660,"comment_status":"closed","ping_status":"closed","sticky":false,"template":"","format":"standard","meta":{"footnotes":""},"categories":[8180],"tags":[3792,497,847],"class_list":["post-2243658","post","type-post","status-publish","format-standard","has-post-thumbnail","hentry","category-trending","tag-szabalyok","tag-szilveszter","tag-tuzijatek"],"aioseo_notices":[],"_links":{"self":[{"href":"https:\/\/www.startlap.hu\/vasarlas\/wp-json\/wp\/v2\/posts\/2243658","targetHints":{"allow":["GET"]}}],"collection":[{"href":"https:\/\/www.startlap.hu\/vasarlas\/wp-json\/wp\/v2\/posts"}],"about":[{"href":"https:\/\/www.startlap.hu\/vasarlas\/wp-json\/wp\/v2\/types\/post"}],"author":[{"embeddable":true,"href":"https:\/\/www.startlap.hu\/vasarlas\/wp-json\/wp\/v2\/users\/45"}],"replies":[{"embeddable":true,"href":"https:\/\/www.startlap.hu\/vasarlas\/wp-json\/wp\/v2\/comments?post=2243658"}],"version-history":[{"count":4,"href":"https:\/\/www.startlap.hu\/vasarlas\/wp-json\/wp\/v2\/posts\/2243658\/revisions"}],"predecessor-version":[{"id":2243662,"href":"https:\/\/www.startlap.hu\/vasarlas\/wp-json\/wp\/v2\/posts\/2243658\/revisions\/2243662"}],"wp:featuredmedia":[{"embeddable":true,"href":"https:\/\/www.startlap.hu\/vasarlas\/wp-json\/wp\/v2\/media\/2243660"}],"wp:attachment":[{"href":"https:\/\/www.startlap.hu\/vasarlas\/wp-json\/wp\/v2\/media?parent=2243658"}],"wp:term":[{"taxonomy":"category","embeddable":true,"href":"https:\/\/www.startlap.hu\/vasarlas\/wp-json\/wp\/v2\/categories?post=2243658"},{"taxonomy":"post_tag","embeddable":true,"href":"https:\/\/www.startlap.hu\/vasarlas\/wp-json\/wp\/v2\/tags?post=2243658"}],"curies":[{"name":"wp","href":"https:\/\/api.w.org\/{rel}","templated":true}]}}