{"id":2243278,"date":"2023-12-25T12:45:03","date_gmt":"2023-12-25T11:45:03","guid":{"rendered":"https:\/\/www.startlap.hu\/vasarlas\/?p=2243278"},"modified":"2024-01-10T13:14:31","modified_gmt":"2024-01-10T12:14:31","slug":"apple-vision-pro-billentyuzet","status":"publish","type":"post","link":"https:\/\/www.startlap.hu\/vasarlas\/apple-vision-pro-billentyuzet\/","title":{"rendered":"M\u00e1r tesztelik az Apple kivet\u00edtett, virtu\u00e1lis billenty\u0171zet\u00e9t"},"content":{"rendered":"<p>Id\u00e9n ny\u00e1ron, az Apple a virtu\u00e1lis fejleszt\u0151i konferenci\u00e1j\u00e1n jelentett\u00e9k be, hogy elk\u00e9sz\u00fclt az Apple Vision Pro, amivel az \u00f3ri\u00e1s <a href=\"https:\/\/www.startlap.hu\/vasarlas\/apple-pencil-ipad-arcsokkentes\/\" target=\"_blank\" rel=\"noopener noreferrer\">techc\u00e9g<\/a> bel\u00e9p a virtu\u00e1lis val\u00f3s\u00e1g piac\u00e1ra. A bemutatott eszk\u00f6zr\u0151l m\u00e1r akkor lehetett sejteni, hogy <strong>nagy el\u0151rel\u00e9p\u00e9s lesz a virtu\u00e1lis val\u00f3s\u00e1got kiterjeszt\u0151 szem\u00fcvegek ter\u00e9n<\/strong>, mint a mobiltelefonok eset\u00e9ben, amikor bemutatt\u00e1k az els\u0151 iPhone-t.<\/p>\n<p>A szem\u00fcveg forradalmi \u00faj\u00edt\u00e1sa, hogy nem csak az ujjakkal vagy a kezekkel, hanem <strong>szemmozgat\u00e1ssal is vez\u00e9relni lehet<\/strong>. Mindezek mellett hangalap\u00fa utas\u00edt\u00e1st is adhatunk, vagy <strong>csatlakoztathatunk bizonyos Bluetooth eszk\u00f6z\u00f6ket<\/strong>, mint p\u00e9ld\u00e1ul egeret vagy billenty\u0171zetet. A szem\u00fcveg \u00f6sszesen 12 be\u00e9p\u00edtett kamer\u00e1val rendelkezik, ezzel a virtu\u00e1lis t\u00e9rben k\u00e9pes lesz a felhaszn\u00e1l\u00f3 \u00f6sszes arcmimik\u00e1j\u00e1t megfigyelni \u00e9s azt egy az egyben megjelenteti a virtu\u00e1lis avataron.<\/p>\n<h2>A leveg\u0151ben g\u00e9pelhet\u00fcnk&nbsp;<\/h2>\n<p>A nemr\u00e9g bemutatott fejleszt\u00e9sek k\u00f6z\u00f6tt szerepel t\u00f6bbek k\u00f6z\u00f6tt egy virtu\u00e1lisan kivet\u00edthet\u0151 billenty\u0171zet. A <a href=\"https:\/\/designtaxi.com\/news\/425953\/See-What-Air-Typing-With-Apple-Vision-Pro-s-Floating-Keyboard-Is-Like\/\" target=\"_blank\" target=\"_blank\" rel=\"noopener noreferrer\">Designtaxi<\/a> \u00edr\u00e1sa szerint a felhaszn\u00e1l\u00f3nak ezzel lehet\u0151s\u00e9ge lesz, hogy a leveg\u0151ben g\u00e9pelve gyorsabban \u00edrjanak meg egy-egy \u00fczenetet.<\/p>\n<figure id=\"attachment_2243279\" aria-describedby=\"caption-attachment-2243279\" style=\"width: 755px\" class=\"wp-caption aligncenter\"><img loading=\"lazy\" decoding=\"async\" class=\"size-article-size-large-image wp-image-2243279\" src=\"https:\/\/www.startlap.hu\/vasarlas\/uploads\/2023\/12\/apple-virtualis-billentyuzet-755x448.jpg\" alt=\"Az Apple virtu\u00e1lis billenty\u0171zete\" width=\"755\" height=\"448\" srcset=\"https:\/\/www.startlap.hu\/vasarlas\/uploads\/2023\/12\/apple-virtualis-billentyuzet-755x448.jpg 755w, https:\/\/www.startlap.hu\/vasarlas\/uploads\/2023\/12\/apple-virtualis-billentyuzet-1536x912.jpg 1536w, https:\/\/www.startlap.hu\/vasarlas\/uploads\/2023\/12\/apple-virtualis-billentyuzet-2048x1216.jpg 2048w, https:\/\/www.startlap.hu\/vasarlas\/uploads\/2023\/12\/apple-virtualis-billentyuzet-590x350.jpg 590w\" sizes=\"auto, (max-width: 755px) 100vw, 755px\" \/><figcaption id=\"caption-attachment-2243279\" class=\"wp-caption-text\">Fot\u00f3: Apple.com<\/figcaption><\/figure>\n<p>Haszn\u00e1lata hasonl\u00edt a hagyom\u00e1nyos billenty\u0171zethez. Amikor lenyomnak egy karaktert, akkor <strong>a billenty\u0171zet benyom\u00f3dik \u00e9s hangot is kiad<\/strong>. Ezzel a felhaszn\u00e1l\u00f3 tudhatja, hogy a karakter bevitele sikeres volt. A kivet\u00edtett billenty\u0171zet m\u00e9g fejleszt\u00e9s alatt van, ami sor\u00e1n azt szeretn\u00e9k el\u00e9rni, hogy a g\u00e9pel\u00e9s t\u00e9nylegesen annyira val\u00f3s\u00e1gh\u0171en hasson, mint egy val\u00f3s\u00e1gos klaviat\u00far\u00e1n.<\/p>\n<p>A tesztel\u0151k szerint az Apple j\u00f3 \u00faton halad, \u00edgy nem kiz\u00e1rt, hogy a hagyom\u00e1nyos billenty\u0171zetet hamarosan f\u00e9lretehetik az Apple Vision Pro haszn\u00e1l\u00f3i.<\/p>\n<div class=\"o-widget m-readMoreWidget -readMore u-shortDecorLineAfter row widget-container _ce_measure_widget bigdata-widget read-more\" data-ce-measure-widget=\"olvass tov\u00e1bb\">\n\t<div class=\"m-readMoreWidget__imgWrapper image-wrapper col-12 col-md-4 no-p\">\n\t\t<a class=\"m-readMoreWidget__imgLink\" href=\"https:\/\/www.startlap.hu\/vasarlas\/ai-pin-mi-humane-megjelenes\/\" >\n\t\t\t<img decoding=\"async\" src=\"https:\/\/www.startlap.hu\/vasarlas\/uploads\/2023\/11\/ai-pin-keszulek-350x285.jpg\" class=\"m-readMoreWidget__img\">\n\t\t<\/a>\n\t<\/div>\n\t<div class=\"m-readMoreWidget__titleWrapper title-wrapper col-12 col-md-8\">\n\t\t<span class=\"m-readMoreWidget__titleLabel u-shortDecorLineBefore label hidden-sm-up\">Ez is \u00e9rdekelhet:<\/span>\n\t\t<h3 class=\"m-readMoreWidget__title title\">\n\t\t\t<a class=\"m-readMoreWidget__titleLink -secondFont u-bold u-upperCase\" href=\"https:\/\/www.startlap.hu\/vasarlas\/ai-pin-mi-humane-megjelenes\/\" >J\u00f6n az \u00fczletekbe a k\u00fcty\u00fc, ami lev\u00e1lthatja a mobilokat<\/a>\n\t\t<\/h3>\n\t\t<a class=\"m-readMoreWidget__btn -coloredBack u-tC link\" href=\"https:\/\/www.startlap.hu\/vasarlas\/ai-pin-mi-humane-megjelenes\/\" >Elolvasom<\/a>\n\t<\/div>\n<\/div>\n","protected":false},"excerpt":{"rendered":"<p>Az Apple Visual Pro egyenesen a j\u00f6v\u0151be rep\u00edt minket a nemr\u00e9g bemutatott, de m\u00e9g fejleszt\u00e9s alatt \u00e1ll\u00f3 funkci\u00f3kkal &#8211; ilyen p\u00e9ld\u00e1ul a leveg\u0151ben l\u00e9v\u0151 virtu\u00e1lis billenty\u0171zete.<\/p>\n","protected":false},"author":58,"featured_media":2243279,"comment_status":"closed","ping_status":"closed","sticky":false,"template":"","format":"standard","meta":{"footnotes":""},"categories":[8088],"tags":[3822,10800],"class_list":["post-2243278","post","type-post","status-publish","format-standard","has-post-thumbnail","hentry","category-kutyu","tag-apple","tag-billentyuzet"],"aioseo_notices":[],"_links":{"self":[{"href":"https:\/\/www.startlap.hu\/vasarlas\/wp-json\/wp\/v2\/posts\/2243278","targetHints":{"allow":["GET"]}}],"collection":[{"href":"https:\/\/www.startlap.hu\/vasarlas\/wp-json\/wp\/v2\/posts"}],"about":[{"href":"https:\/\/www.startlap.hu\/vasarlas\/wp-json\/wp\/v2\/types\/post"}],"author":[{"embeddable":true,"href":"https:\/\/www.startlap.hu\/vasarlas\/wp-json\/wp\/v2\/users\/58"}],"replies":[{"embeddable":true,"href":"https:\/\/www.startlap.hu\/vasarlas\/wp-json\/wp\/v2\/comments?post=2243278"}],"version-history":[{"count":4,"href":"https:\/\/www.startlap.hu\/vasarlas\/wp-json\/wp\/v2\/posts\/2243278\/revisions"}],"predecessor-version":[{"id":2243634,"href":"https:\/\/www.startlap.hu\/vasarlas\/wp-json\/wp\/v2\/posts\/2243278\/revisions\/2243634"}],"wp:featuredmedia":[{"embeddable":true,"href":"https:\/\/www.startlap.hu\/vasarlas\/wp-json\/wp\/v2\/media\/2243279"}],"wp:attachment":[{"href":"https:\/\/www.startlap.hu\/vasarlas\/wp-json\/wp\/v2\/media?parent=2243278"}],"wp:term":[{"taxonomy":"category","embeddable":true,"href":"https:\/\/www.startlap.hu\/vasarlas\/wp-json\/wp\/v2\/categories?post=2243278"},{"taxonomy":"post_tag","embeddable":true,"href":"https:\/\/www.startlap.hu\/vasarlas\/wp-json\/wp\/v2\/tags?post=2243278"}],"curies":[{"name":"wp","href":"https:\/\/api.w.org\/{rel}","templated":true}]}}