{"id":2242710,"date":"2023-12-04T12:44:41","date_gmt":"2023-12-04T11:44:41","guid":{"rendered":"https:\/\/www.startlap.hu\/vasarlas\/?p=2242710"},"modified":"2023-12-04T12:44:41","modified_gmt":"2023-12-04T11:44:41","slug":"karacsonyfa-mufenyo-vagott-fenyo-kornyezetbarat-2023","status":"publish","type":"post","link":"https:\/\/www.startlap.hu\/vasarlas\/karacsonyfa-mufenyo-vagott-fenyo-kornyezetbarat-2023\/","title":{"rendered":"M\u0171feny\u0151 vagy v\u00e1gott feny\u0151? Fontos t\u00e9vhitet oszlat el a szak\u00e9rt\u0151"},"content":{"rendered":"<p>A kar\u00e1csony legfontosabb d\u00edsze a<strong> feny\u0151fa<\/strong>, a t\u00f6k\u00e9leteset megtal\u00e1lni pedig legal\u00e1bb annyira embert pr\u00f3b\u00e1l\u00f3 feladat, mint v\u00e9gigcsin\u00e1lni az \u00fcnnepet an\u00e9lk\u00fcl, hogy felszedn\u00e9nk egy p\u00e1r kil\u00f3t. A m\u0171feny\u0151k \u00e9s a v\u00e1gott feny\u0151k k\u00f6z\u00f6tt r\u00e1ad\u00e1sul <a href=\"https:\/\/www.startlap.hu\/vasarlas\/karacsonyfa-araklucfenyo-ezustfenyo-nordmannfenyo\/\" target=\"_blank\" rel=\"noopener noreferrer\">az \u00e1rak tekintet\u00e9ben<\/a> nem is igaz\u00e1n lehet k\u00fcl\u00f6nbs\u00e9get tenni, hiszen nagyj\u00e1b\u00f3l ugyanolyan \u00e1rban kaphat\u00f3k.<\/p>\n<blockquote class=\"article__extraTxt\"><p>Ha a k\u00f6rnyezetv\u00e9delmet tartjuk szem el\u0151tt, akkor \u00e9rdemes a v\u00e1gott feny\u0151t v\u00e1lasztani,<\/p><\/blockquote>\n<p>m\u00e9g akkor is, ha els\u0151 pillanatra a m\u0171feny\u0151 t\u0171nik k\u00f6rnyezetk\u00edm\u00e9l\u0151nek.&nbsp;<\/p>\n<p><strong>Kov\u00e1cs Erik, a Kl\u00edmapolitikai Int\u00e9zet Kutat\u00f3ja<\/strong> az <a href=\"https:\/\/www.hirstart.hu\/site\/relocate.php?rssid=1516&amp;rsspid=3&amp;ctype=rss&amp;id=27496679&amp;chk=30ae23f601f5a6db66af73f0fb87b690&amp;url=https%3A%2F%2Finfostart.hu%2Feletmod%2F2023%2F12%2F04%2Fmufenyo-vagy-vagott-fenyo-itt-egy-fontos-tevhit\" target=\"_blank\" target=\"_blank\" rel=\"noopener noreferrer\">InfoR\u00e1di\u00f3nak<\/a> el\u00e1rulta, hogy a kar\u00e1csonyf\u00e1nak sz\u00e1nt feny\u0151ket az\u00e9rt \u00fcltetik \u00e9s nevelik hossz\u00fa \u00e9veken kereszt\u00fcl \u2013 ak\u00e1r 9-15 \u00e9vig is \u2013, hogy az majd egyszer valakinek az otthon\u00e1t d\u00edsz\u00edts\u00e9k. Az \u00e9l\u0151 feny\u0151f\u00e1k r\u00e1ad\u00e1sul a locsol\u00e1snak \u00e9s a megfelel\u0151 tr\u00e1gy\u00e1z\u00e1snak k\u00f6sz\u00f6nhet\u0151en jav\u00edtj\u00e1k a bioszf\u00e9r\u00e1t a k\u00fcl\u00f6nb\u00f6z\u0151 kertgazdas\u00e1gokban vagy feny\u0151iskol\u00e1kban. Ezek a f\u00e1k r\u00e1ad\u00e1sul kev\u00e9sb\u00e9 terhelik a kl\u00edm\u00e1t, egy feny\u0151 ugyanis ak\u00e1r 30-40 kilogramm sz\u00e9n-dioxidot is k\u00e9pes lenyelni, r\u00e1ad\u00e1sul sokf\u00e9lek\u00e9ppen \u00fajra lehet hasznos\u00edtani.<\/p>\n<figure id=\"attachment_2214659\" aria-describedby=\"caption-attachment-2214659\" style=\"width: 755px\" class=\"wp-caption alignnone\"><img loading=\"lazy\" decoding=\"async\" class=\"size-article-size-large-image wp-image-2214659\" src=\"https:\/\/www.startlap.hu\/vasarlas\/uploads\/2021\/12\/nordmann-fenyo-755x455.jpg\" alt=\"Feny\u0151f\u00e1k\" width=\"755\" height=\"455\" srcset=\"https:\/\/www.startlap.hu\/vasarlas\/uploads\/2021\/12\/nordmann-fenyo-755x455.jpg 755w, https:\/\/www.startlap.hu\/vasarlas\/uploads\/2021\/12\/nordmann-fenyo-581x350.jpg 581w, https:\/\/www.startlap.hu\/vasarlas\/uploads\/2021\/12\/nordmann-fenyo.jpg 1200w\" sizes=\"auto, (max-width: 755px) 100vw, 755px\" \/><figcaption id=\"caption-attachment-2214659\" class=\"wp-caption-text\">Getty Images<\/figcaption><\/figure>\n<p>Ezzel szemben <strong>a m\u0171feny\u0151k jellemz\u0151en a T\u00e1vol-Keleten k\u00e9sz\u00fclnek<\/strong>, r\u00e1ad\u00e1sul az elk\u00e9sz\u00edt\u00e9s\u00fck sor\u00e1n rengeteg k\u00e1ros anyag termel\u0151dik.&nbsp;<\/p>\n<blockquote class=\"article__extraTxt\"><p>A m\u0171feny\u0151 a gy\u00e1rt\u00e1sa \u00e9s a sz\u00e1ll\u00edt\u00e1sa alatt annyi \u00fcvegh\u00e1zhat\u00e1s\u00fa g\u00e1zt \u00e9s k\u00e1ros anyagot szabad\u00edt fel, mint amennyit egy \u00e9l\u0151 feny\u0151 50 \u00e9v alatt<\/p><\/blockquote>\n<p>-mondta a szak\u00e9rt\u0151. Ma m\u00e1r a legt\u00f6bb helyen v\u00e1s\u00e1rolhatunk f\u00f6ldlabd\u00e1s feny\u0151t is, ami tal\u00e1n a legjobb megold\u00e1s, de az \u00fcnnepek ut\u00e1n rendk\u00edv\u00fcli odafigyel\u00e9st ig\u00e9nyel.&nbsp;<\/p>\n<p>&#8211;<strong>Akinek van saj\u00e1t kertje \u00e9s megfelel\u0151en tudja gondozni, az v\u00e1laszthatja a f\u00f6ldlabd\u00e1s feny\u0151t<\/strong> is, de nagyon oda kell r\u00e1 figyelni, mert rendk\u00edv\u00fcl \u00e9rz\u00e9keny.<\/p>\n<div class=\"o-widget m-readMoreWidget -readMore u-shortDecorLineAfter row widget-container _ce_measure_widget bigdata-widget read-more\" data-ce-measure-widget=\"olvass tov\u00e1bb\">\n\t<div class=\"m-readMoreWidget__imgWrapper image-wrapper col-12 col-md-4 no-p\">\n\t\t<a class=\"m-readMoreWidget__imgLink\" href=\"https:\/\/www.startlap.hu\/vasarlas\/karacsonyfa-araklucfenyo-ezustfenyo-nordmannfenyo\/\" >\n\t\t\t<img decoding=\"async\" src=\"https:\/\/www.startlap.hu\/vasarlas\/uploads\/2023\/12\/karacsonyfa-vasar-350x285.jpg\" class=\"m-readMoreWidget__img\">\n\t\t<\/a>\n\t<\/div>\n\t<div class=\"m-readMoreWidget__titleWrapper title-wrapper col-12 col-md-8\">\n\t\t<span class=\"m-readMoreWidget__titleLabel u-shortDecorLineBefore label hidden-sm-up\">Ez is \u00e9rdekelhet:<\/span>\n\t\t<h3 class=\"m-readMoreWidget__title title\">\n\t\t\t<a class=\"m-readMoreWidget__titleLink -secondFont u-bold u-upperCase\" href=\"https:\/\/www.startlap.hu\/vasarlas\/karacsonyfa-araklucfenyo-ezustfenyo-nordmannfenyo\/\" >Elindult a kar\u00e1csonyfaszezon &#8211; ennyivel emelkedtek az \u00e1rak<\/a>\n\t\t<\/h3>\n\t\t<a class=\"m-readMoreWidget__btn -coloredBack u-tC link\" href=\"https:\/\/www.startlap.hu\/vasarlas\/karacsonyfa-araklucfenyo-ezustfenyo-nordmannfenyo\/\" >Elolvasom<\/a>\n\t<\/div>\n<\/div>\n","protected":false},"excerpt":{"rendered":"<p>\u00d6r\u00f6k dilemma, hogy m\u0171feny\u0151t vagy v\u00e1gottat v\u00e1lasszunk az \u00fcnnepekre, a k\u00e9rd\u00e9st pedig \u00e9rdemes k\u00f6rnyezetv\u00e9delmi szempontb\u00f3l is \u00e1tgondolni. <\/p>\n","protected":false},"author":54,"featured_media":2242711,"comment_status":"closed","ping_status":"closed","sticky":false,"template":"","format":"standard","meta":{"footnotes":""},"categories":[8180],"tags":[138,368,8703,18795],"class_list":["post-2242710","post","type-post","status-publish","format-standard","has-post-thumbnail","hentry","category-trending","tag-karacsony","tag-karacsonyfa","tag-mufenyo","tag-vagott-fenyo"],"aioseo_notices":[],"_links":{"self":[{"href":"https:\/\/www.startlap.hu\/vasarlas\/wp-json\/wp\/v2\/posts\/2242710","targetHints":{"allow":["GET"]}}],"collection":[{"href":"https:\/\/www.startlap.hu\/vasarlas\/wp-json\/wp\/v2\/posts"}],"about":[{"href":"https:\/\/www.startlap.hu\/vasarlas\/wp-json\/wp\/v2\/types\/post"}],"author":[{"embeddable":true,"href":"https:\/\/www.startlap.hu\/vasarlas\/wp-json\/wp\/v2\/users\/54"}],"replies":[{"embeddable":true,"href":"https:\/\/www.startlap.hu\/vasarlas\/wp-json\/wp\/v2\/comments?post=2242710"}],"version-history":[{"count":3,"href":"https:\/\/www.startlap.hu\/vasarlas\/wp-json\/wp\/v2\/posts\/2242710\/revisions"}],"predecessor-version":[{"id":2242714,"href":"https:\/\/www.startlap.hu\/vasarlas\/wp-json\/wp\/v2\/posts\/2242710\/revisions\/2242714"}],"wp:featuredmedia":[{"embeddable":true,"href":"https:\/\/www.startlap.hu\/vasarlas\/wp-json\/wp\/v2\/media\/2242711"}],"wp:attachment":[{"href":"https:\/\/www.startlap.hu\/vasarlas\/wp-json\/wp\/v2\/media?parent=2242710"}],"wp:term":[{"taxonomy":"category","embeddable":true,"href":"https:\/\/www.startlap.hu\/vasarlas\/wp-json\/wp\/v2\/categories?post=2242710"},{"taxonomy":"post_tag","embeddable":true,"href":"https:\/\/www.startlap.hu\/vasarlas\/wp-json\/wp\/v2\/tags?post=2242710"}],"curies":[{"name":"wp","href":"https:\/\/api.w.org\/{rel}","templated":true}]}}