{"id":2241461,"date":"2023-11-07T13:34:07","date_gmt":"2023-11-07T12:34:07","guid":{"rendered":"https:\/\/www.startlap.hu\/vasarlas\/?p=2241461"},"modified":"2024-01-10T12:58:05","modified_gmt":"2024-01-10T11:58:05","slug":"facebook-meta-instagram-fizetos-reklammentes-megjelenes","status":"publish","type":"post","link":"https:\/\/www.startlap.hu\/vasarlas\/facebook-meta-instagram-fizetos-reklammentes-megjelenes\/","title":{"rendered":"Magyarorsz\u00e1gra is meg\u00e9rkezett a fizet\u0151s Facebook \u00e9s Instagram"},"content":{"rendered":"<p>A Meta vezet\u0151je,&nbsp;<a href=\"https:\/\/www.startlap.hu\/vasarlas\/meta-threads-10-millio-mark-zuckerberg\/\" target=\"_blank\" rel=\"noopener noreferrer\"><strong>Mark Zuckerberg<\/strong><\/a> okt\u00f3ber v\u00e9g\u00e9n egy sajt\u00f3k\u00f6zlem\u00e9nyben&nbsp;<a href=\"https:\/\/www.startlap.hu\/vasarlas\/fizetos-facebook-instagram-meta-hirdetes-2023\/\" target=\"_blank\" rel=\"noopener noreferrer\">jelentette be<\/a>, hogy elind\u00edtja a saj\u00e1t oldalainak, teh\u00e1t a&nbsp;<strong>Facebooknak \u00e9s az Instagramnak a fizet\u0151s verzi\u00f3j\u00e1t<\/strong>. A befizetett \u00f6sszeg\u00e9rt cser\u00e9be teljesen hirdet\u00e9smentesen haszn\u00e1lhatjuk a k\u00e9t k\u00f6z\u00f6ss\u00e9gi oldalt.&nbsp;<\/p>\n<figure id=\"attachment_2234543\" aria-describedby=\"caption-attachment-2234543\" style=\"width: 755px\" class=\"wp-caption aligncenter\"><img loading=\"lazy\" decoding=\"async\" class=\"size-article-size-large-image wp-image-2234543\" src=\"https:\/\/www.startlap.hu\/vasarlas\/uploads\/2023\/05\/facebook-applikacio-mobil-755x503.jpg\" alt=\"A Facebook applik\u00e1ci\u00f3j\u00e1nak ikonja egy mobiltelefon k\u00e9perny\u0151j\u00e9n\" width=\"755\" height=\"503\" srcset=\"https:\/\/www.startlap.hu\/vasarlas\/uploads\/2023\/05\/facebook-applikacio-mobil-755x503.jpg 755w, https:\/\/www.startlap.hu\/vasarlas\/uploads\/2023\/05\/facebook-applikacio-mobil-525x350.jpg 525w, https:\/\/www.startlap.hu\/vasarlas\/uploads\/2023\/05\/facebook-applikacio-mobil.jpg 1200w\" sizes=\"auto, (max-width: 755px) 100vw, 755px\" \/><figcaption id=\"caption-attachment-2234543\" class=\"wp-caption-text\">Fot\u00f3: NurPhoto \/ AFP<\/figcaption><\/figure>\n<p>A Meta asztali b\u00f6ng\u00e9sz\u0151s Facebookja kedd reggel azzal fogadott t\u00f6bb hazai felhaszn\u00e1l\u00f3t, hogy d\u00f6nt\u00e9st kell hozniuk, hogyan haszn\u00e1lj\u00e1k a j\u00f6v\u0151ben a k\u00f6z\u00f6ss\u00e9gi oldalt &#8211; \u00edrja a <a href=\"https:\/\/www.hirstart.hu\/site\/relocate.php?rssid=375&amp;rsspid=3&amp;ctype=rss&amp;id=27300213&amp;chk=dc5b73f21ed719c726a392887455e66f&amp;url=https%3A%2F%2F24.hu%2Ftech%2F2023%2F11%2F07%2Fmegerkezett-a-fizetos-facebook-magyarorszagra%2F\" target=\"_blank\" target=\"_blank\" rel=\"noopener noreferrer\">24.hu<\/a>.<\/p>\n<blockquote class=\"article__extraTxt\"><p>Aki a rekl\u00e1mmentes verzi\u00f3t szeretn\u00e9 a tov\u00e1bbiakban haszn\u00e1lni, annak 9,99 eur\u00f3t (k\u00f6zel 4 ezer forintot) kell fizetnie, ha webes b\u00f6ng\u00e9sz\u0151b\u0151l fizet el\u0151.<\/p><\/blockquote>\n<p>A kor\u00e1bbi bejelent\u00e9s szerint, ha az el\u0151fizet\u00e9st az okostelefonok alkalmaz\u00e1sain kereszt\u00fcl ig\u00e9nyelj\u00fck, akkor <strong>13 eur\u00f3ba, vagyis k\u00f6r\u00fclbel\u00fcl \u00f6tezer forintba ker\u00fcl<\/strong>. Aki megig\u00e9nyli az el\u0151fizet\u00e9st, annak nem csak a Facebook, hanem a profilhoz csatolt Instagram fi\u00f3kja is rekl\u00e1mmentes lesz. Ez az extra viszont csak m\u00e1rciusig \u00e9l, onnant\u00f3l <strong>minden egyes csatolt profil\u00e9rt tov\u00e1bbi 6 eur\u00f3t<\/strong> kell fizetni asztali b\u00f6ng\u00e9sz\u0151b\u0151l. Mobiltelefonr\u00f3l ez az \u00f6sszeg szint\u00e9n dr\u00e1g\u00e1bb, 8 eur\u00f3 lesz.<\/p>\n<p><span class=\"highlight-block-small _ce_measure_widget\" data-ce-measure-widget=\"Kiemel\u00e9s - hossz\u00fa sz\u00f6veghez\">A Facebook term\u00e9szetesen tov\u00e1bbra is haszn\u00e1lhat\u00f3 az eddig megszokott m\u00f3don. Ez esetben viszont el kell fogadni, hogy <strong>a Meta felhaszn\u00e1lja a begy\u0171jt\u00f6tt adatainkat<\/strong> a hirdet\u00e9sek megjelen\u00edt\u00e9s\u00e9hez.<\/span><\/p>\n<h2>Az EU nincs kib\u00e9k\u00fclve ezzel a megold\u00e1ssal<\/h2>\n<div>\n<p>Az Eur\u00f3pai Adatv\u00e9delmi Test\u00fclet november elej\u00e9n elfogadta <a href=\"https:\/\/www.startlap.hu\/vasarlas\/fizetos-facebook-instagram-meta-hirdetes-2023\/\" target=\"_blank\" rel=\"noopener noreferrer\">azt a hat\u00e1rozatot<\/a>, amely <strong>megtiltja a Meta technol\u00f3giai nagyv\u00e1llalatnak, hogy a felhaszn\u00e1l\u00f3k szem\u00e9lyes adatait vegye ig\u00e9nybe<\/strong> a c\u00e9lzott hirdet\u00e9sekhez.<\/p>\n<p>A d\u00f6nt\u00e9s azut\u00e1n sz\u00fcletett, hogy a Meta h\u00e9tf\u0151n k\u00f6z\u00f6lte: a Facebook \u00e9s az Instagram k\u00f6z\u00f6ss\u00e9gi platform eur\u00f3pai felhaszn\u00e1l\u00f3i novembert\u0151l kezdve el\u0151fizet\u00e9st v\u00e1s\u00e1rolhatnak a h\u00e1l\u00f3zatok hirdet\u00e9s n\u00e9lk\u00fcli haszn\u00e1lat\u00e1ra.<\/p>\n<p>A k\u00f6telez\u0151 erej\u0171 hat\u00e1rozat \u00e9rtelm\u00e9ben s\u00falyos b\u00edrs\u00e1gok v\u00e1rnak a nagyv\u00e1llalatra, amennyiben nem tesz eleget a k\u00f6telezetts\u00e9g\u00e9nek.<\/p>\n<div class=\"o-widget m-readMoreWidget -readMore u-shortDecorLineAfter row widget-container _ce_measure_widget bigdata-widget read-more\" data-ce-measure-widget=\"olvass tov\u00e1bb\">\n\t<div class=\"m-readMoreWidget__imgWrapper image-wrapper col-12 col-md-4 no-p\">\n\t\t<a class=\"m-readMoreWidget__imgLink\" href=\"https:\/\/www.startlap.hu\/vasarlas\/facebook-adathalasz-csanyi-sandor-otp\/\" >\n\t\t\t<img decoding=\"async\" src=\"https:\/\/www.startlap.hu\/vasarlas\/uploads\/2023\/11\/068_AA_21092023_1350477-350x285.jpg\" class=\"m-readMoreWidget__img\">\n\t\t<\/a>\n\t<\/div>\n\t<div class=\"m-readMoreWidget__titleWrapper title-wrapper col-12 col-md-8\">\n\t\t<span class=\"m-readMoreWidget__titleLabel u-shortDecorLineBefore label hidden-sm-up\">Ez is \u00e9rdekelhet:<\/span>\n\t\t<h3 class=\"m-readMoreWidget__title title\">\n\t\t\t<a class=\"m-readMoreWidget__titleLink -secondFont u-bold u-upperCase\" href=\"https:\/\/www.startlap.hu\/vasarlas\/facebook-adathalasz-csanyi-sandor-otp\/\" >Vesz\u00e9lyes hirdet\u00e9sek terjednek a Facebookon<\/a>\n\t\t<\/h3>\n\t\t<a class=\"m-readMoreWidget__btn -coloredBack u-tC link\" href=\"https:\/\/www.startlap.hu\/vasarlas\/facebook-adathalasz-csanyi-sandor-otp\/\" >Elolvasom<\/a>\n\t<\/div>\n<\/div>\n<\/div>\n","protected":false},"excerpt":{"rendered":"<p>A hazai felhaszn\u00e1l\u00f3k egy r\u00e9sz\u00e9t kedden azzal fogadta a Facebook, hogy v\u00e1laszthatnak az ingyenes \u00e9s a rekl\u00e1mmentes, de fizet\u0151s verzi\u00f3 k\u00f6z\u00fcl.<\/p>\n","protected":false},"author":58,"featured_media":2234543,"comment_status":"closed","ping_status":"closed","sticky":false,"template":"","format":"standard","meta":{"footnotes":""},"categories":[8180],"tags":[933,16040],"class_list":["post-2241461","post","type-post","status-publish","format-standard","has-post-thumbnail","hentry","category-trending","tag-facebook","tag-meta"],"aioseo_notices":[],"_links":{"self":[{"href":"https:\/\/www.startlap.hu\/vasarlas\/wp-json\/wp\/v2\/posts\/2241461","targetHints":{"allow":["GET"]}}],"collection":[{"href":"https:\/\/www.startlap.hu\/vasarlas\/wp-json\/wp\/v2\/posts"}],"about":[{"href":"https:\/\/www.startlap.hu\/vasarlas\/wp-json\/wp\/v2\/types\/post"}],"author":[{"embeddable":true,"href":"https:\/\/www.startlap.hu\/vasarlas\/wp-json\/wp\/v2\/users\/58"}],"replies":[{"embeddable":true,"href":"https:\/\/www.startlap.hu\/vasarlas\/wp-json\/wp\/v2\/comments?post=2241461"}],"version-history":[{"count":8,"href":"https:\/\/www.startlap.hu\/vasarlas\/wp-json\/wp\/v2\/posts\/2241461\/revisions"}],"predecessor-version":[{"id":2241485,"href":"https:\/\/www.startlap.hu\/vasarlas\/wp-json\/wp\/v2\/posts\/2241461\/revisions\/2241485"}],"wp:featuredmedia":[{"embeddable":true,"href":"https:\/\/www.startlap.hu\/vasarlas\/wp-json\/wp\/v2\/media\/2234543"}],"wp:attachment":[{"href":"https:\/\/www.startlap.hu\/vasarlas\/wp-json\/wp\/v2\/media?parent=2241461"}],"wp:term":[{"taxonomy":"category","embeddable":true,"href":"https:\/\/www.startlap.hu\/vasarlas\/wp-json\/wp\/v2\/categories?post=2241461"},{"taxonomy":"post_tag","embeddable":true,"href":"https:\/\/www.startlap.hu\/vasarlas\/wp-json\/wp\/v2\/tags?post=2241461"}],"curies":[{"name":"wp","href":"https:\/\/api.w.org\/{rel}","templated":true}]}}