{"id":2240528,"date":"2023-10-13T19:37:03","date_gmt":"2023-10-13T17:37:03","guid":{"rendered":"https:\/\/www.startlap.hu\/vasarlas\/?p=2240528"},"modified":"2023-10-13T19:37:03","modified_gmt":"2023-10-13T17:37:03","slug":"pentek-13-repulojegy-repules","status":"publish","type":"post","link":"https:\/\/www.startlap.hu\/vasarlas\/pentek-13-repulojegy-repules\/","title":{"rendered":"T\u00e9nyleg olcs\u00f3bb rep\u00fclni p\u00e9ntek 13-\u00e1n?"},"content":{"rendered":"<p>Az idei \u00e9v els\u0151 olyan tizenharmadik\u00e1j\u00e1n, ami p\u00e9ntekre esett, a Kayak utaz\u00e1si keres\u0151motor szignifik\u00e1ns k\u00fcl\u00f6nbs\u00e9get mutatott az \u00e1rak ter\u00e9n.<\/p>\n<blockquote class=\"article__extraTxt\"><p>Az Eur\u00f3p\u00e1ba ir\u00e1nyul\u00f3 j\u00e1ratok k\u00f6r\u00fclbel\u00fcl 39 sz\u00e1zal\u00e9kkal, az Egyes\u00fclt Kir\u00e1lys\u00e1gon bel\u00fcli j\u00e1ratok pedig nagyj\u00e1b\u00f3l 19 sz\u00e1zal\u00e9kkal voltak olcs\u00f3bbak<\/p><\/blockquote>\n<p>&#8211; \u00edrja az <a href=\"https:\/\/www.euronews.com\/travel\/2023\/10\/13\/very-superstitious-flight-prices-plummet-on-friday-13th-travel-search-engine-reveals\" target=\"_blank\" target=\"_blank\" rel=\"noopener noreferrer\"><strong>Euronews<\/strong><\/a>.&nbsp;<\/p>\n<p>Annak ellen\u00e9re volt ez az egyik legkedvez\u0151bb \u00e1rfekv\u00e9s\u0171 nap az utazni v\u00e1gy\u00f3k sz\u00e1m\u00e1ra, hogy ez a d\u00e1tum a Kayak egyik legt\u00f6bbet keresett p\u00e9nteki napja volt az \u00e9vben. A Kayak szerint ez annak tudhat\u00f3 be, hogy <strong>a l\u00e9git\u00e1rsas\u00e1gok \u00e9s az utaz\u00e1si szolg\u00e1ltat\u00f3k m\u00e1r el\u0151re k\u00e9sz\u00fclnek a hiedelmek keresletcs\u00f6kkent\u0151 hat\u00e1s\u00e1ra<\/strong>. Egyes l\u00e9git\u00e1rsas\u00e1gok, k\u00f6zt\u00fck a KLM, a Ryanair \u00e9s a Lufthansa m\u00e9g a 13-as sz\u00e1mot is kihagyj\u00e1k a rep\u00fcl\u0151g\u00e9pek \u00fcl\u00e9ssorainak jel\u00f6l\u00e9sekor.<\/p>\n<blockquote><p>Ha nem vagy babon\u00e1s, megtakar\u00edt\u00e1st \u00e9rhetsz el, ha p\u00e9ntek 13-\u00e1n utazol<\/p><\/blockquote>\n<p>&#8211; fogalmazott <strong>Laure Bornet<\/strong>, a Kayak aleln\u00f6ke.<\/p>\n<figure id=\"attachment_2240529\" aria-describedby=\"caption-attachment-2240529\" style=\"width: 755px\" class=\"wp-caption alignnone\"><img loading=\"lazy\" decoding=\"async\" class=\"size-article-size-large-image wp-image-2240529\" src=\"https:\/\/www.startlap.hu\/vasarlas\/uploads\/2023\/10\/075_szentgallay-notitle231004_nprbw-755x502.jpg\" alt=\"\" width=\"755\" height=\"502\" srcset=\"https:\/\/www.startlap.hu\/vasarlas\/uploads\/2023\/10\/075_szentgallay-notitle231004_nprbw-755x502.jpg 755w, https:\/\/www.startlap.hu\/vasarlas\/uploads\/2023\/10\/075_szentgallay-notitle231004_nprbw-250x165.jpg 250w, https:\/\/www.startlap.hu\/vasarlas\/uploads\/2023\/10\/075_szentgallay-notitle231004_nprbw-526x350.jpg 526w, https:\/\/www.startlap.hu\/vasarlas\/uploads\/2023\/10\/075_szentgallay-notitle231004_nprbw.jpg 1024w\" sizes=\"auto, (max-width: 755px) 100vw, 755px\" \/><figcaption id=\"caption-attachment-2240529\" class=\"wp-caption-text\">Fot\u00f3: AFP<\/figcaption><\/figure>\n<h2>K\u00f6zel egy \u00e9vet kell v\u00e1rni a k\u00f6vetkez\u0151 p\u00e9ntek 13-\u00e1ra<\/h2>\n<p>Ezen a p\u00e9nteken m\u00e1r nyilv\u00e1n nem utazol sehov\u00e1 rep\u00fcl\u0151vel, de a j\u00f3 h\u00edr az, hogy j\u00f6v\u0151re ism\u00e9t kett\u0151 tizenharmadikai p\u00e9nteknek n\u00e9z\u00fcnk el\u00e9be.<\/p>\n<blockquote class=\"article__extraTxt\"><p>Szeptemberben \u00e9s decemberben is izgulhatnak a babon\u00e1sok \u00e9s \u00f6r\u00fclhetnek a j\u00f3 \u00e1ron utazni v\u00e1gy\u00f3k.<\/p><\/blockquote>\n<h2>\u00c1ltal\u00e1ban a h\u00e9t k\u00f6zep\u00e9n a legolcs\u00f3bbak a jegyek<\/h2>\n<p>A p\u00e9ntek a legn\u00e9pszer\u0171bb utaz\u00e1si napok k\u00f6z\u00e9 tartozik, a n\u00f6vekv\u0151 kereslet pedig a magasabb \u00e1rakban is megmutatkozik. F\u0151 szab\u00e1ly szerint a h\u00e9t k\u00f6zep\u00e9re es\u0151 napokon lehet t\u00f6bbet sp\u00f3rolni, ugyanakkor ett\u0151l term\u00e9szetesen elt\u00e9r\u00e9sek is tapasztalhat\u00f3k, \u00edgy akinek nem sz\u00e1m\u00edt a d\u00e1tum, val\u00f3j\u00e1ban <strong>\u00e9rdemes a h\u00e9t minden napj\u00e1t megn\u00e9znie amikor rep\u00fcl\u0151jegyet keres<\/strong>.<\/p>\n<h2>T\u00e9nyleg balszerencs\u00e9vel j\u00e1r p\u00e9ntek 13-\u00e1n utazni?<\/h2>\n<p>A helyzet az, hogy nem, s\u0151t.&nbsp;Az Aviation Safety Network 2013-ban v\u00e9gzett statisztikai elemz\u00e9se szerint val\u00f3j\u00e1ban biztons\u00e1gosabb is lehet.<\/p>\n<blockquote class=\"article__extraTxt\"><p>P\u00e9ntek 13-\u00e1n a hal\u00e1los balesetek \u00e1tlagos sz\u00e1ma 0,067 volt naponta, szemben a t\u00f6bbi napon bek\u00f6vetkez\u0151 0,091-gyel.<\/p><\/blockquote>\n<div class=\"o-widget m-readMoreWidget -readMore u-shortDecorLineAfter row widget-container _ce_measure_widget bigdata-widget read-more\" data-ce-measure-widget=\"olvass tov\u00e1bb\">\n\t<div class=\"m-readMoreWidget__imgWrapper image-wrapper col-12 col-md-4 no-p\">\n\t\t<a class=\"m-readMoreWidget__imgLink\" href=\"https:\/\/www.startlap.hu\/vasarlas\/idojaras-nyar-tel-evszakok-vasarlas-fogyasztas-pszichologia-2023\/\" >\n\t\t\t<img decoding=\"async\" src=\"https:\/\/www.startlap.hu\/vasarlas\/uploads\/2021\/10\/online_rendeles_brexit-350x285.jpg\" class=\"m-readMoreWidget__img\">\n\t\t<\/a>\n\t<\/div>\n\t<div class=\"m-readMoreWidget__titleWrapper title-wrapper col-12 col-md-8\">\n\t\t<span class=\"m-readMoreWidget__titleLabel u-shortDecorLineBefore label hidden-sm-up\">Ez is \u00e9rdekelhet:<\/span>\n\t\t<h3 class=\"m-readMoreWidget__title title\">\n\t\t\t<a class=\"m-readMoreWidget__titleLink -secondFont u-bold u-upperCase\" href=\"https:\/\/www.startlap.hu\/vasarlas\/idojaras-nyar-tel-evszakok-vasarlas-fogyasztas-pszichologia-2023\/\" >Meglep\u0151 dolgok, amikre ny\u00e1ron sokkal t\u00f6bbet k\u00f6lt\u00fcnk &#8211; A fogyaszt\u00e1s pszichol\u00f3gi\u00e1ja<\/a>\n\t\t<\/h3>\n\t\t<a class=\"m-readMoreWidget__btn -coloredBack u-tC link\" href=\"https:\/\/www.startlap.hu\/vasarlas\/idojaras-nyar-tel-evszakok-vasarlas-fogyasztas-pszichologia-2023\/\" >Elolvasom<\/a>\n\t<\/div>\n<\/div>\n","protected":false},"excerpt":{"rendered":"<p>A babon\u00e1s f\u00e9lelmeknek val\u00f3ban van hat\u00e1sa a keresletre \u00e9s a k\u00edn\u00e1latra, s\u0151t, meglep\u0151 m\u00f3don a rep\u00fcl\u00e9sbiztons\u00e1gi statisztik\u00e1kban is akad n\u00e9mi elt\u00e9r\u00e9s ezen a balj\u00f3snak tartott napon.<\/p>\n","protected":false},"author":14,"featured_media":2240529,"comment_status":"closed","ping_status":"closed","sticky":false,"template":"","format":"standard","meta":{"footnotes":""},"categories":[8180],"tags":[5540,1012,11410],"class_list":["post-2240528","post","type-post","status-publish","format-standard","has-post-thumbnail","hentry","category-trending","tag-pentek-13","tag-repules","tag-repulojegy"],"aioseo_notices":[],"_links":{"self":[{"href":"https:\/\/www.startlap.hu\/vasarlas\/wp-json\/wp\/v2\/posts\/2240528","targetHints":{"allow":["GET"]}}],"collection":[{"href":"https:\/\/www.startlap.hu\/vasarlas\/wp-json\/wp\/v2\/posts"}],"about":[{"href":"https:\/\/www.startlap.hu\/vasarlas\/wp-json\/wp\/v2\/types\/post"}],"author":[{"embeddable":true,"href":"https:\/\/www.startlap.hu\/vasarlas\/wp-json\/wp\/v2\/users\/14"}],"replies":[{"embeddable":true,"href":"https:\/\/www.startlap.hu\/vasarlas\/wp-json\/wp\/v2\/comments?post=2240528"}],"version-history":[{"count":1,"href":"https:\/\/www.startlap.hu\/vasarlas\/wp-json\/wp\/v2\/posts\/2240528\/revisions"}],"predecessor-version":[{"id":2240530,"href":"https:\/\/www.startlap.hu\/vasarlas\/wp-json\/wp\/v2\/posts\/2240528\/revisions\/2240530"}],"wp:featuredmedia":[{"embeddable":true,"href":"https:\/\/www.startlap.hu\/vasarlas\/wp-json\/wp\/v2\/media\/2240529"}],"wp:attachment":[{"href":"https:\/\/www.startlap.hu\/vasarlas\/wp-json\/wp\/v2\/media?parent=2240528"}],"wp:term":[{"taxonomy":"category","embeddable":true,"href":"https:\/\/www.startlap.hu\/vasarlas\/wp-json\/wp\/v2\/categories?post=2240528"},{"taxonomy":"post_tag","embeddable":true,"href":"https:\/\/www.startlap.hu\/vasarlas\/wp-json\/wp\/v2\/tags?post=2240528"}],"curies":[{"name":"wp","href":"https:\/\/api.w.org\/{rel}","templated":true}]}}