{"id":2240357,"date":"2023-10-07T12:20:49","date_gmt":"2023-10-07T10:20:49","guid":{"rendered":"https:\/\/www.startlap.hu\/vasarlas\/?p=2240357"},"modified":"2023-10-07T12:20:49","modified_gmt":"2023-10-07T10:20:49","slug":"nyugdij-kiegeszites-nyugdijemeles-vitalyos-eszter","status":"publish","type":"post","link":"https:\/\/www.startlap.hu\/vasarlas\/nyugdij-kiegeszites-nyugdijemeles-vitalyos-eszter\/","title":{"rendered":"\u00c1llamtitk\u00e1r: J\u00f3 h\u00edr a nyugd\u00edjasoknak"},"content":{"rendered":"<p>J\u00f3 h\u00edr a nyugd\u00edjasoknak: a kor\u00e1bbi bejelent\u00e9seknek megfelel\u0151en a korm\u00e1ny kihirdette a <a href=\"https:\/\/www.startlap.hu\/vasarlas\/orban-viktor-nyugdijkiegeszites\/\" target=\"_blank\" rel=\"noopener noreferrer\">kieg\u00e9sz\u00edt\u0151 nyugd\u00edjemel\u00e9sr\u0151l<\/a> sz\u00f3l\u00f3 rendeletet &#8211; mondta a Kultur\u00e1lis \u00e9s Innov\u00e1ci\u00f3s Miniszt\u00e9rium parlamenti \u00e1llamtitk\u00e1ra a kabinet Facebook-oldal\u00e1ra p\u00e9nteken felt\u00f6lt\u00f6tt vide\u00f3ban.<\/p>\n<p>A mostani, h\u00e1bor\u00fas id\u0151kben is biztos\u00edtj\u00e1k az infl\u00e1ci\u00f3k\u00f6vet\u0151 nyugd\u00edjemel\u00e9st, ezzel is szeretn\u00e9k kifejezni az id\u0151sek ir\u00e1nti megbecs\u00fcl\u00e9s\u00fcket &#8211; jelentette ki Vit\u00e1lyos Eszter.<\/p>\n<p>K\u00f6z\u00f6lte: a janu\u00e1rig visszamen\u0151leges nyugd\u00edj-kieg\u00e9sz\u00edt\u00e9st <strong>a novemberi nyugd\u00edjjal egy\u00fctt fogj\u00e1k megkapni<\/strong> az id\u0151sek \u00e9s a nyugd\u00edjszer\u0171 ell\u00e1t\u00e1sban r\u00e9szes\u00fcl\u0151k, 2,5 milli\u00f3 ember.<\/p>\n<figure id=\"attachment_2240359\" aria-describedby=\"caption-attachment-2240359\" style=\"width: 755px\" class=\"wp-caption alignnone\"><img loading=\"lazy\" decoding=\"async\" class=\"size-article-size-large-image wp-image-2240359\" src=\"https:\/\/www.startlap.hu\/vasarlas\/uploads\/2023\/10\/nyugdijas-ir-szamol-755x435.jpg\" alt=\"Egy nyugd\u00edjas egy f\u00fczetbe \u00edr \u00e9s sz\u00e1mol\u00f3g\u00e9pen sz\u00e1mol.\" width=\"755\" height=\"435\" srcset=\"https:\/\/www.startlap.hu\/vasarlas\/uploads\/2023\/10\/nyugdijas-ir-szamol-755x435.jpg 755w, https:\/\/www.startlap.hu\/vasarlas\/uploads\/2023\/10\/nyugdijas-ir-szamol-720x415.jpg 720w, https:\/\/www.startlap.hu\/vasarlas\/uploads\/2023\/10\/nyugdijas-ir-szamol-608x350.jpg 608w, https:\/\/www.startlap.hu\/vasarlas\/uploads\/2023\/10\/nyugdijas-ir-szamol.jpg 1200w\" sizes=\"auto, (max-width: 755px) 100vw, 755px\" \/><figcaption id=\"caption-attachment-2240359\" class=\"wp-caption-text\">Getty Images<\/figcaption><\/figure>\n<p>A kieg\u00e9sz\u00edt\u00e9ssel biztos\u00edtott az infl\u00e1ci\u00f3k\u00f6vet\u0151 nyugd\u00edjemel\u00e9s, a mostani, megemelkedett h\u00e1bor\u00fas \u00e9s szankci\u00f3s infl\u00e1ci\u00f3 mellett is &#8211; hangoztatta az \u00e1llamtitk\u00e1r.<\/p>\n<p>T\u00e1j\u00e9koztat\u00e1sa szerint a nyugd\u00edj-kieg\u00e9sz\u00edt\u00e9s m\u00e9rt\u00e9ke 3,5 sz\u00e1zal\u00e9kpont, ez<\/p>\n<blockquote class=\"article__extraTxt\"><p>egy 210 ezer forintos \u00e1tlagnyugd\u00edj eset\u00e9n havi 6500 forintot, \u00e9ves szinten, a 13. havi nyugd\u00edjjal egy\u00fctt \u00f6sszesen csaknem 85 ezer forintot jelent.<\/p><\/blockquote>\n<p>Novemberben \u00e1tlagosan 78 ezer forinttal kapnak t\u00f6bbet az okt\u00f3beri ell\u00e1t\u00e1sukhoz k\u00e9pest a nyugd\u00edjasok; a kieg\u00e9sz\u00edt\u0151 nyugd\u00edjemel\u00e9sre csaknem 190 milli\u00e1rd forintot ford\u00edt a korm\u00e1ny &#8211; tudatta Vit\u00e1lyos Eszter.<\/p>\n<p><iframe loading=\"lazy\" width=\"760\" height=\"476\" frameborder=\"0\" src=\"https:\/\/www.facebook.com\/plugins\/video.php?height=476&amp;href=https%3A%2F%2Fwww.facebook.com%2Fkormanyzat%2Fvideos%2F1038928657117454%2F&amp;show_text=false&amp;width=760&amp;t=0\"><\/iframe><\/p>\n<p>Hozz\u00e1f\u0171zte, <a href=\"https:\/\/www.startlap.hu\/vasarlas\/varga-mihaly-nyugdijemeles-13-havi-nyugdij\/\" target=\"_blank\" rel=\"noopener noreferrer\"><strong>2024 janu\u00e1rj\u00e1ban \u00fajabb nyugd\u00edjemel\u00e9s v\u00e1rhat\u00f3<\/strong><\/a>, amelynek m\u00e9rt\u00e9k\u00e9t a j\u00f6v\u0151 \u00e9vre becs\u00fclt infl\u00e1ci\u00f3nak megfelel\u0151en 6 sz\u00e1zal\u00e9kban \u00e1llap\u00edtott\u00e1k meg, majd <strong>febru\u00e1rban \u00e9rkezik a szint\u00e9n emelt \u00f6sszeg\u0171 13. havi nyugd\u00edj<\/strong>.<\/p>\n<p>(MTI)<\/p>\n<div class=\"o-widget m-readMoreWidget -readMore u-shortDecorLineAfter row widget-container _ce_measure_widget bigdata-widget read-more\" data-ce-measure-widget=\"olvass tov\u00e1bb\">\n\t<div class=\"m-readMoreWidget__imgWrapper image-wrapper col-12 col-md-4 no-p\">\n\t\t<a class=\"m-readMoreWidget__imgLink\" href=\"https:\/\/www.startlap.hu\/vasarlas\/fuvardij-szallitmanyozas-aremelkedes-inflacio\/\" >\n\t\t\t<img decoding=\"async\" src=\"https:\/\/www.startlap.hu\/vasarlas\/uploads\/2023\/10\/szallitmanyozas-fuvardij-350x285.jpg\" class=\"m-readMoreWidget__img\">\n\t\t<\/a>\n\t<\/div>\n\t<div class=\"m-readMoreWidget__titleWrapper title-wrapper col-12 col-md-8\">\n\t\t<span class=\"m-readMoreWidget__titleLabel u-shortDecorLineBefore label hidden-sm-up\">Ez is \u00e9rdekelhet:<\/span>\n\t\t<h3 class=\"m-readMoreWidget__title title\">\n\t\t\t<a class=\"m-readMoreWidget__titleLink -secondFont u-bold u-upperCase\" href=\"https:\/\/www.startlap.hu\/vasarlas\/fuvardij-szallitmanyozas-aremelkedes-inflacio\/\" >\u00d3ri\u00e1si \u00e1remel\u00e9s j\u00f6n a fuvard\u00edjakn\u00e1l &#8211; a bolti \u00e1rakat is \u00e9rinti<\/a>\n\t\t<\/h3>\n\t\t<a class=\"m-readMoreWidget__btn -coloredBack u-tC link\" href=\"https:\/\/www.startlap.hu\/vasarlas\/fuvardij-szallitmanyozas-aremelkedes-inflacio\/\" >Elolvasom<\/a>\n\t<\/div>\n<\/div>\n","protected":false},"excerpt":{"rendered":"<p>Kihirdette a korm\u00e1ny a kieg\u00e9sz\u00edt\u0151 nyugd\u00edjemel\u00e9sr\u0151l sz\u00f3l\u00f3 rendeletet.<\/p>\n","protected":false},"author":7,"featured_media":2240359,"comment_status":"closed","ping_status":"closed","sticky":false,"template":"","format":"standard","meta":{"footnotes":""},"categories":[8180],"tags":[17196,3719,6906,18706],"class_list":["post-2240357","post","type-post","status-publish","format-standard","has-post-thumbnail","hentry","category-trending","tag-13-havi-nyugdij","tag-inflacio","tag-nyugdijkorrekcio","tag-vitalyos-eszter"],"aioseo_notices":[],"_links":{"self":[{"href":"https:\/\/www.startlap.hu\/vasarlas\/wp-json\/wp\/v2\/posts\/2240357","targetHints":{"allow":["GET"]}}],"collection":[{"href":"https:\/\/www.startlap.hu\/vasarlas\/wp-json\/wp\/v2\/posts"}],"about":[{"href":"https:\/\/www.startlap.hu\/vasarlas\/wp-json\/wp\/v2\/types\/post"}],"author":[{"embeddable":true,"href":"https:\/\/www.startlap.hu\/vasarlas\/wp-json\/wp\/v2\/users\/7"}],"replies":[{"embeddable":true,"href":"https:\/\/www.startlap.hu\/vasarlas\/wp-json\/wp\/v2\/comments?post=2240357"}],"version-history":[{"count":2,"href":"https:\/\/www.startlap.hu\/vasarlas\/wp-json\/wp\/v2\/posts\/2240357\/revisions"}],"predecessor-version":[{"id":2240360,"href":"https:\/\/www.startlap.hu\/vasarlas\/wp-json\/wp\/v2\/posts\/2240357\/revisions\/2240360"}],"wp:featuredmedia":[{"embeddable":true,"href":"https:\/\/www.startlap.hu\/vasarlas\/wp-json\/wp\/v2\/media\/2240359"}],"wp:attachment":[{"href":"https:\/\/www.startlap.hu\/vasarlas\/wp-json\/wp\/v2\/media?parent=2240357"}],"wp:term":[{"taxonomy":"category","embeddable":true,"href":"https:\/\/www.startlap.hu\/vasarlas\/wp-json\/wp\/v2\/categories?post=2240357"},{"taxonomy":"post_tag","embeddable":true,"href":"https:\/\/www.startlap.hu\/vasarlas\/wp-json\/wp\/v2\/tags?post=2240357"}],"curies":[{"name":"wp","href":"https:\/\/api.w.org\/{rel}","templated":true}]}}