{"id":2238097,"date":"2023-08-17T10:23:25","date_gmt":"2023-08-17T08:23:25","guid":{"rendered":"https:\/\/www.startlap.hu\/vasarlas\/?p=2238097"},"modified":"2023-08-17T10:23:25","modified_gmt":"2023-08-17T08:23:25","slug":"bosnyak-barbie-szarajevo","status":"publish","type":"post","link":"https:\/\/www.startlap.hu\/vasarlas\/bosnyak-barbie-szarajevo\/","title":{"rendered":"\u00d3ri\u00e1si siker a Bosny\u00e1k Barbie &#8211; egy szarajev\u00f3i kisl\u00e1ny k\u00e9sz\u00edti"},"content":{"rendered":"<p>Hagyom\u00e1nyos <strong>balk\u00e1ni n\u00e9pviselet\u0171 Barbie-ruh\u00e1kat<\/strong> k\u00e9sz\u00edt a ny\u00e1ri vak\u00e1ci\u00f3 ideje alatt egy kisl\u00e1ny Bosznia-Hercegovin\u00e1ban, a mozikban fut\u00f3 <a href=\"https:\/\/www.startlap.hu\/vasarlas\/barbie-kviz\/\" target=\"_blank\" rel=\"noopener noreferrer\">Barbie<\/a>-film hat\u00e1s\u00e1ra.<\/p>\n<p>A 11 \u00e9ves Esma Gljiva t\u00f6bb mint egy h\u00f3napja foglalkozik Barbie-ruhatervez\u00e9ssel Szarajev\u00f3ban.<\/p>\n<p>Esma elmondta: megel\u00e9gelte, hogy a helyi szuven\u00edr\u00fczletben kaphat\u00f3 bab\u00e1k v\u00e9gtagjai nem mozognak, \u00e9s nem lehet rajtuk ruh\u00e1t cser\u00e9lni, mert a test\u00fckre van ragasztva.<\/p>\n<p>&#8222;N\u00e9h\u00e1ny, n\u00e9pviseletbe \u00f6lt\u00f6ztetett baba is volt k\u00f6zt\u00fck, de m\u00e9g csak nem is voltak igazi bab\u00e1k, nem viseltek norm\u00e1lis ruh\u00e1t&#8221; &#8211; mutat r\u00e1 az \u00f6tlet h\u00e1tter\u00e9re Esma. &#8222;Megpr\u00f3b\u00e1ltam jobban megcsin\u00e1lni, \u00e9s azt hiszem, siker\u00fclt&#8221; &#8211; teszi hozz\u00e1.<\/p>\n<p><iframe loading=\"lazy\" width=\"760\" height=\"415\" frameborder=\"0\" src=\"\/\/www.youtube.com\/embed\/zAyXZNJJhm0\"><\/iframe><\/p>\n<p>Esma az \u00e1ltala k\u00e9sz\u00edtett egyedi mint\u00e1zat\u00fa ruh\u00e1kat visel\u0151i Barbie-bab\u00e1it <strong>Bosny\u00e1k Barbie<\/strong>-nak nevezi. P\u00e1rj\u00e1t ritk\u00edt\u00f3 remekm\u0171vei ir\u00e1nt folyamatos a kereslet, eddig a t\u00f6bbi k\u00f6z\u00f6tt Norv\u00e9gi\u00e1b\u00f3l, Nagy-Britanni\u00e1b\u00f3l, Bulg\u00e1ri\u00e1b\u00f3l, Csehorsz\u00e1gb\u00f3l \u00e9s T\u00fcrkmeniszt\u00e1nb\u00f3l kapott megrendel\u00e9seket.<\/p>\n<p>A fiatal divattervez\u0151 nagyon \u00fcgyel az apr\u00f3l\u00e9kos r\u00e9szletekre. Bab\u00e1it h\u00e1rom k\u00fcl\u00f6nb\u00f6z\u0151 vall\u00e1si felekezet, a kereszt\u00e9ny, a muszlim \u00e9s az ortodox el\u0151\u00edr\u00e1soknak megfelel\u0151en \u00f6lt\u00f6zteti fel, r\u00e1ad\u00e1sul k\u00fcl\u00f6n figyel a bab\u00e1k hajviselet\u00e9re \u00e9s miniat\u0171r \u00e9kszereinek elk\u00e9sz\u00edt\u00e9s\u00e9re is. Esma m\u00e1r Ken ruh\u00e1inak tervein is dolgozik.<\/p>\n<p>(MTI)<\/p>\n<div class=\"o-widget m-readMoreWidget -readMore u-shortDecorLineAfter row widget-container _ce_measure_widget bigdata-widget read-more\" data-ce-measure-widget=\"olvass tov\u00e1bb\">\n\t<div class=\"m-readMoreWidget__imgWrapper image-wrapper col-12 col-md-4 no-p\">\n\t\t<a class=\"m-readMoreWidget__imgLink\" href=\"https:\/\/www.startlap.hu\/vasarlas\/tanszergyujtes-adjuk-ossze-kampany-iskolakezdes-2023\/\" >\n\t\t\t<img decoding=\"async\" src=\"https:\/\/www.startlap.hu\/vasarlas\/uploads\/2023\/08\/Cikkbe-2560x1707-02-350x285.jpg\" class=\"m-readMoreWidget__img\">\n\t\t<\/a>\n\t<\/div>\n\t<div class=\"m-readMoreWidget__titleWrapper title-wrapper col-12 col-md-8\">\n\t\t<span class=\"m-readMoreWidget__titleLabel u-shortDecorLineBefore label hidden-sm-up\">Ez is \u00e9rdekelhet:<\/span>\n\t\t<h3 class=\"m-readMoreWidget__title title\">\n\t\t\t<a class=\"m-readMoreWidget__titleLink -secondFont u-bold u-upperCase\" href=\"https:\/\/www.startlap.hu\/vasarlas\/tanszergyujtes-adjuk-ossze-kampany-iskolakezdes-2023\/\" >Adjuk \u00f6ssze! \u00cdgy seg\u00edthetj\u00fck a r\u00e1szorul\u00f3 gyerekek iskolakezd\u00e9s\u00e9t<\/a>\n\t\t<\/h3>\n\t\t<a class=\"m-readMoreWidget__btn -coloredBack u-tC link\" href=\"https:\/\/www.startlap.hu\/vasarlas\/tanszergyujtes-adjuk-ossze-kampany-iskolakezdes-2023\/\" >Elolvasom<\/a>\n\t<\/div>\n<\/div>\n","protected":false},"excerpt":{"rendered":"<p>A 11 \u00e9ves Esma Gljiva a bab\u00e1it h\u00e1rom k\u00fcl\u00f6nb\u00f6z\u0151 vall\u00e1si felekezet, a kereszt\u00e9ny, a muszlim \u00e9s az ortodox el\u0151\u00edr\u00e1soknak megfelel\u0151en \u00f6lt\u00f6zteti fel.<\/p>\n","protected":false},"author":7,"featured_media":2238099,"comment_status":"closed","ping_status":"closed","sticky":false,"template":"","format":"standard","meta":{"footnotes":""},"categories":[8180],"tags":[],"class_list":["post-2238097","post","type-post","status-publish","format-standard","has-post-thumbnail","hentry","category-trending"],"aioseo_notices":[],"_links":{"self":[{"href":"https:\/\/www.startlap.hu\/vasarlas\/wp-json\/wp\/v2\/posts\/2238097","targetHints":{"allow":["GET"]}}],"collection":[{"href":"https:\/\/www.startlap.hu\/vasarlas\/wp-json\/wp\/v2\/posts"}],"about":[{"href":"https:\/\/www.startlap.hu\/vasarlas\/wp-json\/wp\/v2\/types\/post"}],"author":[{"embeddable":true,"href":"https:\/\/www.startlap.hu\/vasarlas\/wp-json\/wp\/v2\/users\/7"}],"replies":[{"embeddable":true,"href":"https:\/\/www.startlap.hu\/vasarlas\/wp-json\/wp\/v2\/comments?post=2238097"}],"version-history":[{"count":3,"href":"https:\/\/www.startlap.hu\/vasarlas\/wp-json\/wp\/v2\/posts\/2238097\/revisions"}],"predecessor-version":[{"id":2238101,"href":"https:\/\/www.startlap.hu\/vasarlas\/wp-json\/wp\/v2\/posts\/2238097\/revisions\/2238101"}],"wp:featuredmedia":[{"embeddable":true,"href":"https:\/\/www.startlap.hu\/vasarlas\/wp-json\/wp\/v2\/media\/2238099"}],"wp:attachment":[{"href":"https:\/\/www.startlap.hu\/vasarlas\/wp-json\/wp\/v2\/media?parent=2238097"}],"wp:term":[{"taxonomy":"category","embeddable":true,"href":"https:\/\/www.startlap.hu\/vasarlas\/wp-json\/wp\/v2\/categories?post=2238097"},{"taxonomy":"post_tag","embeddable":true,"href":"https:\/\/www.startlap.hu\/vasarlas\/wp-json\/wp\/v2\/tags?post=2238097"}],"curies":[{"name":"wp","href":"https:\/\/api.w.org\/{rel}","templated":true}]}}