{"id":2237628,"date":"2023-08-03T14:54:14","date_gmt":"2023-08-03T12:54:14","guid":{"rendered":"https:\/\/www.startlap.hu\/vasarlas\/?p=2237628"},"modified":"2023-08-03T14:54:14","modified_gmt":"2023-08-03T12:54:14","slug":"lidl-tesco-spar-penny-mennyisegi-korlatozas","status":"publish","type":"post","link":"https:\/\/www.startlap.hu\/vasarlas\/lidl-tesco-spar-penny-mennyisegi-korlatozas\/","title":{"rendered":"T\u00f6bb term\u00e9kb\u0151l nem lehet korl\u00e1tlanul v\u00e1s\u00e1rolni a Lidl, a Tesco a Penny \u00e9s a Spar boltjaiban sem"},"content":{"rendered":"<p>Szerd\u00e1n der\u00fclt ki, hogy az <strong><a href=\"https:\/\/www.startlap.hu\/vasarlas\/auchan-mennyisegi-korlatozas-2023\/\" target=\"_blank\" rel=\"noopener noreferrer\">Auchan<\/a><\/strong> t\u00f6bb term\u00e9kre is mennyis\u00e9gi korl\u00e1toz\u00e1st vezetett be, ennek kapcs\u00e1n a P\u00e9nzcentrum megk\u00e9rdezte a t\u00f6bbi \u00e1ruh\u00e1zat is.<\/p>\n<p><strong>A lapnak v\u00e1laszolt a Spar, <a href=\"https:\/\/www.hirstart.hu\/site\/relocate.php?rssid=33&amp;rsspid=3&amp;ctype=rss&amp;id=26613832&amp;chk=90d07ae23d4e58b3952b004677a6ff0c&amp;url=https%3A%2F%2Fwww.penzcentrum.hu%2Fvasarlas%2F20230803%2Fmennyisegi-korlatozasok-a-spar-ban-az-arstop-vege-utan-sem-lehet-barmennyi-tejet-olajat-hust-venni-1139725\" target=\"_blank\" target=\"_blank\" rel=\"noopener noreferrer\">azt \u00edrt\u00e1k<\/a>, a boltjaikban jelenleg is \u00e9rv\u00e9nyben vannak a hat\u00f3s\u00e1gi \u00e1rak kezdetekor bevezetett mennyis\u00e9gi korl\u00e1toz\u00e1sok.<\/strong> \u00cdgy p\u00e9ld\u00e1ul krist\u00e1lycukorb\u00f3l 2 kg, BL-55 b\u00fazafinomlisztb\u0151l 5 kg, 2,8%-os UHT tejb\u0151l 2 liter, csirkemellb\u0151l 2 kg vagy 2 t\u00e1lca, sert\u00e9scombb\u00f3l 3 kg vagy 3 t\u00e1lca a maximum egyszerre v\u00e1s\u00e1rolhat\u00f3 mennyis\u00e9g, de a csirkefarh\u00e1tra, toj\u00e1sra \u00e9s az \u00e9tolajra is vannak korl\u00e1toz\u00e1sok, ut\u00f3bbin\u00e1l kiszerel\u00e9st\u0151l f\u00fcgg\u0151en.<\/p>\n<figure id=\"attachment_2237631\" aria-describedby=\"caption-attachment-2237631\" style=\"width: 755px\" class=\"wp-caption alignnone\"><a href=\"https:\/\/www.startlap.hu\/vasarlas\/uploads\/2023\/08\/csirkemell-scaled.jpg\"><img loading=\"lazy\" decoding=\"async\" class=\"size-article-size-large-image wp-image-2237631\" src=\"https:\/\/www.startlap.hu\/vasarlas\/uploads\/2023\/08\/csirkemell-755x503.jpg\" alt=\"Hat\u00f3s\u00e1gi \u00e1ras csirkemell a f\u0151v\u00e1rosi Corvin Plaz\u00e1ban tal\u00e1lhat\u00f3 Pr\u00edma \u00fczletben 2022. febru\u00e1r 1-j\u00e9n.\" width=\"755\" height=\"503\" srcset=\"https:\/\/www.startlap.hu\/vasarlas\/uploads\/2023\/08\/csirkemell-755x503.jpg 755w, https:\/\/www.startlap.hu\/vasarlas\/uploads\/2023\/08\/csirkemell-1536x1024.jpg 1536w, https:\/\/www.startlap.hu\/vasarlas\/uploads\/2023\/08\/csirkemell-2048x1365.jpg 2048w, https:\/\/www.startlap.hu\/vasarlas\/uploads\/2023\/08\/csirkemell-525x350.jpg 525w\" sizes=\"auto, (max-width: 755px) 100vw, 755px\" \/><\/a><figcaption id=\"caption-attachment-2237631\" class=\"wp-caption-text\">Fot\u00f3: MTI\/Balogh Zolt\u00e1n<\/figcaption><\/figure>\n<p><strong>A Lidl is <a href=\"https:\/\/www.hirstart.hu\/site\/relocate.php?rssid=33&amp;rsspid=3&amp;ctype=rss&amp;id=26614241&amp;chk=77d80007b6ecbcedf7a439ae3fc1090a&amp;url=https%3A%2F%2Fwww.penzcentrum.hu%2Fvasarlas%2F20230803%2Fmegszolalt-a-korlatozasokrol-a-lidl-maximum-ennyi-cukrot-tejet-lisztet-lehet-most-naluk-vasarolni-1139726\" target=\"_blank\" target=\"_blank\" rel=\"noopener noreferrer\">reag\u00e1lt<\/a>, miszerint az \u00e1ruh\u00e1z \u00e9rv\u00e9nyben tartja a kor\u00e1bban bevezetett mennyis\u00e9gi korl\u00e1toz\u00e1sokat<\/strong>, v\u00e1ltoz\u00e1s ugyanakkor, hogy a csirkemellfil\u00e9 eset\u00e9ben kivezette a korl\u00e1toz\u00e1st, m\u00edg a b\u00fazafinomliszt, a krist\u00e1lycukor \u00e9s a 2,8% UHT tej est\u00e9ben dupl\u00e1j\u00e1ra, azaz 10-10 kg-ban \u00e9s 6 literben maximaliz\u00e1lja az egyszerre megv\u00e1s\u00e1rolhat\u00f3 mennyis\u00e9g m\u00e9rt\u00e9k\u00e9t.<\/p>\n<p>A <strong>Tesco<\/strong><\/p>\n<blockquote class=\"article__extraTxt\"><p>a k\u00f6telez\u0151 akci\u00f3s sert\u00e9s- \u00e9s baromfih\u00fasn\u00e1l jelent\u0151s forgalomra sz\u00e1m\u00edt, \u00edgy annak \u00e9rdek\u00e9ben, hogy min\u00e9l t\u00f6bb v\u00e1s\u00e1rl\u00f3t ki tudjanak szolg\u00e1lni, erre a k\u00e9t term\u00e9kkateg\u00f3ri\u00e1ra mennyis\u00e9gi korl\u00e1toz\u00e1st vezettek be<\/p><\/blockquote>\n<p>&#8211; <a href=\"https:\/\/www.hirstart.hu\/site\/relocate.php?rssid=33&amp;rsspid=3&amp;ctype=rss&amp;id=26614643&amp;chk=810b022cb8a11f24b90716c2a05495e0&amp;url=https%3A%2F%2Fwww.penzcentrum.hu%2Fvasarlas%2F20230803%2Fdrasztikus-bejelentes-a-tescotol-ezekbol-az-akcios-termekekbol-nem-lehet-korlatlanul-vasarolni-1139730\" target=\"_blank\" target=\"_blank\" rel=\"noopener noreferrer\">v\u00e1laszolt\u00e1k<\/a> a P\u00e9nzcentrumnak. Eszerint a pultb\u00f3l 6 kg friss csirkemellfil\u00e9 v\u00e1s\u00e1rolhat\u00f3 maxim\u00e1lisan, a TS csirkemellfil\u00e9 500 g-b\u00f3l 2 db, a t\u00e1lc\u00e1s Tanyasi csirkemellfil\u00e9b\u0151l 2 kg, a GMO mentes csirkemellfil\u00e9b\u0151l szint\u00e9n 2 kg. A sert\u00e9scomb csontn\u00e9lk\u00fcli v\u00e1kuumcsomagoltb\u00f3l 2 kg, a pultos b\u0151r\u00f6s combb\u00f3l 4 kg, a pultos sert\u00e9scombb\u00f3l 6 kg, a pultos friss csirkefarh\u00e1t apr\u00f3l\u00e9kb\u00f3l 1 kg a maxim\u00e1lisan v\u00e1s\u00e1rolhat\u00f3 mennyis\u00e9g.<\/p>\n<p>A <strong>Penny<\/strong> m\u00e9g nem reag\u00e1lt a P\u00e9nzcentrum k\u00e9rd\u00e9seire, ugyanakkor egy <a href=\"https:\/\/www.hirstart.hu\/site\/relocate.php?rssid=33&amp;rsspid=3&amp;ctype=rss&amp;id=26615021&amp;chk=e6b82b1fb92a03144dd8509110cb1df7&amp;url=https%3A%2F%2Fwww.penzcentrum.hu%2Fvasarlas%2F20230803%2Fmennyisegi-korlatot-vezetett-be-a-penny-is-krumplibol-tojasbol-tejbol-sem-lehet-barmennyit-venni-1139733\" target=\"_blank\" target=\"_blank\" rel=\"noopener noreferrer\">olvas\u00f3i fot\u00f3 alapj\u00e1n kider\u00fclt<\/a>, hogy ott sem lehet b\u00e1rmennyit v\u00e1s\u00e1rolni a k\u00f6telez\u0151 akci\u00f3kkal \u00e9rintett term\u00e9kekb\u0151l, \u00edgy p\u00e9ld\u00e1ul a burgony\u00e1n\u00e1l, tejn\u00e9l \u00e9s toj\u00e1sn\u00e1l is figyelni kell a mennyis\u00e9gi korl\u00e1toz\u00e1sra.<\/p>\n<div class=\"o-widget m-readMoreWidget -readMore u-shortDecorLineAfter row widget-container _ce_measure_widget bigdata-widget read-more\" data-ce-measure-widget=\"olvass tov\u00e1bb\">\n\t<div class=\"m-readMoreWidget__imgWrapper image-wrapper col-12 col-md-4 no-p\">\n\t\t<a class=\"m-readMoreWidget__imgLink\" href=\"https:\/\/www.startlap.hu\/vasarlas\/hatosagi-ar-arstop-kotelezo-akciok-elelmiszerarak-2023\/\" >\n\t\t\t<img decoding=\"async\" src=\"https:\/\/www.startlap.hu\/vasarlas\/uploads\/2023\/08\/kotelezo-akcio-350x285.jpg\" class=\"m-readMoreWidget__img\">\n\t\t<\/a>\n\t<\/div>\n\t<div class=\"m-readMoreWidget__titleWrapper title-wrapper col-12 col-md-8\">\n\t\t<span class=\"m-readMoreWidget__titleLabel u-shortDecorLineBefore label hidden-sm-up\">Ez is \u00e9rdekelhet:<\/span>\n\t\t<h3 class=\"m-readMoreWidget__title title\">\n\t\t\t<a class=\"m-readMoreWidget__titleLink -secondFont u-bold u-upperCase\" href=\"https:\/\/www.startlap.hu\/vasarlas\/hatosagi-ar-arstop-kotelezo-akciok-elelmiszerarak-2023\/\" >\u00cdgy v\u00e1ltoztak a bolti \u00e1rak az \u00e1rstop kivezet\u00e9s\u00e9vel<\/a>\n\t\t<\/h3>\n\t\t<a class=\"m-readMoreWidget__btn -coloredBack u-tC link\" href=\"https:\/\/www.startlap.hu\/vasarlas\/hatosagi-ar-arstop-kotelezo-akciok-elelmiszerarak-2023\/\" >Elolvasom<\/a>\n\t<\/div>\n<\/div>\n","protected":false},"excerpt":{"rendered":"<p>Az \u00e1rstop kivezet\u00e9se ut\u00e1n a boltok t\u00f6bbs\u00e9g\u00e9n\u00e9l k\u00fcl\u00f6nf\u00e9le mennyis\u00e9gi korl\u00e1toz\u00e1sok vannak \u00e9rv\u00e9nyben.<\/p>\n","protected":false},"author":20,"featured_media":2237631,"comment_status":"closed","ping_status":"closed","sticky":false,"template":"","format":"standard","meta":{"footnotes":""},"categories":[8180],"tags":[280,14723,2703,1073,12],"class_list":["post-2237628","post","type-post","status-publish","format-standard","has-post-thumbnail","hentry","category-trending","tag-lidl","tag-mennyisegi-korlatozas","tag-penny-market","tag-spar","tag-tesco"],"aioseo_notices":[],"_links":{"self":[{"href":"https:\/\/www.startlap.hu\/vasarlas\/wp-json\/wp\/v2\/posts\/2237628","targetHints":{"allow":["GET"]}}],"collection":[{"href":"https:\/\/www.startlap.hu\/vasarlas\/wp-json\/wp\/v2\/posts"}],"about":[{"href":"https:\/\/www.startlap.hu\/vasarlas\/wp-json\/wp\/v2\/types\/post"}],"author":[{"embeddable":true,"href":"https:\/\/www.startlap.hu\/vasarlas\/wp-json\/wp\/v2\/users\/20"}],"replies":[{"embeddable":true,"href":"https:\/\/www.startlap.hu\/vasarlas\/wp-json\/wp\/v2\/comments?post=2237628"}],"version-history":[{"count":3,"href":"https:\/\/www.startlap.hu\/vasarlas\/wp-json\/wp\/v2\/posts\/2237628\/revisions"}],"predecessor-version":[{"id":2237632,"href":"https:\/\/www.startlap.hu\/vasarlas\/wp-json\/wp\/v2\/posts\/2237628\/revisions\/2237632"}],"wp:featuredmedia":[{"embeddable":true,"href":"https:\/\/www.startlap.hu\/vasarlas\/wp-json\/wp\/v2\/media\/2237631"}],"wp:attachment":[{"href":"https:\/\/www.startlap.hu\/vasarlas\/wp-json\/wp\/v2\/media?parent=2237628"}],"wp:term":[{"taxonomy":"category","embeddable":true,"href":"https:\/\/www.startlap.hu\/vasarlas\/wp-json\/wp\/v2\/categories?post=2237628"},{"taxonomy":"post_tag","embeddable":true,"href":"https:\/\/www.startlap.hu\/vasarlas\/wp-json\/wp\/v2\/tags?post=2237628"}],"curies":[{"name":"wp","href":"https:\/\/api.w.org\/{rel}","templated":true}]}}