{"id":2237451,"date":"2023-07-31T16:53:27","date_gmt":"2023-07-31T14:53:27","guid":{"rendered":"https:\/\/www.startlap.hu\/vasarlas\/?p=2237451"},"modified":"2024-01-10T11:25:16","modified_gmt":"2024-01-10T10:25:16","slug":"szep-kartya-2023-augusztus","status":"publish","type":"post","link":"https:\/\/www.startlap.hu\/vasarlas\/szep-kartya-2023-augusztus\/","title":{"rendered":"J\u00f6n a v\u00e1ltoz\u00e1s: a SZ\u00c9P-k\u00e1rty\u00e1val \u00e9lelmiszerre is lehet k\u00f6lteni augusztust\u00f3l"},"content":{"rendered":"<p>2023. augusztus 1. \u00e9s 2023. december 31. k\u00f6z\u00f6tt a munk\u00e1ltat\u00f3k a jelenlegi kereten fel\u00fcl a SZ\u00c9P-k\u00e1rty\u00e1ra egyszeri, legfeljebb 200 ezer forintos t\u00f6bblet \u00f6sszeget utalhatnak dolgoz\u00f3iknak. R\u00e1ad\u00e1sul ezt az \u00f6sszeget az <strong>\u00e9v v\u00e9g\u00e9ig \u00e9lelmiszerv\u00e1s\u00e1rl\u00e1sra is fel lehet haszn\u00e1lni<\/strong> &#8211; k\u00f6z\u00f6lte a Gazdas\u00e1gfejleszt\u00e9si Miniszt\u00e9rium az MTI-vel.<\/p>\n<figure id=\"attachment_2237454\" aria-describedby=\"caption-attachment-2237454\" style=\"width: 755px\" class=\"wp-caption aligncenter\"><img loading=\"lazy\" decoding=\"async\" class=\"size-article-size-large-image wp-image-2237454\" src=\"https:\/\/www.startlap.hu\/vasarlas\/uploads\/2023\/07\/szep-kartya-fizetes-755x504.jpg\" alt=\"Valaki SZ\u00c9P k\u00e1rty\u00e1val fizet egy bankk\u00e1rtya-termin\u00e1lon kereszt\u00fcl\" width=\"755\" height=\"504\" srcset=\"https:\/\/www.startlap.hu\/vasarlas\/uploads\/2023\/07\/szep-kartya-fizetes-755x504.jpg 755w, https:\/\/www.startlap.hu\/vasarlas\/uploads\/2023\/07\/szep-kartya-fizetes-524x350.jpg 524w, https:\/\/www.startlap.hu\/vasarlas\/uploads\/2023\/07\/szep-kartya-fizetes.jpg 1200w\" sizes=\"auto, (max-width: 755px) 100vw, 755px\" \/><figcaption id=\"caption-attachment-2237454\" class=\"wp-caption-text\">Fot\u00f3: MTI\/M\u00e1th\u00e9 Zolt\u00e1n<\/figcaption><\/figure>\n<p>Ezzel 2023-ban <strong>650 ezer forintra emelkedik<\/strong> a rendk\u00edv\u00fcl kedvez\u0151 ad\u00f3 \u00e9s j\u00e1rul\u00e9kfizet\u00e9s mellett adhat\u00f3 munkav\u00e1llal\u00f3i elismer\u00e9s keret\u00f6sszege.<\/p>\n<p>A miniszt\u00e9rium szerint a SZ\u00c9P-k\u00e1rtya keret\u00e9nek megemel\u00e9se b\u0151v\u00edtheti a turisztikai keresletet, a felhaszn\u00e1l\u00e1s kib\u0151v\u00edt\u00e9se pedig sz\u00e1mottev\u0151en n\u00f6veli a csal\u00e1dok v\u00e1s\u00e1rl\u00f3erej\u00e9t. Ez pedig jelent\u0151sen n\u00f6veli a fogyaszt\u00e1st, seg\u00edti az \u00e9lelmiszeripart, ami hozz\u00e1j\u00e1rul a magyar gazdas\u00e1gi teljes\u00edtm\u00e9ny n\u00f6veked\u00e9s\u00e9hez.<\/p>\n<div class=\"o-widget m-readMoreWidget -readMore u-shortDecorLineAfter row widget-container _ce_measure_widget bigdata-widget read-more\" data-ce-measure-widget=\"olvass tov\u00e1bb\">\n\t<div class=\"m-readMoreWidget__imgWrapper image-wrapper col-12 col-md-4 no-p\">\n\t\t<a class=\"m-readMoreWidget__imgLink\" href=\"https:\/\/www.startlap.hu\/vasarlas\/szep-kartya-elelmiszer-vasarlas-inflacio-gazdasag-2023\/\" >\n\t\t\t<img decoding=\"async\" src=\"https:\/\/www.startlap.hu\/vasarlas\/uploads\/2023\/06\/szep-kartya-hidegelmiszer-vasarlas-350x285.jpg\" class=\"m-readMoreWidget__img\">\n\t\t<\/a>\n\t<\/div>\n\t<div class=\"m-readMoreWidget__titleWrapper title-wrapper col-12 col-md-8\">\n\t\t<span class=\"m-readMoreWidget__titleLabel u-shortDecorLineBefore label hidden-sm-up\">Ez is \u00e9rdekelhet:<\/span>\n\t\t<h3 class=\"m-readMoreWidget__title title\">\n\t\t\t<a class=\"m-readMoreWidget__titleLink -secondFont u-bold u-upperCase\" href=\"https:\/\/www.startlap.hu\/vasarlas\/szep-kartya-elelmiszer-vasarlas-inflacio-gazdasag-2023\/\" >Itt lehet majd SZ\u00c9P-k\u00e1rty\u00e1val \u00e9lelmiszert venni<\/a>\n\t\t<\/h3>\n\t\t<a class=\"m-readMoreWidget__btn -coloredBack u-tC link\" href=\"https:\/\/www.startlap.hu\/vasarlas\/szep-kartya-elelmiszer-vasarlas-inflacio-gazdasag-2023\/\" >Elolvasom<\/a>\n\t<\/div>\n<\/div>\n","protected":false},"excerpt":{"rendered":"<p>Augusztust\u00f3l megemelkedik a SZ\u00c9P-k\u00e1rty\u00e1ra utalhat\u00f3 \u00f6sszeg kerete, a rajta l\u00e9v\u0151 egyenleget pedig \u00e9lelmiszer v\u00e1s\u00e1rl\u00e1sra is fel lehet haszn\u00e1lni.<\/p>\n","protected":false},"author":58,"featured_media":2237454,"comment_status":"closed","ping_status":"closed","sticky":false,"template":"","format":"standard","meta":{"footnotes":""},"categories":[8180],"tags":[3258],"class_list":["post-2237451","post","type-post","status-publish","format-standard","has-post-thumbnail","hentry","category-trending","tag-szep-kartya"],"aioseo_notices":[],"_links":{"self":[{"href":"https:\/\/www.startlap.hu\/vasarlas\/wp-json\/wp\/v2\/posts\/2237451","targetHints":{"allow":["GET"]}}],"collection":[{"href":"https:\/\/www.startlap.hu\/vasarlas\/wp-json\/wp\/v2\/posts"}],"about":[{"href":"https:\/\/www.startlap.hu\/vasarlas\/wp-json\/wp\/v2\/types\/post"}],"author":[{"embeddable":true,"href":"https:\/\/www.startlap.hu\/vasarlas\/wp-json\/wp\/v2\/users\/58"}],"replies":[{"embeddable":true,"href":"https:\/\/www.startlap.hu\/vasarlas\/wp-json\/wp\/v2\/comments?post=2237451"}],"version-history":[{"count":8,"href":"https:\/\/www.startlap.hu\/vasarlas\/wp-json\/wp\/v2\/posts\/2237451\/revisions"}],"predecessor-version":[{"id":2237462,"href":"https:\/\/www.startlap.hu\/vasarlas\/wp-json\/wp\/v2\/posts\/2237451\/revisions\/2237462"}],"wp:featuredmedia":[{"embeddable":true,"href":"https:\/\/www.startlap.hu\/vasarlas\/wp-json\/wp\/v2\/media\/2237454"}],"wp:attachment":[{"href":"https:\/\/www.startlap.hu\/vasarlas\/wp-json\/wp\/v2\/media?parent=2237451"}],"wp:term":[{"taxonomy":"category","embeddable":true,"href":"https:\/\/www.startlap.hu\/vasarlas\/wp-json\/wp\/v2\/categories?post=2237451"},{"taxonomy":"post_tag","embeddable":true,"href":"https:\/\/www.startlap.hu\/vasarlas\/wp-json\/wp\/v2\/tags?post=2237451"}],"curies":[{"name":"wp","href":"https:\/\/api.w.org\/{rel}","templated":true}]}}