{"id":2237162,"date":"2023-07-24T16:31:05","date_gmt":"2023-07-24T14:31:05","guid":{"rendered":"https:\/\/www.startlap.hu\/vasarlas\/?p=2237162"},"modified":"2023-07-24T16:34:39","modified_gmt":"2023-07-24T14:34:39","slug":"herendi-vaza-verstappen-trofea-forma1","status":"publish","type":"post","link":"https:\/\/www.startlap.hu\/vasarlas\/herendi-vaza-verstappen-trofea-forma1\/","title":{"rendered":"A Herendi \u00fajra elk\u00e9sz\u00edti a gy\u0151ztes Verstappen tr\u00f3fe\u00e1j\u00e1t"},"content":{"rendered":"<p>Simon Attila, a c\u00e9g vez\u00e9rigazgat\u00f3ja az M4 Sport Nemzeti Sporth\u00edrad\u00f3 c\u00edm\u0171 m\u0171sor\u00e1ban elmondta, sajn\u00e1lattal vett\u00e9k tudom\u00e1sul, hogy ez lett a kupa sorsa, de mivel megl\u00e1t\u00e1sa szerint a Herendinek a magyar orsz\u00e1gim\u00e1zs\u00e9p\u00edt\u00e9sben is fontos szerepe van, p\u00f3tolni fogj\u00e1k a serleget.<\/p>\n<p><em>&#8222;A csapatok majd eld\u00f6ntik, ki volt a hib\u00e1s, de mi v\u00e1llaljuk az \u00f6r\u00f6mteli \u00e9s neh\u00e9z terhet, \u00e9s \u00fajra elk\u00e9sz\u00edtj\u00fck&#8221;<\/em> &#8211; fogalmazott a vez\u00e9rigazgat\u00f3 az id\u00e9n 19. sz\u00e1zadi, keleties mint\u00e1zatot id\u00e9z\u0151 tr\u00f3fe\u00e1val kapcsolatban.<\/p>\n<p><iframe loading=\"lazy\" width=\"1280\" height=\"720\" frameborder=\"0\" src=\"https:\/\/www.youtube.com\/embed\/mm7A3qdQJWo\"><span data-mce-type=\"bookmark\" style=\"width: 0px;overflow: hidden;line-height: 0\" class=\"mce_SELRES_start\">\ufeff<\/span><\/iframe><\/p>\n<p>Simon Attila kiemelte, minden alkot\u00e1sukra \u00f6r\u00f6k\u00f6s p\u00f3tl\u00e1si garanci\u00e1t v\u00e1llalnak, emiatt a mintat\u00e1rban a <strong><a href=\"https:\/\/www.startlap.hu\/vasarlas\/fel-liter-sor-1800-forint-a-hungaroringen\/\" target=\"_blank\" rel=\"noopener noreferrer\">Magyar Nagyd\u00edj<\/a><\/strong> serlegeinek m\u00e1sodp\u00e9ld\u00e1nya is ott van. A v\u00e1zatest gy\u00e1rt\u00e1sa m\u00e1r el is kezd\u0151d\u00f6tt, \u00edgy az eredetileg hat h\u00f3napos elk\u00e9sz\u00edt\u00e9si folyamat most r\u00f6videbb lesz, \u00e9s a Red Bull k\u00e9tszeres vil\u00e1gbajnoka p\u00e1r h\u00e9t m\u00falva megkaphatja a kup\u00e1t.<\/p>\n<p>A gy\u0151ztesnek j\u00e1r\u00f3 serleg akkor t\u00f6rt el, amikor a McLaren versenyz\u0151je, a m\u00e1sodik helyen z\u00e1rt Lando Norris a dobog\u00f3 seg\u00edts\u00e9g\u00e9vel nyitotta ki pezsg\u0151s\u00fcveg\u00e9t, aminek k\u00f6sz\u00f6nhet\u0151en a kupa led\u0151lt.<\/p>\n<div class=\"o-widget m-readMoreWidget -readMore u-shortDecorLineAfter row widget-container _ce_measure_widget bigdata-widget read-more\" data-ce-measure-widget=\"olvass tov\u00e1bb\">\n\t<div class=\"m-readMoreWidget__imgWrapper image-wrapper col-12 col-md-4 no-p\">\n\t\t<a class=\"m-readMoreWidget__imgLink\" href=\"https:\/\/www.startlap.hu\/vasarlas\/bolhapiac-regisegvasar-korkep-belfold-terkep\/\" >\n\t\t\t<img decoding=\"async\" src=\"https:\/\/www.startlap.hu\/vasarlas\/uploads\/2023\/02\/bolhapiac-1-350x285.jpg\" class=\"m-readMoreWidget__img\">\n\t\t<\/a>\n\t<\/div>\n\t<div class=\"m-readMoreWidget__titleWrapper title-wrapper col-12 col-md-8\">\n\t\t<span class=\"m-readMoreWidget__titleLabel u-shortDecorLineBefore label hidden-sm-up\">Ez is \u00e9rdekelhet:<\/span>\n\t\t<h3 class=\"m-readMoreWidget__title title\">\n\t\t\t<a class=\"m-readMoreWidget__titleLink -secondFont u-bold u-upperCase\" href=\"https:\/\/www.startlap.hu\/vasarlas\/bolhapiac-regisegvasar-korkep-belfold-terkep\/\" >Orsz\u00e1gos bolhapiac-k\u00f6rk\u00e9p: itt vad\u00e1szhatsz retr\u00f3 kincsekre<\/a>\n\t\t<\/h3>\n\t\t<a class=\"m-readMoreWidget__btn -coloredBack u-tC link\" href=\"https:\/\/www.startlap.hu\/vasarlas\/bolhapiac-regisegvasar-korkep-belfold-terkep\/\" >Elolvasom<\/a>\n\t<\/div>\n<\/div>\n<p><span style=\"font-size: 12px\">(MTI)<\/span><\/p>\n","protected":false},"excerpt":{"rendered":"<p>A Herendi Porcel\u00e1nmanufakt\u00fara Zrt. \u00fajra elk\u00e9sz\u00edti a vas\u00e1rnapi 38. Forma-1-es Magyar Nagyd\u00edjon gy\u0151ztes Max Verstappen \u00f6sszet\u00f6rt tr\u00f3fe\u00e1j\u00e1t.<\/p>\n","protected":false},"author":8,"featured_media":2237170,"comment_status":"closed","ping_status":"closed","sticky":false,"template":"","format":"standard","meta":{"footnotes":""},"categories":[8086],"tags":[3674,18479,18480,4543],"class_list":["post-2237162","post","type-post","status-publish","format-standard","has-post-thumbnail","hentry","category-vasarlas","tag-herendi-porcelanmanufaktura","tag-kupa","tag-lando-norris","tag-max-verstappen"],"aioseo_notices":[],"_links":{"self":[{"href":"https:\/\/www.startlap.hu\/vasarlas\/wp-json\/wp\/v2\/posts\/2237162","targetHints":{"allow":["GET"]}}],"collection":[{"href":"https:\/\/www.startlap.hu\/vasarlas\/wp-json\/wp\/v2\/posts"}],"about":[{"href":"https:\/\/www.startlap.hu\/vasarlas\/wp-json\/wp\/v2\/types\/post"}],"author":[{"embeddable":true,"href":"https:\/\/www.startlap.hu\/vasarlas\/wp-json\/wp\/v2\/users\/8"}],"replies":[{"embeddable":true,"href":"https:\/\/www.startlap.hu\/vasarlas\/wp-json\/wp\/v2\/comments?post=2237162"}],"version-history":[{"count":5,"href":"https:\/\/www.startlap.hu\/vasarlas\/wp-json\/wp\/v2\/posts\/2237162\/revisions"}],"predecessor-version":[{"id":2237169,"href":"https:\/\/www.startlap.hu\/vasarlas\/wp-json\/wp\/v2\/posts\/2237162\/revisions\/2237169"}],"wp:featuredmedia":[{"embeddable":true,"href":"https:\/\/www.startlap.hu\/vasarlas\/wp-json\/wp\/v2\/media\/2237170"}],"wp:attachment":[{"href":"https:\/\/www.startlap.hu\/vasarlas\/wp-json\/wp\/v2\/media?parent=2237162"}],"wp:term":[{"taxonomy":"category","embeddable":true,"href":"https:\/\/www.startlap.hu\/vasarlas\/wp-json\/wp\/v2\/categories?post=2237162"},{"taxonomy":"post_tag","embeddable":true,"href":"https:\/\/www.startlap.hu\/vasarlas\/wp-json\/wp\/v2\/tags?post=2237162"}],"curies":[{"name":"wp","href":"https:\/\/api.w.org\/{rel}","templated":true}]}}