{"id":2236984,"date":"2023-07-20T11:12:31","date_gmt":"2023-07-20T09:12:31","guid":{"rendered":"https:\/\/www.startlap.hu\/vasarlas\/?p=2236984"},"modified":"2023-07-20T10:50:24","modified_gmt":"2023-07-20T08:50:24","slug":"kakao-csokolade-dragulas-aremelkedes-2023","status":"publish","type":"post","link":"https:\/\/www.startlap.hu\/vasarlas\/kakao-csokolade-dragulas-aremelkedes-2023\/","title":{"rendered":"Rekord\u00e1ron a kaka\u00f3, t\u00f6bb mint 10 \u00e9ve nem volt ilyen dr\u00e1ga"},"content":{"rendered":"<p>A kaka\u00f3farmok r\u00e9g\u00f3ta szenvednek a rossz term\u00e9st\u0151l, de ennyire nagy bajban tal\u00e1n m\u00e9g sosem voltak. Ezt t\u00e1masztja al\u00e1 az a t\u00e9ny is, amir\u0151l a <a href=\"https:\/\/www.portfolio.hu\/uzlet\/20230719\/12-eve-nem-volt-ilyen-draga-a-kakao-628999\" target=\"_blank\" target=\"_blank\" rel=\"noopener noreferrer\">Portfolio<\/a> sz\u00e1mol be: a New York-i kaka\u00f3 hat\u00e1rid\u0151s jegyz\u00e9se t\u00f6bb, mint t\u00edz \u00e9ves rekordot d\u00f6nt\u00f6tt meg. Ez az \u00e1r jelenleg <strong>tonn\u00e1nk\u00e9nt 3433 doll\u00e1r<\/strong>, ami 26 doll\u00e1ros, vagyis 0,8 sz\u00e1zal\u00e9kos emelked\u00e9st jelent.&nbsp;<\/p>\n<figure id=\"attachment_2230567\" aria-describedby=\"caption-attachment-2230567\" style=\"width: 755px\" class=\"wp-caption alignnone\"><img loading=\"lazy\" decoding=\"async\" class=\"size-article-size-large-image wp-image-2230567\" src=\"https:\/\/www.startlap.hu\/vasarlas\/uploads\/2023\/03\/csokolade_harap_no2-755x503.jpg\" alt=\"Egy t\u00e1bla csokol\u00e1d\u00e9ba harap egy n\u0151\" width=\"755\" height=\"503\" srcset=\"https:\/\/www.startlap.hu\/vasarlas\/uploads\/2023\/03\/csokolade_harap_no2-755x503.jpg 755w, https:\/\/www.startlap.hu\/vasarlas\/uploads\/2023\/03\/csokolade_harap_no2-525x350.jpg 525w, https:\/\/www.startlap.hu\/vasarlas\/uploads\/2023\/03\/csokolade_harap_no2.jpg 1200w\" sizes=\"auto, (max-width: 755px) 100vw, 755px\" \/><figcaption id=\"caption-attachment-2230567\" class=\"wp-caption-text\">Fot\u00f3: Getty Images<\/figcaption><\/figure>\n<p>A szak\u00e9rt\u0151k szerint az \u00e1remelked\u00e9s sora els\u0151sorban az, hogy az Afrik\u00e1ban tapasztalhat\u00f3 nagy es\u0151z\u00e9sek miatt elszaporodtak a kaka\u00f3babokat megt\u00e1mad\u00f3 betegs\u00e9gek, ami visszavetette a term\u00e9st is. Az el\u0151rejelz\u00e9sek szerint<\/p>\n<blockquote class=\"article__extraTxt\"><p>a termel\u00e9s az idei \u00e9vben rendk\u00edv\u00fcl rossz lesz, k\u00fcl\u00f6n\u00f6sen a f\u0151 el\u0151\u00e1ll\u00edt\u00f3nak sz\u00e1m\u00edt\u00f3 Elef\u00e1ntcsontpart ter\u00fclet\u00e9n.<\/p><\/blockquote>\n<p>A tendencia pedig minden bizonnyal j\u00f6v\u0151re is folytat\u00f3dik, hiszen kifejezetten csapad\u00e9kos szezonra sz\u00e1m\u00edtanak a kontinensen. A kaka\u00f3 \u00e1r\u00e1nak emelked\u00e9se mellett a cukor \u00e1ra is n\u0151ni fog, \u00edgy a <a href=\"https:\/\/www.startlap.hu\/vasarlas\/zsirmentes-egeszseges-csokolade\/\" target=\"_blank\" rel=\"noopener noreferrer\">csokol\u00e1d\u00e9k<\/a> ter\u00fclet\u00e9n is jelent\u0151s dr\u00e1gul\u00e1sra lehet sz\u00e1m\u00edtani.&nbsp;<\/p>\n<div class=\"o-widget m-readMoreWidget -readMore u-shortDecorLineAfter row widget-container _ce_measure_widget bigdata-widget read-more\" data-ce-measure-widget=\"olvass tov\u00e1bb\">\n\t<div class=\"m-readMoreWidget__imgWrapper image-wrapper col-12 col-md-4 no-p\">\n\t\t<a class=\"m-readMoreWidget__imgLink\" href=\"https:\/\/www.startlap.hu\/vasarlas\/van-ahol-haromszoros-aron-kapni-a-pilota-kekszet-mi-az-oka\/\" >\n\t\t\t<img decoding=\"async\" src=\"https:\/\/www.startlap.hu\/vasarlas\/uploads\/2023\/07\/Untitled-design-350x285.png\" class=\"m-readMoreWidget__img\">\n\t\t<\/a>\n\t<\/div>\n\t<div class=\"m-readMoreWidget__titleWrapper title-wrapper col-12 col-md-8\">\n\t\t<span class=\"m-readMoreWidget__titleLabel u-shortDecorLineBefore label hidden-sm-up\">Ez is \u00e9rdekelhet:<\/span>\n\t\t<h3 class=\"m-readMoreWidget__title title\">\n\t\t\t<a class=\"m-readMoreWidget__titleLink -secondFont u-bold u-upperCase\" href=\"https:\/\/www.startlap.hu\/vasarlas\/van-ahol-haromszoros-aron-kapni-a-pilota-kekszet-mi-az-oka\/\" >Van, ahol h\u00e1romszoros \u00e1ron kapni a Pil\u00f3ta kekszet &#8211; mi az oka?<\/a>\n\t\t<\/h3>\n\t\t<a class=\"m-readMoreWidget__btn -coloredBack u-tC link\" href=\"https:\/\/www.startlap.hu\/vasarlas\/van-ahol-haromszoros-aron-kapni-a-pilota-kekszet-mi-az-oka\/\" >Elolvasom<\/a>\n\t<\/div>\n<\/div>\n","protected":false},"excerpt":{"rendered":"<p>12 \u00e9ve nem volt ilyen magas a kaka\u00f3\u0151rlem\u00e9ny tonn\u00e1nk\u00e9nti \u00e1ra \u00e9s j\u00f6v\u0151re sem v\u00e1rhat\u00f3 \u00e1rcs\u00f6kken\u00e9s. <\/p>\n","protected":false},"author":54,"featured_media":2236985,"comment_status":"closed","ping_status":"closed","sticky":false,"template":"","format":"standard","meta":{"footnotes":""},"categories":[8180],"tags":[2845,519,3205,13079],"class_list":["post-2236984","post","type-post","status-publish","format-standard","has-post-thumbnail","hentry","category-trending","tag-aremelkedes","tag-csokolade","tag-dragulas","tag-kakao"],"aioseo_notices":[],"_links":{"self":[{"href":"https:\/\/www.startlap.hu\/vasarlas\/wp-json\/wp\/v2\/posts\/2236984","targetHints":{"allow":["GET"]}}],"collection":[{"href":"https:\/\/www.startlap.hu\/vasarlas\/wp-json\/wp\/v2\/posts"}],"about":[{"href":"https:\/\/www.startlap.hu\/vasarlas\/wp-json\/wp\/v2\/types\/post"}],"author":[{"embeddable":true,"href":"https:\/\/www.startlap.hu\/vasarlas\/wp-json\/wp\/v2\/users\/54"}],"replies":[{"embeddable":true,"href":"https:\/\/www.startlap.hu\/vasarlas\/wp-json\/wp\/v2\/comments?post=2236984"}],"version-history":[{"count":3,"href":"https:\/\/www.startlap.hu\/vasarlas\/wp-json\/wp\/v2\/posts\/2236984\/revisions"}],"predecessor-version":[{"id":2236991,"href":"https:\/\/www.startlap.hu\/vasarlas\/wp-json\/wp\/v2\/posts\/2236984\/revisions\/2236991"}],"wp:featuredmedia":[{"embeddable":true,"href":"https:\/\/www.startlap.hu\/vasarlas\/wp-json\/wp\/v2\/media\/2236985"}],"wp:attachment":[{"href":"https:\/\/www.startlap.hu\/vasarlas\/wp-json\/wp\/v2\/media?parent=2236984"}],"wp:term":[{"taxonomy":"category","embeddable":true,"href":"https:\/\/www.startlap.hu\/vasarlas\/wp-json\/wp\/v2\/categories?post=2236984"},{"taxonomy":"post_tag","embeddable":true,"href":"https:\/\/www.startlap.hu\/vasarlas\/wp-json\/wp\/v2\/tags?post=2236984"}],"curies":[{"name":"wp","href":"https:\/\/api.w.org\/{rel}","templated":true}]}}