{"id":2236886,"date":"2023-07-18T11:27:57","date_gmt":"2023-07-18T09:27:57","guid":{"rendered":"https:\/\/www.startlap.hu\/vasarlas\/?p=2236886"},"modified":"2024-01-10T11:23:09","modified_gmt":"2024-01-10T10:23:09","slug":"mennyisegi-korlatozas-feloldas-tesco","status":"publish","type":"post","link":"https:\/\/www.startlap.hu\/vasarlas\/mennyisegi-korlatozas-feloldas-tesco\/","title":{"rendered":"A Tesco felold t\u00f6bb mennyis\u00e9gi korl\u00e1toz\u00e1st"},"content":{"rendered":"<p>Keddt\u0151l kivezeti a Tesco a kor\u00e1bban bevezetett mennyis\u00e9gi korl\u00e1toz\u00e1sok egy r\u00e9sz\u00e9t &#8211; \u00edrja a <a href=\"https:\/\/www.hirstart.hu\/site\/relocate.php?rssid=87&amp;rsspid=3&amp;ctype=rss&amp;id=26496046&amp;chk=f151e520c19198e0396b3b2f079ca1d1&amp;url=https%3A%2F%2Fwww.vg.hu%2Fkiskereskedelem%2F2023%2F07%2Fa-tesco-megelozott-mindenkit-nala-mar-reszben-veget-ert-az-arstop-leggyuloltebb-kovetkezmenye%3Futm_source%3Dhirstart%26utm_medium%3Dreferral%26utm_campaign%3Dhiraggregator\" target=\"_blank\" target=\"_blank\" rel=\"noopener noreferrer\">Vil\u00e1ggazdas\u00e1g<\/a>. Van viszont n\u00e9h\u00e1ny olyan term\u00e9k, amit tov\u00e1bbra is csak az \u00e1ruh\u00e1z \u00e1ltal meghat\u00e1rozott mennyis\u00e9gben lehet megv\u00e1s\u00e1rolni.<\/p>\n<figure id=\"attachment_2217355\" aria-describedby=\"caption-attachment-2217355\" style=\"width: 755px\" class=\"wp-caption aligncenter\"><img loading=\"lazy\" decoding=\"async\" class=\"size-article-size-large-image wp-image-2217355\" src=\"https:\/\/www.startlap.hu\/vasarlas\/uploads\/2022\/02\/tesco-1-755x503.jpg\" alt=\"A Tesco \u00e1ruh\u00e1z log\u00f3ja.\" width=\"755\" height=\"503\" srcset=\"https:\/\/www.startlap.hu\/vasarlas\/uploads\/2022\/02\/tesco-1-755x503.jpg 755w, https:\/\/www.startlap.hu\/vasarlas\/uploads\/2022\/02\/tesco-1-526x350.jpg 526w, https:\/\/www.startlap.hu\/vasarlas\/uploads\/2022\/02\/tesco-1.jpg 1024w\" sizes=\"auto, (max-width: 755px) 100vw, 755px\" \/><figcaption id=\"caption-attachment-2217355\" class=\"wp-caption-text\">Fot\u00f3: Jaap Arriens \/ NurPhoto \/ NurPhoto via AFP<\/figcaption><\/figure>\n<h2>Ezekb\u0151l a term\u00e9kekb\u0151l lehet besp\u00e1jzolni<\/h2>\n<p>J\u00falius 18-t\u00f3l <strong>a lisztb\u0151l, olajb\u00f3l, toj\u00e1sb\u00f3l \u00e9s UHT-tejb\u0151l<\/strong> lehet az eddig meghat\u00e1rozott mennyis\u00e9ghez k\u00e9pest t\u00f6bbet v\u00e1s\u00e1rolni. Az \u00fczletl\u00e1nc szerint az \u00e1rstop kivezet\u00e9se el\u0151tt a mennyis\u00e9gi korl\u00e1toz\u00e1s elt\u00f6rl\u00e9s\u00e9vel szeretn\u00e9k seg\u00edteni a v\u00e1s\u00e1rl\u00f3ikat.<\/p>\n<p>A 2021. okt\u00f3ber\u00e9ben bevezetett hat\u00f3s\u00e1gi \u00e1raz\u00e1st ugyanis augusztus 1-el <a href=\"https:\/\/www.startlap.hu\/vasarlas\/rendelet-arstop-kivezetes-kotelezo-akcio\/\" target=\"_blank\" rel=\"noopener noreferrer\">kivezetik<\/a>, helyette augusztusban \u00e9s szeptemberben legal\u00e1bb k\u00e9t, eddig \u00e1rstopos term\u00e9ket&nbsp;<strong>legal\u00e1bb tizen\u00f6t sz\u00e1zal\u00e9kkal olcs\u00f3bban kell adniuk<\/strong> a boltoknak.<\/p>\n<h2>T\u00f6bb term\u00e9kn\u00e9l marad a mennyis\u00e9gi korl\u00e1toz\u00e1s<\/h2>\n<p>A csirkeh\u00fasra,&nbsp;sert\u00e9scombra, burgony\u00e1ra, valamint a krist\u00e1lycukorra <strong>nem vonatkozik a mennyis\u00e9gi korl\u00e1toz\u00e1s elt\u00f6rl\u00e9se<\/strong>, ez\u00e9rt ezeket a term\u00e9keket tov\u00e1bbra is csak a meghat\u00e1rozott mennyis\u00e9gben lehet megv\u00e1s\u00e1rolni az \u00f6sszes Tesco \u00fczletben.<\/p>\n<p>A csirkemell \u00e9s csirke farh\u00e1t eset\u00e9ben ez a korl\u00e1toz\u00e1s 2 kil\u00f3, a sert\u00e9scombn\u00e1l 4 kil\u00f3, a l\u00e9dig \u00e9tkez\u00e9si burgony\u00e1n\u00e1l pedig 2 kil\u00f3. A cukor megv\u00e1s\u00e1rolhat\u00f3 mennyis\u00e9ge \u00fczletenk\u00e9nt v\u00e1ltozhat.<\/p>\n<div class=\"o-widget m-readMoreWidget -readMore u-shortDecorLineAfter row widget-container _ce_measure_widget bigdata-widget read-more\" data-ce-measure-widget=\"olvass tov\u00e1bb\">\n\t<div class=\"m-readMoreWidget__imgWrapper image-wrapper col-12 col-md-4 no-p\">\n\t\t<a class=\"m-readMoreWidget__imgLink\" href=\"https:\/\/www.startlap.hu\/vasarlas\/akcio-gyumolcs-aldi-auchan-lidl-penny-spar-tesco-2\/\" >\n\t\t\t<img decoding=\"async\" src=\"https:\/\/www.startlap.hu\/vasarlas\/uploads\/2023\/07\/gyumolcsok-bolt-merleg-alma-350x285.jpg\" class=\"m-readMoreWidget__img\">\n\t\t<\/a>\n\t<\/div>\n\t<div class=\"m-readMoreWidget__titleWrapper title-wrapper col-12 col-md-8\">\n\t\t<span class=\"m-readMoreWidget__titleLabel u-shortDecorLineBefore label hidden-sm-up\">Ez is \u00e9rdekelhet:<\/span>\n\t\t<h3 class=\"m-readMoreWidget__title title\">\n\t\t\t<a class=\"m-readMoreWidget__titleLink -secondFont u-bold u-upperCase\" href=\"https:\/\/www.startlap.hu\/vasarlas\/akcio-gyumolcs-aldi-auchan-lidl-penny-spar-tesco-2\/\" >Bezuhant a gy\u00fcm\u00f6lcs\u00f6k \u00e1ra a boltokban &#8211; a legjobb akci\u00f3k a h\u00e9ten<\/a>\n\t\t<\/h3>\n\t\t<a class=\"m-readMoreWidget__btn -coloredBack u-tC link\" href=\"https:\/\/www.startlap.hu\/vasarlas\/akcio-gyumolcs-aldi-auchan-lidl-penny-spar-tesco-2\/\" >Elolvasom<\/a>\n\t<\/div>\n<\/div>\n","protected":false},"excerpt":{"rendered":"<p>Az \u00e1rstop megsz\u0171n\u00e9se el\u0151tt t\u00f6bb term\u00e9kre vonatkoz\u00f3an kivezeti a Tesco a mennyis\u00e9gi korl\u00e1toz\u00e1st. Mutatjuk, miket lehet mostant\u00f3l nagy t\u00e9telben v\u00e1s\u00e1rolni.<\/p>\n","protected":false},"author":58,"featured_media":2217355,"comment_status":"closed","ping_status":"closed","sticky":false,"template":"","format":"standard","meta":{"footnotes":""},"categories":[8180],"tags":[16701,14723,12],"class_list":["post-2236886","post","type-post","status-publish","format-standard","has-post-thumbnail","hentry","category-trending","tag-arstop","tag-mennyisegi-korlatozas","tag-tesco"],"aioseo_notices":[],"_links":{"self":[{"href":"https:\/\/www.startlap.hu\/vasarlas\/wp-json\/wp\/v2\/posts\/2236886","targetHints":{"allow":["GET"]}}],"collection":[{"href":"https:\/\/www.startlap.hu\/vasarlas\/wp-json\/wp\/v2\/posts"}],"about":[{"href":"https:\/\/www.startlap.hu\/vasarlas\/wp-json\/wp\/v2\/types\/post"}],"author":[{"embeddable":true,"href":"https:\/\/www.startlap.hu\/vasarlas\/wp-json\/wp\/v2\/users\/58"}],"replies":[{"embeddable":true,"href":"https:\/\/www.startlap.hu\/vasarlas\/wp-json\/wp\/v2\/comments?post=2236886"}],"version-history":[{"count":7,"href":"https:\/\/www.startlap.hu\/vasarlas\/wp-json\/wp\/v2\/posts\/2236886\/revisions"}],"predecessor-version":[{"id":2236895,"href":"https:\/\/www.startlap.hu\/vasarlas\/wp-json\/wp\/v2\/posts\/2236886\/revisions\/2236895"}],"wp:featuredmedia":[{"embeddable":true,"href":"https:\/\/www.startlap.hu\/vasarlas\/wp-json\/wp\/v2\/media\/2217355"}],"wp:attachment":[{"href":"https:\/\/www.startlap.hu\/vasarlas\/wp-json\/wp\/v2\/media?parent=2236886"}],"wp:term":[{"taxonomy":"category","embeddable":true,"href":"https:\/\/www.startlap.hu\/vasarlas\/wp-json\/wp\/v2\/categories?post=2236886"},{"taxonomy":"post_tag","embeddable":true,"href":"https:\/\/www.startlap.hu\/vasarlas\/wp-json\/wp\/v2\/tags?post=2236886"}],"curies":[{"name":"wp","href":"https:\/\/api.w.org\/{rel}","templated":true}]}}