{"id":2235863,"date":"2023-06-22T16:47:56","date_gmt":"2023-06-22T14:47:56","guid":{"rendered":"https:\/\/www.startlap.hu\/vasarlas\/?p=2235863"},"modified":"2024-01-10T11:13:40","modified_gmt":"2024-01-10T10:13:40","slug":"arstop-kotelezo-akcio-arak-valtozas","status":"publish","type":"post","link":"https:\/\/www.startlap.hu\/vasarlas\/arstop-kotelezo-akcio-arak-valtozas\/","title":{"rendered":"Ennyit v\u00e1ltoznak az \u00e1rak az \u00e1rstop kivezet\u00e9s\u00e9vel"},"content":{"rendered":"<p>A korm\u00e1ny szerdai \u00fcl\u00e9s\u00e9n t\u00f6bbek k\u00f6z\u00f6tt arr\u00f3l is d\u00f6nt\u00f6tt, hogy&nbsp;<strong>2023. augusztus 1-j\u00e9ig meghosszabb\u00edtja az \u00e9lelmiszer\u00e1rstopot.&nbsp;<\/strong>Ezt k\u00f6vet\u0151en viszont <a href=\"https:\/\/www.startlap.hu\/vasarlas\/kormanyinfo-elelmiszerarstop-meghosszabbitas-gulyas-gergely-inflacio-csok-babavaro-hitel\/\" target=\"_blank\" rel=\"noopener noreferrer\">kivezetik a hat\u00f3s\u00e1gi \u00e1rat<\/a>, mert sz\u00e1m\u00edt\u00e1saik szerint&nbsp;augusztusban 15 sz\u00e1zal\u00e9k k\u00f6r\u00fcli m\u00e9rt\u00e9kre cs\u00f6kkenhet az infl\u00e1ci\u00f3.<\/p>\n<p>Ezzel p\u00e1rhuzamosan a<strong>&nbsp;k\u00f6telez\u0151 akci\u00f3z\u00e1st kiterjesztik azokra az \u00e9lelmiszercsoportokra is, amelyek eddig az \u00e1rstop hat\u00e1lya al\u00e1 estek.&nbsp;<\/strong>Ezeket a term\u00e9keket a besz\u00e1ll\u00edt\u00f3i \u00e1rn\u00e1l 15 sz\u00e1zal\u00e9kkal kell majd olcs\u00f3bban adni. Az int\u00e9zked\u00e9ssel viszont eg\u00e9szen biztosan megv\u00e1ltoznak a most ismert fogyaszt\u00f3i \u00e1rak. A <a href=\"https:\/\/www.hirstart.hu\/site\/relocate.php?rssid=42&amp;rsspid=3&amp;ctype=rss&amp;id=26319163&amp;chk=34e81d0d6108e591f8824d235071bf9f&amp;url=https%3A%2F%2Fhvg.hu%2Fgazdasag%2F20230622_Mi_mennyibe_fog_kerulni_az_arstop_kivezetese_utan_Kiszamoltuk\" target=\"_blank\" target=\"_blank\" rel=\"noopener noreferrer\">hvg.hu<\/a> kisz\u00e1molta, melyik term\u00e9k \u00e1ra milyen m\u00e9rt\u00e9kben emelkedhet, vagy \u00e9pp cs\u00f6kkenhet.<\/p>\n<figure id=\"attachment_2230889\" aria-describedby=\"caption-attachment-2230889\" style=\"width: 755px\" class=\"wp-caption aligncenter\"><img loading=\"lazy\" decoding=\"async\" class=\"size-article-size-large-image wp-image-2230889\" src=\"https:\/\/www.startlap.hu\/vasarlas\/uploads\/2023\/03\/bolt-vasarlo-755x503.jpg\" alt=\"Bolti sorok k\u00f6z\u00f6tt kos\u00e1rral \u00e1ll egy v\u00e1s\u00e1rl\u00f3\" width=\"755\" height=\"503\" srcset=\"https:\/\/www.startlap.hu\/vasarlas\/uploads\/2023\/03\/bolt-vasarlo-755x503.jpg 755w, https:\/\/www.startlap.hu\/vasarlas\/uploads\/2023\/03\/bolt-vasarlo-1536x1024.jpg 1536w, https:\/\/www.startlap.hu\/vasarlas\/uploads\/2023\/03\/bolt-vasarlo-525x350.jpg 525w, https:\/\/www.startlap.hu\/vasarlas\/uploads\/2023\/03\/bolt-vasarlo.jpg 1773w\" sizes=\"auto, (max-width: 755px) 100vw, 755px\" \/><figcaption id=\"caption-attachment-2230889\" class=\"wp-caption-text\">Fot\u00f3: Getty Images<\/figcaption><\/figure>\n<h2>Ennyit emelkednek az \u00e1rak<\/h2>\n<p>Az \u00e1rstopos term\u00e9kek nagy r\u00e9sz\u00e9t jelenleg a 2021. okt\u00f3ber 15-i \u00e1ron adj\u00e1k. Ez al\u00f3l a burgonya \u00e9s a toj\u00e1s k\u00e9pez kiv\u00e9telt, amit a 2022. szeptember 30-i \u00e1ron maximaliz\u00e1ltak. B\u00e1r a j\u00f6v\u0151ben 15 sz\u00e1zal\u00e9kkal olcs\u00f3bban kell adni ezeket a besz\u00e1ll\u00edt\u00f3i \u00e1rhoz k\u00e9pest, az <a href=\"https:\/\/www.startlap.hu\/vasarlas\/inflacio-2023-majus\/\" target=\"_blank\" rel=\"noopener noreferrer\">infl\u00e1ci\u00f3<\/a> m\u00e9rt\u00e9ke is azt mutatja, hogy bizonyos term\u00e9kek nem 15 sz\u00e1zal\u00e9kot emelkedtek ebben a k\u00f6zel k\u00e9t \u00e9vben.<\/p>\n<p>A <strong>csirkemellnek<\/strong> p\u00e9ld\u00e1ul a beszerz\u00e9si \u00e1ra a j\u00fanius 5-11-i h\u00e9ten 1938 forint volt. Ha ebb\u0151l levonjuk a k\u00f6telez\u0151 15 sz\u00e1zal\u00e9kot, akkor a mostani 1499 forintos \u00e1rhoz k\u00e9pest \u00edgy is 1647 forintra n\u0151, ami <strong>k\u00f6zel 10 sz\u00e1zal\u00e9k emel\u00e9st jelent<\/strong>.<\/p>\n<p>Hasonl\u00f3an megemelkedett a <strong>krist\u00e1lycukor<\/strong> piaci \u00e1ra is, \u00edgy a mostani \u00e1tlagos <strong>260 forintos kilonk\u00e9nti \u00e1rr\u00f3l 314-323 forintra n\u0151het<\/strong>.<\/p>\n<h2>Van, aminek az \u00e1ra cs\u00f6kkenni fog<\/h2>\n<p>T\u00f6bb term\u00e9k is van, aminek az \u00e1ra elkezdett cs\u00f6kkenni az elm\u00falt id\u0151szakban. A <a href=\"https:\/\/www.startlap.hu\/vasarlas\/tejtermekek-arcsokkentes-aldi\/\" target=\"_blank\" rel=\"noopener noreferrer\">tej<\/a> p\u00e9ld\u00e1ul m\u00e1r most is olcs\u00f3bb ahhoz k\u00e9pest, mint amennyi\u00e9rt az \u00e1rstopban r\u00f6gz\u00edtett rendelet szerint \u00e1rulni kellene.<\/p>\n<p>A k\u00f6telez\u0151 akci\u00f3 miatt viszont a keresked\u0151nek a&nbsp;<strong>mostanin\u00e1l is olcs\u00f3bban kell \u00e1rulni ezeket a term\u00e9keket<\/strong>. Ez\u00e9rt a 2,8 sz\u00e1zal\u00e9kos UHT tejek p\u00e9ld\u00e1ul 210, illetve 338 forintr\u00f3l 156, illetve 281 forintra m\u00e9rs\u00e9kl\u0151dhet.<\/p>\n<p>A saj\u00e1t m\u00e1rk\u00e1s liszt kil\u00f3ja 182 forintr\u00f3l 155 forintra, m\u00edg a saj\u00e1t m\u00e1rk\u00e1s \u00e9tolaj liter\u00e1ra 550 forintr\u00f3l 459 forintra cs\u00f6kkenne a HVG sz\u00e1m\u00edt\u00e1sa szerint. A sert\u00e9scomb 1500 forintr\u00f3l 1407 forintra, m\u00edg a toj\u00e1s eset\u00e9ben a mostani 54 forint helyett 46 forint\u00e9rt v\u00e1s\u00e1rolhatunk egy darabot augusztust\u00f3l.<\/p>\n<div class=\"o-widget m-readMoreWidget -readMore u-shortDecorLineAfter row widget-container _ce_measure_widget bigdata-widget read-more\" data-ce-measure-widget=\"olvass tov\u00e1bb\">\n\t<div class=\"m-readMoreWidget__imgWrapper image-wrapper col-12 col-md-4 no-p\">\n\t\t<a class=\"m-readMoreWidget__imgLink\" href=\"https:\/\/www.startlap.hu\/vasarlas\/szep-kartya-elelmiszer-vasarlas-inflacio-gazdasag-2023\/\" >\n\t\t\t<img decoding=\"async\" src=\"https:\/\/www.startlap.hu\/vasarlas\/uploads\/2023\/06\/szep-kartya-hidegelmiszer-vasarlas-350x285.jpg\" class=\"m-readMoreWidget__img\">\n\t\t<\/a>\n\t<\/div>\n\t<div class=\"m-readMoreWidget__titleWrapper title-wrapper col-12 col-md-8\">\n\t\t<span class=\"m-readMoreWidget__titleLabel u-shortDecorLineBefore label hidden-sm-up\">Ez is \u00e9rdekelhet:<\/span>\n\t\t<h3 class=\"m-readMoreWidget__title title\">\n\t\t\t<a class=\"m-readMoreWidget__titleLink -secondFont u-bold u-upperCase\" href=\"https:\/\/www.startlap.hu\/vasarlas\/szep-kartya-elelmiszer-vasarlas-inflacio-gazdasag-2023\/\" >Itt lehet majd SZ\u00c9P-k\u00e1rty\u00e1val \u00e9lelmiszert venni<\/a>\n\t\t<\/h3>\n\t\t<a class=\"m-readMoreWidget__btn -coloredBack u-tC link\" href=\"https:\/\/www.startlap.hu\/vasarlas\/szep-kartya-elelmiszer-vasarlas-inflacio-gazdasag-2023\/\" >Elolvasom<\/a>\n\t<\/div>\n<\/div>\n","protected":false},"excerpt":{"rendered":"<p>Lesz olyan term\u00e9k, aminek az \u00e1ra k\u00f6zel t\u00edz sz\u00e1zal\u00e9kkal megemelkedik az \u00e1rstop kivezet\u00e9s\u00e9vel, de olyan is akad, ami a k\u00f6telez\u0151 akci\u00f3nak k\u00f6sz\u00f6nhet\u0151en olcs\u00f3bb lesz.<\/p>\n","protected":false},"author":58,"featured_media":2230889,"comment_status":"closed","ping_status":"closed","sticky":false,"template":"","format":"standard","meta":{"footnotes":""},"categories":[8180],"tags":[2845,16701,18242],"class_list":["post-2235863","post","type-post","status-publish","format-standard","has-post-thumbnail","hentry","category-trending","tag-aremelkedes","tag-arstop","tag-kotelezo-akcio"],"aioseo_notices":[],"_links":{"self":[{"href":"https:\/\/www.startlap.hu\/vasarlas\/wp-json\/wp\/v2\/posts\/2235863","targetHints":{"allow":["GET"]}}],"collection":[{"href":"https:\/\/www.startlap.hu\/vasarlas\/wp-json\/wp\/v2\/posts"}],"about":[{"href":"https:\/\/www.startlap.hu\/vasarlas\/wp-json\/wp\/v2\/types\/post"}],"author":[{"embeddable":true,"href":"https:\/\/www.startlap.hu\/vasarlas\/wp-json\/wp\/v2\/users\/58"}],"replies":[{"embeddable":true,"href":"https:\/\/www.startlap.hu\/vasarlas\/wp-json\/wp\/v2\/comments?post=2235863"}],"version-history":[{"count":6,"href":"https:\/\/www.startlap.hu\/vasarlas\/wp-json\/wp\/v2\/posts\/2235863\/revisions"}],"predecessor-version":[{"id":2235871,"href":"https:\/\/www.startlap.hu\/vasarlas\/wp-json\/wp\/v2\/posts\/2235863\/revisions\/2235871"}],"wp:featuredmedia":[{"embeddable":true,"href":"https:\/\/www.startlap.hu\/vasarlas\/wp-json\/wp\/v2\/media\/2230889"}],"wp:attachment":[{"href":"https:\/\/www.startlap.hu\/vasarlas\/wp-json\/wp\/v2\/media?parent=2235863"}],"wp:term":[{"taxonomy":"category","embeddable":true,"href":"https:\/\/www.startlap.hu\/vasarlas\/wp-json\/wp\/v2\/categories?post=2235863"},{"taxonomy":"post_tag","embeddable":true,"href":"https:\/\/www.startlap.hu\/vasarlas\/wp-json\/wp\/v2\/tags?post=2235863"}],"curies":[{"name":"wp","href":"https:\/\/api.w.org\/{rel}","templated":true}]}}