{"id":2235728,"date":"2023-06-20T08:49:19","date_gmt":"2023-06-20T06:49:19","guid":{"rendered":"https:\/\/www.startlap.hu\/vasarlas\/?p=2235728"},"modified":"2024-01-10T11:13:05","modified_gmt":"2024-01-10T10:13:05","slug":"ikea-lakberendezes-2023-tanacsadas","status":"publish","type":"post","link":"https:\/\/www.startlap.hu\/vasarlas\/ikea-lakberendezes-2023-tanacsadas\/","title":{"rendered":"Itt az IKEA \u00faj\u00edt\u00e1sa: k\u00fcl\u00f6nleges m\u00f3don seg\u00edt a lakberendez\u00e9sben"},"content":{"rendered":"<p>A legt\u00f6bb embernek nincs p\u00e9nze, vagy nem szeretne nagyobb \u00f6sszeget kiadni arra, hogy egy lakberendez\u0151 tan\u00e1csad\u00f3 seg\u00edtsen neki a megfelel\u0151 b\u00fatorok kiv\u00e1laszt\u00e1s\u00e1ban. Az IKEA viszont \u00fagy gondolja, hogy \u00fagy szolg\u00e1ltat\u00e1s\u00e1val j\u00f3 lesz a v\u00e1s\u00e1rl\u00f3nak, mert <strong>minden eddigin\u00e9l olcs\u00f3bb lesz a tan\u00e1csad\u00e1s<\/strong>, valamint j\u00f3 lesz neki is, mert n\u00f6velni tudja az elad\u00e1sok sz\u00e1m\u00e1t &#8211; \u00edrja a <a href=\"https:\/\/www.hirstart.hu\/site\/relocate.php?rssid=57&amp;rsspid=3&amp;ctype=rss&amp;id=26282517&amp;chk=951f0a4d0c084c9352bac001948b6a05&amp;url=https%3A%2F%2Fprivatbankar.hu%2Fcikkek%2Fmakro%2Fuj-lepes-az-ikeatol.html\" target=\"_blank\" target=\"_blank\" rel=\"noopener noreferrer\">Priv\u00e1tbank\u00e1r<\/a>.<\/p>\n<figure id=\"attachment_2228327\" aria-describedby=\"caption-attachment-2228327\" style=\"width: 755px\" class=\"wp-caption aligncenter\"><img loading=\"lazy\" decoding=\"async\" class=\"size-article-size-large-image wp-image-2228327\" src=\"https:\/\/www.startlap.hu\/vasarlas\/uploads\/2023\/01\/ikea-aruhaz-logo-755x515.jpg\" alt=\"AZ IKEA \u00e1ruh\u00e1z log\u00f3ja\" width=\"755\" height=\"515\" srcset=\"https:\/\/www.startlap.hu\/vasarlas\/uploads\/2023\/01\/ikea-aruhaz-logo-755x515.jpg 755w, https:\/\/www.startlap.hu\/vasarlas\/uploads\/2023\/01\/ikea-aruhaz-logo-513x350.jpg 513w, https:\/\/www.startlap.hu\/vasarlas\/uploads\/2023\/01\/ikea-aruhaz-logo.jpg 1200w\" sizes=\"auto, (max-width: 755px) 100vw, 755px\" \/><figcaption id=\"caption-attachment-2228327\" class=\"wp-caption-text\">Fot\u00f3: PATRICK PLEUL\/dpa\/AFP<\/figcaption><\/figure>\n<h2>Vide\u00f3h\u00edv\u00e1sban adnak tan\u00e1csot<\/h2>\n<p>Az IKEA m\u00e1r \u00e1t is k\u00e9pzett t\u00f6bb, a telefonvonal m\u00e1sik v\u00e9g\u00e9n \u00fcl\u0151 call centeres munkat\u00e1rsat, akik <a href=\"https:\/\/www.startlap.hu\/vasarlas\/google-ikea-3d-butor-tervezes\/\" target=\"_blank\" rel=\"noopener noreferrer\">lakberendez\u00e9si<\/a> tan\u00e1csot adnak a leend\u0151 v\u00e1s\u00e1rl\u00f3knak.<\/p>\n<blockquote class=\"article__extraTxt\"><p>Az Egyes\u00fclt \u00c1llamokban, Eur\u00f3pa egyes orsz\u00e1gaiban, az Egyes\u00fclt Arab Em\u00edrs\u00e9gekben \u00e9s Ausztr\u00e1li\u00e1ban nem kevesebb, mint 8500 alkalmazottat k\u00e9peztek ki 2021 \u00f3ta bels\u0151\u00e9p\u00edt\u00e9szeti tan\u00e1csad\u00f3v\u00e1.<\/p><\/blockquote>\n<p>A projekt sikeress\u00e9ge miatt legut\u00f3bb az Egyes\u00fclt Kir\u00e1lys\u00e1gban vezett\u00e9k be a szolg\u00e1ltat\u00e1st, ahol 25 fontba, azaz <strong>nagyj\u00e1b\u00f3l 11 ezer forintba ker\u00fcl<\/strong> egy 45-60 perces vide\u00f3h\u00edv\u00e1s. A tan\u00e1csad\u00e1s v\u00e9g\u00e9n mell\u00e9kelnek egy term\u00e9klist\u00e1t is, amiben szerepelnek a megv\u00e1s\u00e1rl\u00e1sra javasolt b\u00fatorok.<\/p>\n<h2>Sokat kasz\u00e1l az IKEA a tan\u00e1csad\u00e1ssal<\/h2>\n<article class=\"news-page-article\">\n<div class=\"zephr-feature-article\">\n<div class=\"article\">\n<p>Az el\u0151z\u0151, lez\u00e1rt p\u00e9nz\u00fcgyi \u00e9v\u00e9ben 1,4 milli\u00e1rd doll\u00e1r bev\u00e9telt hozott ez a fajta bels\u0151\u00e9p\u00edt\u00e9szeti tan\u00e1csad\u00e1s az Ike\u00e1nak, ami&nbsp;<strong>a teljes bev\u00e9tel 3,3 sz\u00e1zal\u00e9k\u00e1t adta<\/strong>. Az <a href=\"https:\/\/www.startlap.hu\/vasarlas\/ikea-tervezostudio-pecs\/\" target=\"_blank\" rel=\"noopener noreferrer\">IKEA<\/a> c\u00e9lja, hogy ezt a sz\u00e1mot 2028-ra 10 sz\u00e1zal\u00e9kra n\u00f6velje, \u00edgy nem kiz\u00e1rt, hogy hamarosan Magyarorsz\u00e1gon is megjelenik ez a fajta szolg\u00e1ltat\u00e1s.<\/p>\n<\/div>\n<\/div>\n<\/article>\n<p>Ezzel a megold\u00e1ssal egy\u00e9bk\u00e9nt nem tervezik kiv\u00e1ltani a nemr\u00e9g megjelent Billie n\u00e9vre keresztelt asszisztenst, ami a mesters\u00e9ges intelligenci\u00e1ra \u00e9p\u00fcl \u00e9s a gyakran el\u0151fordul\u00f3, tipikus k\u00e9rd\u00e9sekre ad v\u00e1laszokat.<\/p>\n<div class=\"o-widget m-readMoreWidget -readMore u-shortDecorLineAfter row widget-container _ce_measure_widget bigdata-widget read-more\" data-ce-measure-widget=\"olvass tov\u00e1bb\">\n\t<div class=\"m-readMoreWidget__imgWrapper image-wrapper col-12 col-md-4 no-p\">\n\t\t<a class=\"m-readMoreWidget__imgLink\" href=\"https:\/\/www.startlap.hu\/vasarlas\/ikea-osszehajthato-kanape-ujrahasznositas-mesterseg-intelligencia-2023\/\" >\n\t\t\t<img decoding=\"async\" src=\"https:\/\/www.startlap.hu\/vasarlas\/uploads\/2023\/06\/\u00f6sszehajthat\u00f3-ikea-kanap\u00e9-350x285.jpg\" class=\"m-readMoreWidget__img\">\n\t\t<\/a>\n\t<\/div>\n\t<div class=\"m-readMoreWidget__titleWrapper title-wrapper col-12 col-md-8\">\n\t\t<span class=\"m-readMoreWidget__titleLabel u-shortDecorLineBefore label hidden-sm-up\">Ez is \u00e9rdekelhet:<\/span>\n\t\t<h3 class=\"m-readMoreWidget__title title\">\n\t\t\t<a class=\"m-readMoreWidget__titleLink -secondFont u-bold u-upperCase\" href=\"https:\/\/www.startlap.hu\/vasarlas\/ikea-osszehajthato-kanape-ujrahasznositas-mesterseg-intelligencia-2023\/\" >\u00c9rkezik az IKEA \u00faj, \u00f6sszehajthat\u00f3 kanap\u00e9ja<\/a>\n\t\t<\/h3>\n\t\t<a class=\"m-readMoreWidget__btn -coloredBack u-tC link\" href=\"https:\/\/www.startlap.hu\/vasarlas\/ikea-osszehajthato-kanape-ujrahasznositas-mesterseg-intelligencia-2023\/\" >Elolvasom<\/a>\n\t<\/div>\n<\/div>\n","protected":false},"excerpt":{"rendered":"<p>Egy minden eddigin\u00e9l kedvez\u0151bb \u00e1r\u00fa tan\u00e1csad\u00e1ssal seg\u00edti v\u00e1s\u00e1rl\u00f3it az egyik legnagyobb b\u00fator\u00e1ruh\u00e1z, az IKEA. A szolg\u00e1ltat\u00e1s miatt t\u00f6bb ezer embert k\u00e9peztek \u00e1t.<\/p>\n","protected":false},"author":58,"featured_media":2228327,"comment_status":"closed","ping_status":"closed","sticky":false,"template":"","format":"standard","meta":{"footnotes":""},"categories":[8089],"tags":[1353,1727],"class_list":["post-2235728","post","type-post","status-publish","format-standard","has-post-thumbnail","hentry","category-otthon","tag-ikea","tag-lakberendezes"],"aioseo_notices":[],"_links":{"self":[{"href":"https:\/\/www.startlap.hu\/vasarlas\/wp-json\/wp\/v2\/posts\/2235728","targetHints":{"allow":["GET"]}}],"collection":[{"href":"https:\/\/www.startlap.hu\/vasarlas\/wp-json\/wp\/v2\/posts"}],"about":[{"href":"https:\/\/www.startlap.hu\/vasarlas\/wp-json\/wp\/v2\/types\/post"}],"author":[{"embeddable":true,"href":"https:\/\/www.startlap.hu\/vasarlas\/wp-json\/wp\/v2\/users\/58"}],"replies":[{"embeddable":true,"href":"https:\/\/www.startlap.hu\/vasarlas\/wp-json\/wp\/v2\/comments?post=2235728"}],"version-history":[{"count":4,"href":"https:\/\/www.startlap.hu\/vasarlas\/wp-json\/wp\/v2\/posts\/2235728\/revisions"}],"predecessor-version":[{"id":2235732,"href":"https:\/\/www.startlap.hu\/vasarlas\/wp-json\/wp\/v2\/posts\/2235728\/revisions\/2235732"}],"wp:featuredmedia":[{"embeddable":true,"href":"https:\/\/www.startlap.hu\/vasarlas\/wp-json\/wp\/v2\/media\/2228327"}],"wp:attachment":[{"href":"https:\/\/www.startlap.hu\/vasarlas\/wp-json\/wp\/v2\/media?parent=2235728"}],"wp:term":[{"taxonomy":"category","embeddable":true,"href":"https:\/\/www.startlap.hu\/vasarlas\/wp-json\/wp\/v2\/categories?post=2235728"},{"taxonomy":"post_tag","embeddable":true,"href":"https:\/\/www.startlap.hu\/vasarlas\/wp-json\/wp\/v2\/tags?post=2235728"}],"curies":[{"name":"wp","href":"https:\/\/api.w.org\/{rel}","templated":true}]}}