{"id":2233267,"date":"2023-04-27T13:59:46","date_gmt":"2023-04-27T11:59:46","guid":{"rendered":"https:\/\/www.startlap.hu\/vasarlas\/?p=2233267"},"modified":"2023-04-27T13:59:46","modified_gmt":"2023-04-27T11:59:46","slug":"inflacio-aremeles-mobilszolgaltato-elelmiszerinflacio-akcio-posta-foldgaz-aram-napelem-rezsi","status":"publish","type":"post","link":"https:\/\/www.startlap.hu\/vasarlas\/inflacio-aremeles-mobilszolgaltato-elelmiszerinflacio-akcio-posta-foldgaz-aram-napelem-rezsi\/","title":{"rendered":"F\u00e1j\u00f3 \u00e1remel\u00e9sek a mobilszolg\u00e1ltat\u00f3kn\u00e1l"},"content":{"rendered":"<h2>F\u00e1j\u00f3 \u00e1remel\u00e9sek a mobilszolg\u00e1ltat\u00f3kn\u00e1l<\/h2>\n<p>Nagyot l\u00f3d\u00edtott az egy\u00e9bk\u00e9nt is rekord magas magyar&nbsp;infl\u00e1ci\u00f3n, hogy az els\u0151 negyed\u00e9vben hatalmasat emeltek a mobilszolg\u00e1ltat\u00f3k a d\u00edjaikon \u2013 \u00edrja az Az\u00e9np\u00e9nzem.hu. R\u00e1ad\u00e1sul <strong>eddig p\u00e9ld\u00e1tlan m\u00f3don a h\u0171s\u00e9gid\u0151s el\u0151fizet\u00e9sek is megdr\u00e1gultak<\/strong>. Aki most szeretne \u00faj lakoss\u00e1gi sz\u00e1ml\u00e1s d\u00edjcsomagot, mintegy 15-20 sz\u00e1zal\u00e9kkal fizethet t\u00f6bbet, mint egy \u00e9vvel ezel\u0151tt.<\/p>\n<figure id=\"attachment_2233273\" aria-describedby=\"caption-attachment-2233273\" style=\"width: 755px\" class=\"wp-caption alignnone\"><img loading=\"lazy\" decoding=\"async\" class=\"size-article-size-large-image wp-image-2233273\" src=\"https:\/\/www.startlap.hu\/vasarlas\/uploads\/2023\/04\/mobiltelefon-no-golyostoll-irat-755x416.jpg\" alt=\"Egy n\u0151 egy mobiltelefont tart az egyik kez\u00e9ben, a m\u00e1sikban goly\u00f3stoll.\" width=\"755\" height=\"416\" srcset=\"https:\/\/www.startlap.hu\/vasarlas\/uploads\/2023\/04\/mobiltelefon-no-golyostoll-irat-755x416.jpg 755w, https:\/\/www.startlap.hu\/vasarlas\/uploads\/2023\/04\/mobiltelefon-no-golyostoll-irat-635x350.jpg 635w, https:\/\/www.startlap.hu\/vasarlas\/uploads\/2023\/04\/mobiltelefon-no-golyostoll-irat.jpg 1200w\" sizes=\"auto, (max-width: 755px) 100vw, 755px\" \/><figcaption id=\"caption-attachment-2233273\" class=\"wp-caption-text\">Getty Images<\/figcaption><\/figure>\n<h2>K\u00f6telez\u0151 bolti akci\u00f3k: kider\u00fclt, mennyivel kell olcs\u00f3bban adni a term\u00e9keket<\/h2>\n<p>A korm\u00e1ny g\u00f6r\u00f6g \u00e9s francia p\u00e9ld\u00e1k alapj\u00e1n \u00faj infl\u00e1ci\u00f3ellenes eszk\u00f6z bevezet\u00e9s\u00e9r\u0151l d\u00f6nt\u00f6tt, a jelent\u0151sebb bev\u00e9tellel rendelkez\u0151 kiskereskedelmi \u00fczleteket <strong>rendszeres akci\u00f3k meghirdet\u00e9s\u00e9re k\u00f6telezi<\/strong>. A Gazdas\u00e1gfejleszt\u00e9si Miniszt\u00e9rium (GFM) \u00e9s az Agr\u00e1rminiszt\u00e9rium (AM) kidolgozta a r\u00e9szletszab\u00e1lyokat, amelyekb\u0151l megtudjuk t\u00f6bbek k\u00f6z\u00f6tt, hogy <a href=\"https:\/\/www.hirstart.hu\/site\/relocate.php?rssid=375&amp;rsspid=3&amp;ctype=rss&amp;id=25900906&amp;chk=6ddd7b48143dd327ed9f4af8be188b95&amp;url=https%3A%2F%2Fwww.startlap.hu%2Fvasarlas%2Fkotelezo-akcio-reszlet%2F\" target=\"_blank\" target=\"_blank\" rel=\"noopener noreferrer\"><strong>mely boltokat k\u00f6telezik az akci\u00f3z\u00e1sra, mekkora kedvezm\u00e9nyt kell adniuk, \u00e9s mett\u0151l meddig lesz \u00e9rv\u00e9nyben az \u00faj szab\u00e1ly<\/strong><\/a>.<\/p>\n<h2>J\u00f6n az 1000 forintos f\u00e9lkil\u00f3s feh\u00e9r keny\u00e9r \u00e9s az 5000 forintos karaj?&nbsp;<\/h2>\n<p>Magyarorsz\u00e1g j\u00fanius v\u00e9g\u00e9ig <strong>megtiltotta 25 agr\u00e1rterm\u00e9k, k\u00f6z\u00f6tt\u00fck a hazain\u00e1l j\u00f3val olcs\u00f3bb ukr\u00e1n gabona, toj\u00e1s, h\u00fas behozatal\u00e1t<\/strong>. A termel\u0151k azt rem\u00e9lik ett\u0151l, hogy n\u0151nek a felv\u00e1s\u00e1rl\u00e1si \u00e1rak \u00e9s visszat\u00e9rnek a vev\u0151k, de a fogyaszt\u00f3k agg\u00f3dhatnak. <a href=\"https:\/\/www.hirstart.hu\/site\/relocate.php?rssid=41&amp;rsspid=3&amp;ctype=rss&amp;id=25902590&amp;chk=8bdef18dc68c6f57bed6f2ad21d481de&amp;url=https%3A%2F%2Fmfor.hu%2Fcikkek%2Fagrarium%2Fjon-az-1000-forintos-felkilos-feher-kenyer-es-az-5000-forintos-karaj.html\" target=\"_blank\" target=\"_blank\" rel=\"noopener noreferrer\"><strong>Az olcs\u00f3 import le\u00e1ll\u00edt\u00e1s\u00e1val tov\u00e1bb gyorsulhat az \u00e9lelmiszerinfl\u00e1ci\u00f3<\/strong><\/a>, f\u00e9l\u0151, hogy j\u00f6n az 1000 forintos f\u00e9lkil\u00f3s feh\u00e9r keny\u00e9r \u00e9s az 5000 forintos karaj. Az mfor.hu \u00f6ssze\u00e1ll\u00edt\u00e1sa.<\/p>\n<h2>J\u00faniust\u00f3l megsz\u0171nik egy n\u00e9pszer\u0171 szolg\u00e1ltat\u00e1s a post\u00e1kon<\/h2>\n<p>Sorra \u00e9rtes\u00edti a napokban a Magyar Posta h\u00edrlap\u00fczlet\u00e1ga a kiad\u00f3kat arr\u00f3l, hogy 2023. m\u00e1jus 31-\u00e9vel a \u201cm\u0171k\u00f6d\u00e9s racionaliz\u00e1l\u00e1sa ok\u00e1n (\u2026) a <a href=\"https:\/\/www.startlap.hu\/vasarlas\/posta-hirlap-postabolt-megszunes\/\" target=\"_blank\" rel=\"noopener noreferrer\"><strong>h\u00edrlapok \u00e9rt\u00e9kes\u00edt\u00e9se megsz\u00fcntet\u00e9sre ker\u00fcl<\/strong><\/a> a postai h\u00e1l\u00f3zatban\u201d \u2013 \u00e9rtes\u00fclt a&nbsp;Magyar Hang. A lap inform\u00e1ci\u00f3i szerint <strong>a postaboltok is bez\u00e1rnak<\/strong>.<\/p>\n<h2>Eur\u00f3pa-rekord: Magyarorsz\u00e1gon volt a legalacsonyabb a g\u00e1z \u00e9s a villany \u00e1ra tavaly<\/h2>\n<figure id=\"attachment_2225570\" aria-describedby=\"caption-attachment-2225570\" style=\"width: 755px\" class=\"wp-caption alignnone\"><img loading=\"lazy\" decoding=\"async\" class=\"size-article-size-large-image wp-image-2225570\" src=\"https:\/\/www.startlap.hu\/vasarlas\/uploads\/2022\/10\/villanyorak-755x406.jpg\" alt=\"Villany\u00f3r\u00e1k illusztr\u00e1ci\u00f3ja.\" width=\"755\" height=\"406\" srcset=\"https:\/\/www.startlap.hu\/vasarlas\/uploads\/2022\/10\/villanyorak-755x406.jpg 755w, https:\/\/www.startlap.hu\/vasarlas\/uploads\/2022\/10\/villanyorak-651x350.jpg 651w, https:\/\/www.startlap.hu\/vasarlas\/uploads\/2022\/10\/villanyorak.jpg 1200w\" sizes=\"auto, (max-width: 755px) 100vw, 755px\" \/><figcaption id=\"caption-attachment-2225570\" class=\"wp-caption-text\">Fot\u00f3: Getty Images<\/figcaption><\/figure>\n<p>A h\u00e1ztart\u00e1si g\u00e1z \u00e9s a villany\u00e1ram \u00e1tlagos \u00e1ra <a href=\"https:\/\/www.startlap.hu\/vasarlas\/eurostat-magyarorszag-gazar-villany-ar-legalacsonyabb\/\" target=\"_blank\" rel=\"noopener noreferrer\"><strong>2022 m\u00e1sodik fel\u00e9ben<\/strong><\/a> Magyarorsz\u00e1gon volt a legalacsonyabb Eur\u00f3p\u00e1ban, a magyaroknak 3,5 eur\u00f3t kellett fizetni\u00fck 100 kilowatt\u00f3ra (kWh) g\u00e1z\u00e9rt \u00e9s 10,8 eur\u00f3t 100 kilowatt\u00f3ra villamosenergi\u00e1\u00e9rt &#8211; k\u00f6z\u00f6lte az Eur\u00f3pai Uni\u00f3 statisztikai hivatala, az Eurostat szerd\u00e1n.<\/p>\n<h2>Takar\u00e9koskodn\u00e1nak a magyarok, de nincs mib\u0151l<\/h2>\n<p>B\u00e1r az \u00e1tlagfizet\u00e9sek meredek emelked\u0151n vannak, az&nbsp;infl\u00e1ci\u00f3 miatt kevesebb jut a takar\u00e9koskod\u00e1sra a K&amp;H \u00f6ssze\u00e1ll\u00edt\u00e1sa szerint, amit a P\u00e9nzcentrum ismertetett. A p\u00e9nzint\u00e9zet felm\u00e9r\u00e9se szerint a m\u00falt \u00e9v utols\u00f3 negyed\u00e9ben <a href=\"https:\/\/www.hirstart.hu\/site\/relocate.php?rssid=33&amp;rsspid=3&amp;ctype=rss&amp;id=25901315&amp;chk=23001779da2a83002becc2ecdacc0656&amp;url=https%3A%2F%2Fwww.penzcentrum.hu%2Fmegtakaritas%2F20230426%2Ftakarekoskodnanak-a-magyarok-de-nincs-mibol-ennyire-keveset-tudnak-felretenni-1136409\" target=\"_blank\" target=\"_blank\" rel=\"noopener noreferrer\"><strong>3 milli\u00f3 forintot tett ki az \u00e9rintettek megtakar\u00edt\u00e1sa<\/strong><\/a>, ami 12 sz\u00e1zal\u00e9kos \u00e9ves n\u00f6veked\u00e9snek felel meg, szemben az egy \u00e9vvel kor\u00e1bbi 20 sz\u00e1zal\u00e9kos emelked\u00e9ssel.<\/p>\n<h2>Az E.ON m\u00e1r r\u00e1k\u00e9sz\u00fclt a napelem-csatlakoztat\u00e1si boomra<\/h2>\n<p>Igen hasznos innov\u00e1ci\u00f3t vetett be 19 dun\u00e1nt\u00fali \u00e9s budapesti k\u00f6rzetben a <a href=\"https:\/\/www.hirstart.hu\/site\/relocate.php?rssid=87&amp;rsspid=3&amp;ctype=rss&amp;id=25901802&amp;chk=0242fb428d701fac0e296c8bde34f048&amp;url=https%3A%2F%2Fwww.vg.hu%2Fenergia-vgplus%2F2023%2F04%2Faz-eon-mar-rakeszult-a-napelemcsatlakoztatasi-boomra%3Futm_source%3Dhirstart%26utm_medium%3Dreferral%26utm_campaign%3Dhiraggregator\" target=\"_blank\" target=\"_blank\" rel=\"noopener noreferrer\"><strong>fesz\u00fclts\u00e9gingadoz\u00e1s ellen<\/strong><\/a> az \u00e1ramszolg\u00e1ltat\u00f3, amely k\u00f6zben egy 74 milli\u00e1rd forintos fejleszt\u00e9sen dolgozik \u2013 sz\u00e1molt be a Vil\u00e1ggazdas\u00e1g. Olyan okoseszk\u00f6zt \u2013 vonali fesz\u00fclts\u00e9gszab\u00e1lyoz\u00f3t \u2013 telep\u00edt az E.ON, amely a felszerel\u00e9se hely\u00e9n azonnal cs\u00f6kkenti \u00e9s kiegyenl\u00edti a fesz\u00fclts\u00e9gingadoz\u00e1sokat. <strong>A berendez\u00e9sek mobilak, sz\u00fcks\u00e9g eset\u00e9n ak\u00e1r 24 \u00f3r\u00e1n bel\u00fcl \u00e1thelyezhet\u0151k<\/strong> \u2013 \u00edrja k\u00f6zlem\u00e9ny\u00e9ben az \u00e1ramszolg\u00e1ltat\u00f3 t\u00e1rsas\u00e1g.<\/p>\n<h2>Hern\u00e1di Zsolt: A rezsics\u00f6kkent\u00e9s elhiteti a lakoss\u00e1ggal, hogy az energia nem dr\u00e1ga<\/h2>\n<p>El\u0151ad\u00e1st tartott a Budapesti Corvinus Egyetemen a Mol Nyt. eln\u00f6k-vez\u00e9rigazgat\u00f3ja, a fels\u0151oktat\u00e1si int\u00e9zm\u00e9nyt fenntart\u00f3 alap\u00edtv\u00e1ny kurat\u00f3rium\u00e1nak eln\u00f6ke. Hern\u00e1di Zsolt szerint <a href=\"https:\/\/www.hirstart.hu\/site\/relocate.php?rssid=42&amp;rsspid=3&amp;ctype=rss&amp;id=25904980&amp;chk=784407788b6b6a8676cc993a4befc5f0&amp;url=https%3A%2F%2Fhvg.hu%2Fgazdasag%2F20230427_herndi_zsolt_mol_nyrt_vezerigazgato_eloadas_corvinus\" target=\"_blank\" target=\"_blank\" rel=\"noopener noreferrer\"><strong>&#8222;el kell felejteni az \u00f6sszes \u00fari huncuts\u00e1got&#8221;<\/strong><\/a>, ha tartani akarjuk a 2050-re kit\u0171z\u00f6tt kl\u00edmac\u00e9lt. \u00dagy v\u00e9li, <strong>a korm\u00e1nyzati beavatkoz\u00e1sok \u2013 \u00edgy az \u00e1rsapka \u00e9s az extraprofitad\u00f3 \u2013 nem seg\u00edtik az energiav\u00e1llalatokat abban, hogy megtakar\u00edtsanak, \u00edgy miel\u0151bb v\u00e9ghez tudj\u00e1k vinni a z\u00f6ld \u00e1t\u00e1ll\u00e1st<\/strong>.<\/p>\n<div class=\"o-widget m-readMoreWidget -readMore u-shortDecorLineAfter row widget-container _ce_measure_widget bigdata-widget read-more\" data-ce-measure-widget=\"olvass tov\u00e1bb\">\n\t<div class=\"m-readMoreWidget__imgWrapper image-wrapper col-12 col-md-4 no-p\">\n\t\t<a class=\"m-readMoreWidget__imgLink\" href=\"https:\/\/www.startlap.hu\/vasarlas\/inflacio-akcio-beremeles-realbercsokkenes-langos-uzemanyagarak-horvatorszag\/\" >\n\t\t\t<img decoding=\"async\" src=\"https:\/\/www.startlap.hu\/vasarlas\/uploads\/2022\/08\/forint_bankjegyek_penztarca-350x285.jpg\" class=\"m-readMoreWidget__img\">\n\t\t<\/a>\n\t<\/div>\n\t<div class=\"m-readMoreWidget__titleWrapper title-wrapper col-12 col-md-8\">\n\t\t<span class=\"m-readMoreWidget__titleLabel u-shortDecorLineBefore label hidden-sm-up\">Ez is \u00e9rdekelhet:<\/span>\n\t\t<h3 class=\"m-readMoreWidget__title title\">\n\t\t\t<a class=\"m-readMoreWidget__titleLink -secondFont u-bold u-upperCase\" href=\"https:\/\/www.startlap.hu\/vasarlas\/inflacio-akcio-beremeles-realbercsokkenes-langos-uzemanyagarak-horvatorszag\/\" >Kider\u00fclt, kiknek a fizet\u00e9s\u00e9t emelik a legink\u00e1bb a c\u00e9gek<\/a>\n\t\t<\/h3>\n\t\t<a class=\"m-readMoreWidget__btn -coloredBack u-tC link\" href=\"https:\/\/www.startlap.hu\/vasarlas\/inflacio-akcio-beremeles-realbercsokkenes-langos-uzemanyagarak-horvatorszag\/\" >Elolvasom<\/a>\n\t<\/div>\n<\/div>\n","protected":false},"excerpt":{"rendered":"<p>Eddig p\u00e9ld\u00e1tlan m\u00f3don a h\u0171s\u00e9gid\u0151s el\u0151fizet\u00e9sek is megdr\u00e1gultak; k\u00f6telez\u0151 bolti akci\u00f3k: kider\u00fcltek a r\u00e9szletek; megsz\u0171nik egy n\u00e9pszer\u0171 szolg\u00e1ltat\u00e1s a post\u00e1kon; 1000 forint lehet a f\u00e9lkil\u00f3s feh\u00e9r keny\u00e9r; takar\u00e9koskodn\u00e1nak a magyarok, de nincs mib\u0151l. H\u00edrek az infl\u00e1ci\u00f3 t\u00e9m\u00e1j\u00e1ban.<\/p>\n","protected":false},"author":20,"featured_media":2233273,"comment_status":"closed","ping_status":"closed","sticky":false,"template":"","format":"standard","meta":{"footnotes":""},"categories":[8180],"tags":[2368,6772,5246,1780,18019,2177,17085,3719,78,14601,3827,2389],"class_list":["post-2233267","post","type-post","status-publish","format-standard","has-post-thumbnail","hentry","category-trending","tag-akcio","tag-aram","tag-aremeles","tag-e-on","tag-elelmiszerinflacio","tag-foldgaz","tag-hernadi-zsolt","tag-inflacio","tag-magyar-posta","tag-mobilszolgaltatok","tag-napelem","tag-rezsi"],"aioseo_notices":[],"_links":{"self":[{"href":"https:\/\/www.startlap.hu\/vasarlas\/wp-json\/wp\/v2\/posts\/2233267","targetHints":{"allow":["GET"]}}],"collection":[{"href":"https:\/\/www.startlap.hu\/vasarlas\/wp-json\/wp\/v2\/posts"}],"about":[{"href":"https:\/\/www.startlap.hu\/vasarlas\/wp-json\/wp\/v2\/types\/post"}],"author":[{"embeddable":true,"href":"https:\/\/www.startlap.hu\/vasarlas\/wp-json\/wp\/v2\/users\/20"}],"replies":[{"embeddable":true,"href":"https:\/\/www.startlap.hu\/vasarlas\/wp-json\/wp\/v2\/comments?post=2233267"}],"version-history":[{"count":4,"href":"https:\/\/www.startlap.hu\/vasarlas\/wp-json\/wp\/v2\/posts\/2233267\/revisions"}],"predecessor-version":[{"id":2233275,"href":"https:\/\/www.startlap.hu\/vasarlas\/wp-json\/wp\/v2\/posts\/2233267\/revisions\/2233275"}],"wp:featuredmedia":[{"embeddable":true,"href":"https:\/\/www.startlap.hu\/vasarlas\/wp-json\/wp\/v2\/media\/2233273"}],"wp:attachment":[{"href":"https:\/\/www.startlap.hu\/vasarlas\/wp-json\/wp\/v2\/media?parent=2233267"}],"wp:term":[{"taxonomy":"category","embeddable":true,"href":"https:\/\/www.startlap.hu\/vasarlas\/wp-json\/wp\/v2\/categories?post=2233267"},{"taxonomy":"post_tag","embeddable":true,"href":"https:\/\/www.startlap.hu\/vasarlas\/wp-json\/wp\/v2\/tags?post=2233267"}],"curies":[{"name":"wp","href":"https:\/\/api.w.org\/{rel}","templated":true}]}}