{"id":2233231,"date":"2023-04-27T08:00:02","date_gmt":"2023-04-27T06:00:02","guid":{"rendered":"https:\/\/www.startlap.hu\/vasarlas\/?p=2233231"},"modified":"2023-04-27T08:00:02","modified_gmt":"2023-04-27T06:00:02","slug":"posta-hirlap-postabolt-megszunes","status":"publish","type":"post","link":"https:\/\/www.startlap.hu\/vasarlas\/posta-hirlap-postabolt-megszunes\/","title":{"rendered":"J\u00faniust\u00f3l megsz\u0171nik egy n\u00e9pszer\u0171 szolg\u00e1ltat\u00e1s a post\u00e1kon"},"content":{"rendered":"<p>Sorra \u00e9rtes\u00edti a napokban a Magyar Posta h\u00edrlap\u00fczlet\u00e1ga a kiad\u00f3kat arr\u00f3l, hogy 2023. m\u00e1jus 31-\u00e9vel a &#8222;m\u0171k\u00f6d\u00e9s racionaliz\u00e1l\u00e1sa ok\u00e1n (\u2026) a h\u00edrlapok \u00e9rt\u00e9kes\u00edt\u00e9se megsz\u00fcntet\u00e9sre ker\u00fcl a postai h\u00e1l\u00f3zatban&#8221; \u2013 \u00e9rtes\u00fclt a <a href=\"https:\/\/hang.hu\/belfold\/majus-vegetol-mar-ujsagot-sem-arul-a-posta-154015\" target=\"_blank\" target=\"_blank\" rel=\"noopener noreferrer\">Magyar Hang<\/a>. Ez azt jelenti, hogy<\/p>\n<blockquote class=\"article__extraTxt\"><p>a post\u00e1kon j\u00fanius elsej\u00e9t\u0151l m\u00e1r nem tudunk \u00fajs\u00e1got v\u00e1s\u00e1rolni.<\/p><\/blockquote>\n<p>A lap \u00fagy tudja, <strong>a postaboltok is bez\u00e1rnak<\/strong>, \u00edgy csokol\u00e1d\u00e9t vagy m\u00e1s term\u00e9ket sem lehet majd ott v\u00e1s\u00e1rolni.<\/p>\n<figure id=\"attachment_2233232\" aria-describedby=\"caption-attachment-2233232\" style=\"width: 755px\" class=\"wp-caption alignnone\"><img loading=\"lazy\" decoding=\"async\" class=\"size-article-size-large-image wp-image-2233232\" src=\"https:\/\/www.startlap.hu\/vasarlas\/uploads\/2023\/04\/postahivatal-755x479.jpg\" alt=\"A Pestszentl\u0151rinc 6. posta a Barta Lajos utca 8-ban a Havanna lak\u00f3telepen.\" width=\"755\" height=\"479\" srcset=\"https:\/\/www.startlap.hu\/vasarlas\/uploads\/2023\/04\/postahivatal-755x479.jpg 755w, https:\/\/www.startlap.hu\/vasarlas\/uploads\/2023\/04\/postahivatal-551x350.jpg 551w, https:\/\/www.startlap.hu\/vasarlas\/uploads\/2023\/04\/postahivatal.jpg 1200w\" sizes=\"auto, (max-width: 755px) 100vw, 755px\" \/><figcaption id=\"caption-attachment-2233232\" class=\"wp-caption-text\">MTVA\/Bizom\u00e1nyosi: R\u00f3ka L\u00e1szl\u00f3<\/figcaption><\/figure>\n<p>A Magyar Hang inform\u00e1ci\u00f3i szerint a d\u00f6nt\u00e9s 546 post\u00e1t \u00e9rint.<\/p>\n<p>A post\u00e1kon t\u00f6bb mint 600 f\u00e9le h\u00edrlapot \u00e9rt\u00e9kes\u00edtettek, hetente t\u00f6bb t\u00edzezer k\u00fcl\u00f6nf\u00e9le sajt\u00f3term\u00e9ket adtak el, \u00edgy j\u00faniust\u00f3l jelent\u0151sen sz\u0171k\u00fcl a magyar sajt\u00f3 \u00e9rt\u00e9kes\u00edt\u00e9si lehet\u0151s\u00e9ge \u2013 \u00edrja a lap.<\/p>\n<p>Mint ismeretes, 2021 j\u00falius\u00e1t\u00f3l a Posta <a href=\"https:\/\/www.startlap.hu\/vasarlas\/magyar-posta-valtozasok-julius\/\" target=\"_blank\" rel=\"noopener noreferrer\">megsz\u00fcntette a napilapok k\u00e9zbes\u00edt\u00e9s\u00e9t is<\/a>, az\u00f3ta a M\u00e9diaworksh\u00f6z tartoz\u00f3 c\u00e9g vette \u00e1t ezt a feladatot.<\/p>\n<div class=\"o-widget m-readMoreWidget -readMore u-shortDecorLineAfter row widget-container _ce_measure_widget bigdata-widget read-more\" data-ce-measure-widget=\"olvass tov\u00e1bb\">\n\t<div class=\"m-readMoreWidget__imgWrapper image-wrapper col-12 col-md-4 no-p\">\n\t\t<a class=\"m-readMoreWidget__imgLink\" href=\"https:\/\/www.startlap.hu\/vasarlas\/rengeteg-nagyvarosi-postat-is-bezarathatnak\/\" >\n\t\t\t<img decoding=\"async\" src=\"https:\/\/www.startlap.hu\/vasarlas\/uploads\/2023\/04\/posta-350x285.jpg\" class=\"m-readMoreWidget__img\">\n\t\t<\/a>\n\t<\/div>\n\t<div class=\"m-readMoreWidget__titleWrapper title-wrapper col-12 col-md-8\">\n\t\t<span class=\"m-readMoreWidget__titleLabel u-shortDecorLineBefore label hidden-sm-up\">Ez is \u00e9rdekelhet:<\/span>\n\t\t<h3 class=\"m-readMoreWidget__title title\">\n\t\t\t<a class=\"m-readMoreWidget__titleLink -secondFont u-bold u-upperCase\" href=\"https:\/\/www.startlap.hu\/vasarlas\/rengeteg-nagyvarosi-postat-is-bezarathatnak\/\" >Rengeteg nagyv\u00e1rosi post\u00e1t is bez\u00e1rathatnak<\/a>\n\t\t<\/h3>\n\t\t<a class=\"m-readMoreWidget__btn -coloredBack u-tC link\" href=\"https:\/\/www.startlap.hu\/vasarlas\/rengeteg-nagyvarosi-postat-is-bezarathatnak\/\" >Elolvasom<\/a>\n\t<\/div>\n<\/div>\n","protected":false},"excerpt":{"rendered":"<p>A Magyar Hang \u00fagy tudja, megsz\u0171nik a h\u00edrlapok \u00e9rt\u00e9kes\u00edt\u00e9se \u00e9s bez\u00e1rnak a postaboltok is.<\/p>\n","protected":false},"author":20,"featured_media":2233232,"comment_status":"closed","ping_status":"closed","sticky":false,"template":"","format":"standard","meta":{"footnotes":""},"categories":[8180],"tags":[18245,78,18246],"class_list":["post-2233231","post","type-post","status-publish","format-standard","has-post-thumbnail","hentry","category-trending","tag-hirlap","tag-magyar-posta","tag-postabolt"],"aioseo_notices":[],"_links":{"self":[{"href":"https:\/\/www.startlap.hu\/vasarlas\/wp-json\/wp\/v2\/posts\/2233231","targetHints":{"allow":["GET"]}}],"collection":[{"href":"https:\/\/www.startlap.hu\/vasarlas\/wp-json\/wp\/v2\/posts"}],"about":[{"href":"https:\/\/www.startlap.hu\/vasarlas\/wp-json\/wp\/v2\/types\/post"}],"author":[{"embeddable":true,"href":"https:\/\/www.startlap.hu\/vasarlas\/wp-json\/wp\/v2\/users\/20"}],"replies":[{"embeddable":true,"href":"https:\/\/www.startlap.hu\/vasarlas\/wp-json\/wp\/v2\/comments?post=2233231"}],"version-history":[{"count":3,"href":"https:\/\/www.startlap.hu\/vasarlas\/wp-json\/wp\/v2\/posts\/2233231\/revisions"}],"predecessor-version":[{"id":2233235,"href":"https:\/\/www.startlap.hu\/vasarlas\/wp-json\/wp\/v2\/posts\/2233231\/revisions\/2233235"}],"wp:featuredmedia":[{"embeddable":true,"href":"https:\/\/www.startlap.hu\/vasarlas\/wp-json\/wp\/v2\/media\/2233232"}],"wp:attachment":[{"href":"https:\/\/www.startlap.hu\/vasarlas\/wp-json\/wp\/v2\/media?parent=2233231"}],"wp:term":[{"taxonomy":"category","embeddable":true,"href":"https:\/\/www.startlap.hu\/vasarlas\/wp-json\/wp\/v2\/categories?post=2233231"},{"taxonomy":"post_tag","embeddable":true,"href":"https:\/\/www.startlap.hu\/vasarlas\/wp-json\/wp\/v2\/tags?post=2233231"}],"curies":[{"name":"wp","href":"https:\/\/api.w.org\/{rel}","templated":true}]}}