{"id":2230451,"date":"2023-03-04T16:31:55","date_gmt":"2023-03-04T15:31:55","guid":{"rendered":"https:\/\/www.startlap.hu\/vasarlas\/?p=2230451"},"modified":"2023-03-04T16:53:33","modified_gmt":"2023-03-04T15:53:33","slug":"buntetes-szulok-postas-tuntetes-vodavone-gazar-inflacio-gazdasag","status":"publish","type":"post","link":"https:\/\/www.startlap.hu\/vasarlas\/buntetes-szulok-postas-tuntetes-vodavone-gazar-inflacio-gazdasag\/","title":{"rendered":"K\u00e9t magyar faluban is vannak olyan sz\u00fcl\u0151k, akik le\u00fclik a gyerekek hi\u00e1nyz\u00e1sai miatt kir\u00f3tt p\u00e9nzb\u00fcntet\u00e9seket"},"content":{"rendered":"<h2>Van Magyarorsz\u00e1gon k\u00e9t falu, ahol a sz\u00fcl\u0151k le\u00fclik a gyerekeik iskolai l\u00f3g\u00e1s\u00e1\u00e9rt kiszabott b\u00fcntet\u00e9st<\/h2>\n<p>K\u00e9t borsodi faluban, Tornan\u00e1dask\u00e1n \u00e9s B\u00f3dvaszilason is t\u00f6bben <a href=\"https:\/\/www.hirstart.hu\/site\/relocate.php?rssid=242&amp;rsspid=3&amp;ctype=rss&amp;id=25511694&amp;chk=c2d759d1a79733c46860c6e21969876d&amp;url=https%3A%2F%2Ftelex.hu%2Fbelfold%2F2023%2F03%2F04%2Fborsodi-falu-gyerekek-ellogott-ora\" target=\"_blank\" target=\"_blank\" rel=\"noopener noreferrer\"><strong>az\u00e9rt ker\u00fclnek b\u00f6rt\u00f6nbe<\/strong><\/a>, mert nincs p\u00e9nz\u00fck kifizetni a b\u00fcntet\u00e9st, amit a gyerekeik igazolatlan hi\u00e1nyz\u00e1sai\u00e9rt kapnak sz\u00fcl\u0151k\u00e9nt. A Telex a Szabad Eur\u00f3pa Szabadon sorozat\u00e1nak Ad\u00f3sok b\u00f6rt\u00f6ne c\u00edm\u0171 epiz\u00f3dj\u00e1t szeml\u00e9zte,&nbsp; \u00e9s az is kider\u00fclt, hogy ez imm\u00e1r \u00e9vek \u00f3ta tart.&nbsp;<\/p>\n<p>Az egyik megsz\u00f3lal\u00f3t, Ficzu Andr\u00e1sn\u00e9t nemr\u00e9g 100 ezer forint p\u00e9nzb\u00edrs\u00e1ggal s\u00fajtott\u00e1k, mivel Gerg\u0151 fia 40 igazolatlan \u00f3r\u00e1t gy\u0171jt\u00f6tt \u00f6ssze. A Ficzu csal\u00e1dnak 12 gyereke van, akik annyit l\u00f3gtak m\u00e1r az iskol\u00e1b\u00f3l, hogy a sz\u00fcl\u0151knek es\u00e9ly\u00fck sem volt befizetni azt az \u00f6sszeget, \u00edgy mindketten b\u00f6rt\u00f6nbe vonultak.<\/p>\n<h2>Infl\u00e1ci\u00f3k\u00f6vet\u0151 b\u00e9remel\u00e9s\u00e9rt t\u00fcntettek a post\u00e1sok<\/h2>\n<p>A rendezv\u00e9nyen a K\u00e9zbes\u00edt\u0151k Szakszervezet\u00e9nek eln\u00f6ke felh\u00e1bor\u00edt\u00f3nak nevezte, hogy a <strong>t\u00f6bb mint 24 ezer postai dolgoz\u00f3 fele csak a garant\u00e1lt b\u00e9rminimumot viszi haza<\/strong> fizet\u00e9sk\u00e9nt, a postahivatalokban pedig szerinte m\u00e9ltatlanok a munkak\u00f6r\u00fclm\u00e9nyek &#8211; sz\u00e1molt be az MTI.<\/p>\n<p><em>A 3 \u00e9ves b\u00e9rmeg\u00e1llapod\u00e1s 2023-ra 2 sz\u00e1zal\u00e9kos emel\u00e9st ir\u00e1nyzott el\u0151re, az\u00f3ta ezt 3 sz\u00e1zal\u00e9kra, majd 10 sz\u00e1zal\u00e9kra n\u00f6velt\u00e9k a tiltakoz\u00e1s h\u00edr\u00e9re, \u00e1m ez m\u00e9g mindig messze van az infl\u00e1ci\u00f3k\u00f6vet\u0151 szintt\u0151l<\/em> &#8211; hangs\u00falyozta Tusz Ferenc.<\/p>\n<figure id=\"attachment_2230474\" aria-describedby=\"caption-attachment-2230474\" style=\"width: 755px\" class=\"wp-caption alignnone\"><img loading=\"lazy\" decoding=\"async\" class=\"size-article-size-large-image wp-image-2230474\" src=\"https:\/\/www.startlap.hu\/vasarlas\/uploads\/2023\/03\/postas_tuntetes-755x503.jpg\" alt=\"Tusz Ferenc, a K\u00e9zbes\u00edt\u0151k Szakszervezet\u00e9nek eln\u00f6ke besz\u00e9det mond a szakszervezet \u00e9s Post\u00e1sok F\u00fcggetlen \u00c9rdekv\u00e9delmi Sz\u00f6vets\u00e9g\u00e9nek demonstr\u00e1ci\u00f3j\u00e1n a Gazdas\u00e1gfejleszt\u00e9si Miniszt\u00e9rium el\u0151tt 2023. m\u00e1rcius 4-\u00e9n.\" width=\"755\" height=\"503\" srcset=\"https:\/\/www.startlap.hu\/vasarlas\/uploads\/2023\/03\/postas_tuntetes-755x503.jpg 755w, https:\/\/www.startlap.hu\/vasarlas\/uploads\/2023\/03\/postas_tuntetes-525x350.jpg 525w, https:\/\/www.startlap.hu\/vasarlas\/uploads\/2023\/03\/postas_tuntetes.jpg 1200w\" sizes=\"auto, (max-width: 755px) 100vw, 755px\" \/><figcaption id=\"caption-attachment-2230474\" class=\"wp-caption-text\">Fot\u00f3: MTI\/Illy\u00e9s Tibor<\/figcaption><\/figure>\n<p>A gazdas\u00e1gfejleszt\u00e9si miniszternek c\u00edmzett pet\u00edci\u00f3t a Post\u00e1sok F\u00fcggetlen \u00c9rdekv\u00e9delmi Sz\u00f6vets\u00e9g\u00e9nek eln\u00f6ke olvasta f\u00f6l a t\u00f6bb sz\u00e1z tiltakoz\u00f3 el\u0151tt. Pfeifer Tam\u00e1s k\u00f6z\u00f6lte, az \u00e9rdekk\u00e9pviselet visszautas\u00edtja, hogy a Magyar Posta nem adott elfogadhat\u00f3 b\u00e9rfejleszt\u00e9si aj\u00e1nlatot, \u00e9s sajn\u00e1latosnak mondta, hogy nem m\u00f3dos\u00edtott\u00e1k a 3 \u00e9ves b\u00e9rmeg\u00e1llapod\u00e1st, ahogy m\u00e1s \u00e1llami t\u00e1rsas\u00e1gok.<\/p>\n<h2>Dobrev szerint rezsiombudsmanra van sz\u00fcks\u00e9g\u00fck a magyaroknak<\/h2>\n<p>A rezsiombudsman int\u00e9zm\u00e9ny\u00e9nek fel\u00e1ll\u00edt\u00e1s\u00e1ra <strong><a href=\"https:\/\/www.hirstart.hu\/site\/relocate.php?rssid=375&amp;rsspid=3&amp;ctype=rss&amp;id=25510284&amp;chk=cdde7f158f16ec4e8c3e8f33a7726299&amp;url=https%3A%2F%2F24.hu%2Fbelfold%2F2023%2F03%2F04%2Fdobrev-szerint-rezsiombudsmanra-van-szukseguk-a-magyaroknak%2F\" target=\"_blank\" target=\"_blank\" rel=\"noopener noreferrer\">tett javaslatot Dobrev Kl\u00e1ra<\/a><\/strong> a Facebook-oldal\u00e1n &#8211; sz\u00e1molt be r\u00f3la a 24.hu. A DK politikusa hangs\u00falyozta: ma magyar csal\u00e1dok t\u00f6megei nem tudj\u00e1k, milyen \u00f6sszeg, mi\u00e9rt szerepel a sz\u00e1ml\u00e1jukon, nem tudj\u00e1k, mi\u00e9rt fizetnek tulajdonk\u00e9ppen.<\/p>\n<p>Ha pedig \u00e9ppen egy-egy \u00fcgyf\u00e9lszolg\u00e1laton k\u00e9rn\u00e9nek seg\u00edts\u00e9get, akkor sokszor h\u00f3napokat kell v\u00e1rniuk.<br \/>\nEz\u00e9rt szerinte sz\u00e1mos m\u00e1s eur\u00f3pai orsz\u00e1ghoz hasonl\u00f3an itthon is rezsi\u00fcgyi ombudsmanoknak kellene v\u00e9denie a magyar emberek, a rezsifogyaszt\u00f3k \u00e9rdekeit.<\/p>\n<h2>Lekapcsolja a 3G-h\u00e1l\u00f3zatot a Vodafone<\/h2>\n<p>M\u00e1rcius 13-\u00e1n Budapesten \u00e9s Pest v\u00e1rmegye telep\u00fcl\u00e9sein, majd m\u00e1rcius 27. \u00e9s \u00e1prilis 10. k\u00f6z\u00f6tt az orsz\u00e1g marad\u00e9k ter\u00fcletein is lekapcsolja 3G-h\u00e1l\u00f3zat\u00e1t a Vodafone &#8211; \u00edrja a 444.hu. A lekapcsol\u00e1s ut\u00e1n csak legal\u00e1bb 4G-k\u00e9pes mobilokkal lehet haszn\u00e1lni a c\u00e9g mobilnet-h\u00e1l\u00f3zat\u00e1t.<\/p>\n<figure id=\"attachment_2230476\" aria-describedby=\"caption-attachment-2230476\" style=\"width: 755px\" class=\"wp-caption alignnone\"><img loading=\"lazy\" decoding=\"async\" class=\"size-article-size-large-image wp-image-2230476\" src=\"https:\/\/www.startlap.hu\/vasarlas\/uploads\/2023\/03\/mobiltorony-755x501.jpg\" alt=\"Mobil \u00e1tj\u00e1tsz\u00f3 torony\" width=\"755\" height=\"501\" srcset=\"https:\/\/www.startlap.hu\/vasarlas\/uploads\/2023\/03\/mobiltorony-755x501.jpg 755w, https:\/\/www.startlap.hu\/vasarlas\/uploads\/2023\/03\/mobiltorony-250x165.jpg 250w, https:\/\/www.startlap.hu\/vasarlas\/uploads\/2023\/03\/mobiltorony-528x350.jpg 528w, https:\/\/www.startlap.hu\/vasarlas\/uploads\/2023\/03\/mobiltorony.jpg 1200w\" sizes=\"auto, (max-width: 755px) 100vw, 755px\" \/><figcaption id=\"caption-attachment-2230476\" class=\"wp-caption-text\">Fot\u00f3: Getty Images<\/figcaption><\/figure>\n<p>B\u00e1cs-Kiskun, Baranya, B\u00e9k\u00e9s, Borsod-Aba\u00faj-Zempl\u00e9n, Csongr\u00e1d-Csan\u00e1d, Fej\u00e9r, Gy\u0151r-Moson-Sopron, Hajd\u00fa-Bihar, Heves, J\u00e1sz-Nagykun-Szolnok, Kom\u00e1rom-Esztergom, N\u00f3gr\u00e1d, Somogy, Szabolcs-Szatm\u00e1r-Bereg, Tolna, Vas, Veszpr\u00e9m \u00e9s Zala v\u00e1rmegye egyes telep\u00fcl\u00e9sein m\u00e1r lekapcsolt\u00e1k a 3G-h\u00e1l\u00f3zatot kor\u00e1bban.<\/p>\n<h2>Megk\u00e9rdezt\u00e9k az utca ember\u00e9t: hova \u00e9s mennyi\u00e9rt utazna el?<\/h2>\n<p>A Startlap v\u00e1s\u00e1rl\u00e1s rovata arr\u00f3l faggatta j\u00e1r\u00f3kel\u0151ket, hogy a gazdas\u00e1gi v\u00e1ls\u00e1g ellen\u00e9re terveznek-e utaz\u00e1st az idei \u00e9vre, \u00e9s ha igen, akkor mennyi p\u00e9nzt sz\u00e1nnak r\u00e1. <a href=\"https:\/\/www.startlap.hu\/utazas\/utca-embere-video-utazasi-szokasok-2023\/\" target=\"_blank\" rel=\"noopener noreferrer\"><strong>\u00c9rdekes v\u00e1laszok sz\u00fclettek<\/strong><\/a>, volt aki konkr\u00e9t \u00fati c\u00e9lt nevezett meg, volt aki csak k\u00f6r\u00fcl-bel\u00fcl jel\u00f6lte meg az ir\u00e1nyt. Term\u00e9szetesen az \u00e1rakn\u00e1l m\u00e1r er\u0151teljesen l\u00e1tsz\u00f3dtak a k\u00fcl\u00f6nbs\u00e9gek.<\/p>\n<h2>Er\u0151s lejtmenetben a szankci\u00f3s g\u00e1z\u00e1r<\/h2>\n<p>P\u00e9nteken ism\u00e9telten <a href=\"https:\/\/www.hirstart.hu\/site\/relocate.php?rssid=35&amp;rsspid=3&amp;ctype=rss&amp;id=25508425&amp;chk=0c072fc2f16a181381efd5ed7e209d6e&amp;url=https%3A%2F%2Fwww.napi.hu%2Ftozsdek-piacok%2Fgazar-szankciok-haboru-rezsicsokkentes-lng.768257.html\" target=\"_blank\" target=\"_blank\" rel=\"noopener noreferrer\"><strong>komoly \u00e1res\u00e9s t\u00f6rt\u00e9nt<\/strong><\/a> az eur\u00f3pai g\u00e1zpiacon, a megawatt\u00f3r\u00e1nk\u00e9nti \u00e1r imm\u00e1r 45 eur\u00f3 al\u00e1 ker\u00fclt &#8211; hozta le a Napi.hu. Ez 35-40 sz\u00e1zal\u00e9kkal kevesebb, mint a h\u00e1bor\u00fa \u00e9s \u00edgy a szankci\u00f3k el\u0151tti \u00e1r, s\u0151t, re\u00e1lis lehet, hogy ak\u00e1r a 2018-as 30 eur\u00f3s \u00e1rat is \u00fajra l\u00e1thatjuk.<\/p>\n<figure id=\"attachment_2230038\" aria-describedby=\"caption-attachment-2230038\" style=\"width: 755px\" class=\"wp-caption alignnone\"><img loading=\"lazy\" decoding=\"async\" class=\"size-article-size-large-image wp-image-2230038\" src=\"https:\/\/www.startlap.hu\/vasarlas\/uploads\/2023\/02\/gaztarozo-755x503.jpg\" alt=\"G\u00e1zt\u00e1roz\u00f3t fel\u00fcgyel\u0151 szakember\" width=\"755\" height=\"503\" srcset=\"https:\/\/www.startlap.hu\/vasarlas\/uploads\/2023\/02\/gaztarozo-755x503.jpg 755w, https:\/\/www.startlap.hu\/vasarlas\/uploads\/2023\/02\/gaztarozo-525x350.jpg 525w, https:\/\/www.startlap.hu\/vasarlas\/uploads\/2023\/02\/gaztarozo.jpg 1200w\" sizes=\"auto, (max-width: 755px) 100vw, 755px\" \/><figcaption id=\"caption-attachment-2230038\" class=\"wp-caption-text\">Fot\u00f3: MTI\/EPA\/Martin Divisek<\/figcaption><\/figure>\n<p>Ebben minden bizonnyal az enyhe t\u00e9lnek is szerepe van, ugyanakkor ilyen \u00e1res\u00e9st az id\u0151j\u00e1r\u00e1s nem tudna okozni, ahhoz sz\u00fcks\u00e9g van a b\u0151s\u00e9ges k\u00edn\u00e1lati oldalra is.<\/p>\n<h2>Hi\u00e1ba k\u00f6rnyezetk\u00edm\u00e9l\u0151 az elektromos aut\u00f3, Magyarorsz\u00e1gon nem h\u00f3d\u00edt<\/h2>\n<p>A Vil\u00e1ggazdas\u00e1gnak jutatott el egy levelet a Magyar Suzuki Zrt. melyben aut\u00f3gy\u00e1rt\u00f3k\u00e9nt le\u00edrj\u00e1k, hogy szerint\u00fck <a href=\"https:\/\/www.hirstart.hu\/site\/relocate.php?rssid=87&amp;rsspid=3&amp;ctype=rss&amp;id=25507521&amp;chk=ff8daee160e1e14afba7ea264ed4c7a2&amp;url=https%3A%2F%2Fwww.vg.hu%2Fauto%2F2023%2F03%2Felektromos-auto-ez-a-megoldas-egyelore-tul-draga-a-magyaroknak%3Futm_source%3Dhirstart%26utm_medium%3Dreferral%26utm_campaign%3Dhiraggregator\" target=\"_blank\" target=\"_blank\" rel=\"noopener noreferrer\"><strong>mi\u00e9rt nem n\u0151 idehaza<\/strong><\/a> az elektromos aut\u00f3k sz\u00e1ma.<\/p>\n<p>A c\u00e9g \u00fagy v\u00e9li, hogy a c\u00e9gaut\u00f3-ad\u00f3kedvezm\u00e9ny megsz\u00fcntet\u00e9se \u00e9s az ingyenes parkol\u00e1s korl\u00e1toz\u00e1s\u00e1r\u00f3l sz\u00f3l\u00f3 h\u00edrek nem teszik v\u00e1llalkoz\u00f3i k\u00f6r\u00f6kben n\u00e9pszer\u0171v\u00e9 az elektromos j\u00e1rm\u0171veket. Valamint a hagyom\u00e1nyos, l\u00e1gyhibrid-, hibrid hajt\u00e1shoz k\u00e9pest j\u00f3val magasabb \u00e1r a priv\u00e1t szegmensben sem enged l\u00e1that\u00f3 el\u0151ret\u00f6r\u00e9st az elad\u00e1sokban.<\/p>\n<h2>Kisebb m\u00e9rt\u00e9kben n\u0151nek a j\u00f6v\u0151ben a csehorsz\u00e1gi nyugd\u00edjak, mint eddig<\/h2>\n<p>Magas infl\u00e1ci\u00f3 eset\u00e9n j\u00f3val kisebb m\u00e9rt\u00e9kben n\u00f6vekednek a j\u00f6v\u0151ben a csehorsz\u00e1gi nyugd\u00edjak, mint eddig &#8211; \u00e1ll az MTI oldal\u00e1n. A hat\u00e1lyos nyugd\u00edjt\u00f6rv\u00e9ny m\u00f3dos\u00edt\u00e1s\u00e1t, amely ezt lehet\u0151v\u00e9 teszi, szombaton fogadta el a cseh k\u00e9pvisel\u0151h\u00e1z.<\/p>\n<p>Az eddig hat\u00e1lyos szab\u00e1lyok szerint a tavalyi k\u00e9tsz\u00e1mjegy\u0171, magas infl\u00e1ci\u00f3 k\u00f6vetkezt\u00e9ben j\u00faniusban \u00e1tlagban 1770 koron\u00e1val (29 205 forint) kellett volna megemelni a nyugd\u00edjakat. A mostani t\u00f6rv\u00e9nym\u00f3dos\u00edt\u00e1s ut\u00e1n azonban az \u00e1talagos nyugd\u00edjemel\u00e9s csak 760 korona (12 540 forint) lesz.<\/p>\n<p>Josef Stredula, a cseh-morva szakszervezetek konf\u00f6der\u00e1ci\u00f3j\u00e1nak eln\u00f6ke jelezte, hogy m\u00e9rlegelik egy orsz\u00e1gos tiltakoz\u00f3 megmozdul\u00e1s megszervez\u00e9s\u00e9t a korm\u00e1nyoldal \u00e1ltal kereszt\u00fclvitt d\u00f6nt\u00e9s ellen.<\/p>\n","protected":false},"excerpt":{"rendered":"<p>Van ahol a sz\u00fcl\u0151k a gyerekek hi\u00e1nyz\u00e1sai miatt vonulnak b\u00f6rt\u00f6nbe; t\u00fcntettek a post\u00e1sok; a Vodafone lekapcsolja v\u00e9gleg a 3G-t; lejtmenetben a g\u00e1z\u00e1r; nem h\u00f3d\u00edt itthon a villanyaut\u00f3. H\u00edrek az infl\u00e1ci\u00f3 t\u00e9m\u00e1j\u00e1ban.<\/p>\n","protected":false},"author":20,"featured_media":2230468,"comment_status":"closed","ping_status":"closed","sticky":false,"template":"","format":"standard","meta":{"footnotes":""},"categories":[8180],"tags":[18116,3681,18115,18117,1231,609],"class_list":["post-2230451","post","type-post","status-publish","format-standard","has-post-thumbnail","hentry","category-trending","tag-3g","tag-elektromos-auto","tag-postasok","tag-szankcios-gazar","tag-tuntetes","tag-vodafone"],"aioseo_notices":[],"_links":{"self":[{"href":"https:\/\/www.startlap.hu\/vasarlas\/wp-json\/wp\/v2\/posts\/2230451","targetHints":{"allow":["GET"]}}],"collection":[{"href":"https:\/\/www.startlap.hu\/vasarlas\/wp-json\/wp\/v2\/posts"}],"about":[{"href":"https:\/\/www.startlap.hu\/vasarlas\/wp-json\/wp\/v2\/types\/post"}],"author":[{"embeddable":true,"href":"https:\/\/www.startlap.hu\/vasarlas\/wp-json\/wp\/v2\/users\/20"}],"replies":[{"embeddable":true,"href":"https:\/\/www.startlap.hu\/vasarlas\/wp-json\/wp\/v2\/comments?post=2230451"}],"version-history":[{"count":19,"href":"https:\/\/www.startlap.hu\/vasarlas\/wp-json\/wp\/v2\/posts\/2230451\/revisions"}],"predecessor-version":[{"id":2230477,"href":"https:\/\/www.startlap.hu\/vasarlas\/wp-json\/wp\/v2\/posts\/2230451\/revisions\/2230477"}],"wp:featuredmedia":[{"embeddable":true,"href":"https:\/\/www.startlap.hu\/vasarlas\/wp-json\/wp\/v2\/media\/2230468"}],"wp:attachment":[{"href":"https:\/\/www.startlap.hu\/vasarlas\/wp-json\/wp\/v2\/media?parent=2230451"}],"wp:term":[{"taxonomy":"category","embeddable":true,"href":"https:\/\/www.startlap.hu\/vasarlas\/wp-json\/wp\/v2\/categories?post=2230451"},{"taxonomy":"post_tag","embeddable":true,"href":"https:\/\/www.startlap.hu\/vasarlas\/wp-json\/wp\/v2\/tags?post=2230451"}],"curies":[{"name":"wp","href":"https:\/\/api.w.org\/{rel}","templated":true}]}}