{"id":2229863,"date":"2023-02-20T15:21:27","date_gmt":"2023-02-20T14:21:27","guid":{"rendered":"https:\/\/www.startlap.hu\/vasarlas\/?p=2229863"},"modified":"2024-01-10T10:07:57","modified_gmt":"2024-01-10T09:07:57","slug":"lidl-bezaras-fogyasztovedelem-romania","status":"publish","type":"post","link":"https:\/\/www.startlap.hu\/vasarlas\/lidl-bezaras-fogyasztovedelem-romania\/","title":{"rendered":"38 Lidl \u00e1ruh\u00e1zat z\u00e1ratott be Rom\u00e1ni\u00e1ban a fogyaszt\u00f3v\u00e9delem"},"content":{"rendered":"<p>Id\u00e9n \u00f6sszesen 307 ellen\u0151rz\u00e9st tartottak a rom\u00e1n Lidl szupermarketekben, fogyaszt\u00f3v\u00e9delem pedig 481 b\u00edrs\u00e1got r\u00f3tt ki &#8211; \u00edrja a <a href=\"https:\/\/www.hirstart.hu\/site\/relocate.php?rssid=34&amp;rsspid=3&amp;ctype=rss&amp;id=25411428&amp;chk=f95cb82a1ff102aeae00e0be29b17eb1&amp;url=https%3A%2F%2Fwww.portfolio.hu%2Fuzlet%2F20230218%2F38-lidl-aruhazat-bezaratott-a-fogyasztovedelem-romaniaban-597856%3Futm_source%3Dhirstart%26utm_medium%3Dportfolio_linkek%26utm_campaign%3Dhiraggregator\" target=\"_blank\" target=\"_blank\" rel=\"noopener noreferrer\">Porfolio<\/a>.<\/p>\n<blockquote class=\"article__extraTxt\"><p>A b\u00fcntet\u00e9sek \u00f6ssz\u00e9rt\u00e9ke el\u00e9rte a 7,3 milli\u00f3 lejt, ami nagyj\u00e1b\u00f3l 570 milli\u00f3 forintnak felel meg.<\/p><\/blockquote>\n<p>A p\u00e9nzb\u00fcntet\u00e9sen t\u00fal 133 esetben figyelmeztett\u00e9k az \u00e1ruh\u00e1zakat \u00e9s <strong>125 ezer lej, azaz majdnem 10 milli\u00f3 forint \u00e9rt\u00e9kben vontak ki \u00e1rut a forgalomb\u00f3l<\/strong>.<\/p>\n<p>Voltak olyan \u00e1ruh\u00e1zak is, ahol <strong>annyira s\u00falyos volt a helyzet, hogy elrendelt\u00e9k a tev\u00e9kenys\u00e9g\u00fck felf\u00fcggeszt\u00e9s\u00e9t<\/strong>. Bukarest, Arad, Brass\u00f3, Feh\u00e9r, Maros, Bihar, Szatm\u00e1r, Szil\u00e1gy, Beszterce-Nasz\u00f3d, Krass\u00f3-Sz\u00f6r\u00e9ny \u00e9s Hunyad,&nbsp;Neam\u0163, Ia\u015fi, Konstanca, Olt, Dolj, Prahova \u00e9s Ilfov megy\u00e9kben&nbsp;<strong>\u00f6sszesen 38 Lidl \u00e1ruh\u00e1z volt k\u00e9nytelen bez\u00e1rni&nbsp;a hi\u00e1nyoss\u00e1gok kijav\u00edt\u00e1s\u00e1ig, vagy a hat\u00f3s\u00e1g \u00e1ltal meghat\u00e1rozott id\u0151pontig<\/strong>.<\/p>\n<figure id=\"attachment_2229864\" aria-describedby=\"caption-attachment-2229864\" style=\"width: 755px\" class=\"wp-caption alignnone\"><img loading=\"lazy\" decoding=\"async\" class=\"size-article-size-large-image wp-image-2229864\" src=\"https:\/\/www.startlap.hu\/vasarlas\/uploads\/2023\/02\/lidl-uzlet-bejarat-logo-755x439.jpg\" alt=\"A Lidl \u00e1ruh\u00e1z egyik \u00fczlet\u00e9nek bej\u00e1rata\" width=\"755\" height=\"439\" srcset=\"https:\/\/www.startlap.hu\/vasarlas\/uploads\/2023\/02\/lidl-uzlet-bejarat-logo-755x439.jpg 755w, https:\/\/www.startlap.hu\/vasarlas\/uploads\/2023\/02\/lidl-uzlet-bejarat-logo-602x350.jpg 602w, https:\/\/www.startlap.hu\/vasarlas\/uploads\/2023\/02\/lidl-uzlet-bejarat-logo.jpg 1200w\" sizes=\"auto, (max-width: 755px) 100vw, 755px\" \/><figcaption id=\"caption-attachment-2229864\" class=\"wp-caption-text\">Fot\u00f3: Matt Cardy\/Getty Images<\/figcaption><\/figure>\n<p><strong>A szigor\u00fa fell\u00e9p\u00e9s egy r\u00e9sze a lej\u00e1rt szavatoss\u00e1g\u00fa term\u00e9kek miatt t\u00f6rt\u00e9nt<\/strong>. De az ANPC inform\u00e1ci\u00f3i szerint<\/p>\n<blockquote class=\"article__extraTxt\"><p>olyan is el\u0151fordult, hogy a p\u00e9k\u00e1rukat poros, szennyez\u0151d\u00e9sekkel teli l\u00e1d\u00e1kban t\u00e1rolt\u00e1k.<\/p><\/blockquote>\n<p>N\u00e9h\u00e1ny ellen\u0151rz\u00f6tt \u00fczletben pedig a fagyaszt\u00f3vitrinek \u00e9s a l\u00e1d\u00e1k nemcsak s\u00e9r\u00fcltek, hanem porosak \u00e9s rozsd\u00e1sak voltak.<\/p>\n<p>A z\u00f6lds\u00e9gek \u00e9s gy\u00fcm\u00f6lcs\u00f6k eset\u00e9ben is komoly hi\u00e1nyoss\u00e1gokat t\u00e1rtak fel, de olyan is el\u0151fordult ahol az \u00e1ru min\u0151s\u00e9ge nem felelt meg a felt\u00fcntetett min\u0151s\u00e9gi oszt\u00e1lyzatnak. T\u00f6bb term\u00e9knek nem volt felt\u00fcntetve az \u00e1ra \u00e9s nem tartott\u00e1k be a prom\u00f3ci\u00f3kkal kapcsolatos szab\u00e1lyokat sem.<\/p>\n<div class=\"o-widget m-readMoreWidget -readMore u-shortDecorLineAfter row widget-container _ce_measure_widget bigdata-widget read-more\" data-ce-measure-widget=\"olvass tov\u00e1bb\">\n\t<div class=\"m-readMoreWidget__imgWrapper image-wrapper col-12 col-md-4 no-p\">\n\t\t<a class=\"m-readMoreWidget__imgLink\" href=\"https:\/\/www.startlap.hu\/vasarlas\/voroshagyma-lilahagyma-dragulas\/\" >\n\t\t\t<img decoding=\"async\" src=\"https:\/\/www.startlap.hu\/vasarlas\/uploads\/2023\/02\/voroshagyma-1-350x285.jpg\" class=\"m-readMoreWidget__img\">\n\t\t<\/a>\n\t<\/div>\n\t<div class=\"m-readMoreWidget__titleWrapper title-wrapper col-12 col-md-8\">\n\t\t<span class=\"m-readMoreWidget__titleLabel u-shortDecorLineBefore label hidden-sm-up\">Ez is \u00e9rdekelhet:<\/span>\n\t\t<h3 class=\"m-readMoreWidget__title title\">\n\t\t\t<a class=\"m-readMoreWidget__titleLink -secondFont u-bold u-upperCase\" href=\"https:\/\/www.startlap.hu\/vasarlas\/voroshagyma-lilahagyma-dragulas\/\" >Brut\u00e1lisan megdr\u00e1gul a v\u00f6r\u00f6shagyma tavaszra<\/a>\n\t\t<\/h3>\n\t\t<a class=\"m-readMoreWidget__btn -coloredBack u-tC link\" href=\"https:\/\/www.startlap.hu\/vasarlas\/voroshagyma-lilahagyma-dragulas\/\" >Elolvasom<\/a>\n\t<\/div>\n<\/div>\n","protected":false},"excerpt":{"rendered":"<p>\u00dczleteket z\u00e1ratott be \u00e9s t\u00f6bb, mint 7 milli\u00f3 lej b\u00fcntet\u00e9st szabott ki a rom\u00e1n fogyaszt\u00f3v\u00e9delmi hat\u00f3s\u00e1g a Lidl \u00fczletl\u00e1ncnak, miut\u00e1n sz\u00e1mtalan hi\u00e1nyoss\u00e1got t\u00e1rtak fel az ellen\u0151rz\u00e9sek alkalm\u00e1val.<\/p>\n","protected":false},"author":58,"featured_media":2229864,"comment_status":"closed","ping_status":"closed","sticky":false,"template":"","format":"standard","meta":{"footnotes":""},"categories":[8180],"tags":[13213,5952,280,411],"class_list":["post-2229863","post","type-post","status-publish","format-standard","has-post-thumbnail","hentry","category-trending","tag-boltbezaras","tag-fogyasztovedelem","tag-lidl","tag-romania"],"aioseo_notices":[],"_links":{"self":[{"href":"https:\/\/www.startlap.hu\/vasarlas\/wp-json\/wp\/v2\/posts\/2229863","targetHints":{"allow":["GET"]}}],"collection":[{"href":"https:\/\/www.startlap.hu\/vasarlas\/wp-json\/wp\/v2\/posts"}],"about":[{"href":"https:\/\/www.startlap.hu\/vasarlas\/wp-json\/wp\/v2\/types\/post"}],"author":[{"embeddable":true,"href":"https:\/\/www.startlap.hu\/vasarlas\/wp-json\/wp\/v2\/users\/58"}],"replies":[{"embeddable":true,"href":"https:\/\/www.startlap.hu\/vasarlas\/wp-json\/wp\/v2\/comments?post=2229863"}],"version-history":[{"count":6,"href":"https:\/\/www.startlap.hu\/vasarlas\/wp-json\/wp\/v2\/posts\/2229863\/revisions"}],"predecessor-version":[{"id":2229893,"href":"https:\/\/www.startlap.hu\/vasarlas\/wp-json\/wp\/v2\/posts\/2229863\/revisions\/2229893"}],"wp:featuredmedia":[{"embeddable":true,"href":"https:\/\/www.startlap.hu\/vasarlas\/wp-json\/wp\/v2\/media\/2229864"}],"wp:attachment":[{"href":"https:\/\/www.startlap.hu\/vasarlas\/wp-json\/wp\/v2\/media?parent=2229863"}],"wp:term":[{"taxonomy":"category","embeddable":true,"href":"https:\/\/www.startlap.hu\/vasarlas\/wp-json\/wp\/v2\/categories?post=2229863"},{"taxonomy":"post_tag","embeddable":true,"href":"https:\/\/www.startlap.hu\/vasarlas\/wp-json\/wp\/v2\/tags?post=2229863"}],"curies":[{"name":"wp","href":"https:\/\/api.w.org\/{rel}","templated":true}]}}