{"id":2229292,"date":"2023-02-06T18:00:47","date_gmt":"2023-02-06T17:00:47","guid":{"rendered":"https:\/\/www.startlap.hu\/vasarlas\/?p=2229292"},"modified":"2024-01-10T09:59:16","modified_gmt":"2024-01-10T08:59:16","slug":"aldi-vaj-arcsokkentes-inflacio","status":"publish","type":"post","link":"https:\/\/www.startlap.hu\/vasarlas\/aldi-vaj-arcsokkentes-inflacio\/","title":{"rendered":"\u00c1rcs\u00f6kkent\u00e9st jelentett be az Aldi egy fontos term\u00e9kn\u00e9l"},"content":{"rendered":"<p>Nemzetk\u00f6zi szinten is cs\u00f6kkent az ut\u00f3bbi napokban a tej beszerz\u00e9si \u00e1ra, ez\u00e9rt <strong>az Aldi Magyarorsz\u00e1g \u00fagy d\u00f6nt\u00f6tt, hogy jelent\u0151sen cs\u00f6kkenti n\u00e9h\u00e1ny vaj \u00e1r\u00e1t<\/strong> &#8211; \u00edrja az <a href=\"https:\/\/www.hirstart.hu\/site\/relocate.php?rssid=1516&amp;rsspid=3&amp;ctype=rss&amp;id=25318215&amp;chk=7f9622d8f50edac171979c28e10fb3f9&amp;url=https%3A%2F%2Finfostart.hu%2Fgazdasag%2F2023%2F02%2F06%2Fezt-nem-hittuk-volna-arzuhanas-egy-fontos-termeknel-a-magyar-elelmiszerpiacon\" target=\"_blank\" target=\"_blank\" rel=\"noopener noreferrer\">Infostart<\/a>.<\/p>\n<figure id=\"attachment_2229293\" aria-describedby=\"caption-attachment-2229293\" style=\"width: 755px\" class=\"wp-caption alignnone\"><img loading=\"lazy\" decoding=\"async\" class=\"size-article-size-large-image wp-image-2229293\" src=\"https:\/\/www.startlap.hu\/vasarlas\/uploads\/2023\/02\/aldi-uzlet-755x503.jpg\" alt=\"Aldi \u00e1ruh\u00e1z \u00fczlet\u00e9nek oldal\u00e1n egy Aldi logo\" width=\"755\" height=\"503\" srcset=\"https:\/\/www.startlap.hu\/vasarlas\/uploads\/2023\/02\/aldi-uzlet-755x503.jpg 755w, https:\/\/www.startlap.hu\/vasarlas\/uploads\/2023\/02\/aldi-uzlet-525x350.jpg 525w, https:\/\/www.startlap.hu\/vasarlas\/uploads\/2023\/02\/aldi-uzlet.jpg 1200w\" sizes=\"auto, (max-width: 755px) 100vw, 755px\" \/><figcaption id=\"caption-attachment-2229293\" class=\"wp-caption-text\">Fot\u00f3: Matthew Horwood\/Getty Images<\/figcaption><\/figure>\n<p>Nem egyszeri akci\u00f3r\u00f3l van sz\u00f3, hanem <strong>hossz\u00fat\u00e1v\u00fa \u00e1rcs\u00f6kkent\u00e9s lesz az Aldi Magyarorsz\u00e1g \u00fczleteiben<\/strong>.&nbsp;<\/p>\n<blockquote class=\"article__extraTxt\"><p>A legkeresettebb vajak \u00e1rai 20 sz\u00e1zal\u00e9kkal cs\u00f6kkennek h\u00e9tf\u0151t\u0151l.<\/p><\/blockquote>\n<p>Ennek f\u0151 oka, hogy a nemzetk\u00f6zi tej- \u00e9s beszerz\u00e9si piacon is m\u00e9rs\u00e9kl\u0151dtek az \u00e1rak. A c\u00e9g k\u00f6zlem\u00e9nye szerint az alacsonyabb \u00e1rak a nemzetk\u00f6zi \u00e9s a magyar forr\u00e1sb\u00f3l \u00e9rkez\u0151 vajak eset\u00e9ben is \u00e9rv\u00e9nyes\u00fclnek.<\/p>\n<p>Ezek alapj\u00e1n a 82 sz\u00e1zal\u00e9kos Desira \u00e9s Milfina saj\u00e1t m\u00e1rk\u00e1s vajhoz, valamint a magyar beszerz\u00e9s\u0171, 60 sz\u00e1zal\u00e9kos zs\u00edrtartalm\u00fa, 100 grammos saj\u00e1t m\u00e1rk\u00e1s Kok\u00e1rd\u00e1s vajhoz is <a href=\"https:\/\/www.startlap.hu\/vasarlas\/a-spar-vezetoje-szerint-ket-elelmiszer-ara-is-csokkenhet-hamarosan\/\" target=\"_blank\" rel=\"noopener noreferrer\">alacsonyabb \u00e1ron<\/a> juthatunk hozz\u00e1.<\/p>\n<p>2021. december\u00e9t\u0151l 2022. december\u00e9ig egy\u00e9bk\u00e9nt&nbsp;<strong>79,4 sz\u00e1zal\u00e9kkal emelkedett&nbsp;a vaj \u00e9s vajkr\u00e9m \u00e1ra<\/strong> a <a href=\"https:\/\/www.startlap.hu\/vasarlas\/inflacio-2022-december\/\" target=\"_blank\" rel=\"noopener noreferrer\">KSH adatai<\/a> szerint.<\/p>\n<div class=\"o-widget m-readMoreWidget -readMore u-shortDecorLineAfter row widget-container _ce_measure_widget bigdata-widget read-more\" data-ce-measure-widget=\"olvass tov\u00e1bb\">\n\t<div class=\"m-readMoreWidget__imgWrapper image-wrapper col-12 col-md-4 no-p\">\n\t\t<a class=\"m-readMoreWidget__imgLink\" href=\"https:\/\/www.startlap.hu\/vasarlas\/inflacio-vasarlas-2022-december\/\" >\n\t\t\t<img decoding=\"async\" src=\"https:\/\/www.startlap.hu\/vasarlas\/uploads\/2022\/10\/bevasarlokocsi_vasarlo_blokk_01-350x285.jpg\" class=\"m-readMoreWidget__img\">\n\t\t<\/a>\n\t<\/div>\n\t<div class=\"m-readMoreWidget__titleWrapper title-wrapper col-12 col-md-8\">\n\t\t<span class=\"m-readMoreWidget__titleLabel u-shortDecorLineBefore label hidden-sm-up\">Ez is \u00e9rdekelhet:<\/span>\n\t\t<h3 class=\"m-readMoreWidget__title title\">\n\t\t\t<a class=\"m-readMoreWidget__titleLink -secondFont u-bold u-upperCase\" href=\"https:\/\/www.startlap.hu\/vasarlas\/inflacio-vasarlas-2022-december\/\" >Sokkal kevesebb \u00e9lelmiszert v\u00e1s\u00e1rolunk a magas infl\u00e1ci\u00f3 miatt<\/a>\n\t\t<\/h3>\n\t\t<a class=\"m-readMoreWidget__btn -coloredBack u-tC link\" href=\"https:\/\/www.startlap.hu\/vasarlas\/inflacio-vasarlas-2022-december\/\" >Elolvasom<\/a>\n\t<\/div>\n<\/div>\n","protected":false},"excerpt":{"rendered":"<p>A hossz\u00fa ideje tart\u00f3 \u00e1remelked\u00e9sek ut\u00e1n j\u00f3 h\u00edrt kaptak a v\u00e1s\u00e1rl\u00f3k, ugyanis az Aldi bejelentette, hogy h\u00e9tf\u0151t\u0151l cs\u00f6kkenti a legkeresettebb vajak \u00e1r\u00e1t.<\/p>\n","protected":false},"author":58,"featured_media":2229293,"comment_status":"open","ping_status":"open","sticky":false,"template":"","format":"standard","meta":{"footnotes":""},"categories":[8180],"tags":[850,5184,3719,5845],"class_list":["post-2229292","post","type-post","status-publish","format-standard","has-post-thumbnail","hentry","category-trending","tag-aldi","tag-arcsokkenes","tag-inflacio","tag-vaj"],"aioseo_notices":[],"_links":{"self":[{"href":"https:\/\/www.startlap.hu\/vasarlas\/wp-json\/wp\/v2\/posts\/2229292","targetHints":{"allow":["GET"]}}],"collection":[{"href":"https:\/\/www.startlap.hu\/vasarlas\/wp-json\/wp\/v2\/posts"}],"about":[{"href":"https:\/\/www.startlap.hu\/vasarlas\/wp-json\/wp\/v2\/types\/post"}],"author":[{"embeddable":true,"href":"https:\/\/www.startlap.hu\/vasarlas\/wp-json\/wp\/v2\/users\/58"}],"replies":[{"embeddable":true,"href":"https:\/\/www.startlap.hu\/vasarlas\/wp-json\/wp\/v2\/comments?post=2229292"}],"version-history":[{"count":9,"href":"https:\/\/www.startlap.hu\/vasarlas\/wp-json\/wp\/v2\/posts\/2229292\/revisions"}],"predecessor-version":[{"id":2229310,"href":"https:\/\/www.startlap.hu\/vasarlas\/wp-json\/wp\/v2\/posts\/2229292\/revisions\/2229310"}],"wp:featuredmedia":[{"embeddable":true,"href":"https:\/\/www.startlap.hu\/vasarlas\/wp-json\/wp\/v2\/media\/2229293"}],"wp:attachment":[{"href":"https:\/\/www.startlap.hu\/vasarlas\/wp-json\/wp\/v2\/media?parent=2229292"}],"wp:term":[{"taxonomy":"category","embeddable":true,"href":"https:\/\/www.startlap.hu\/vasarlas\/wp-json\/wp\/v2\/categories?post=2229292"},{"taxonomy":"post_tag","embeddable":true,"href":"https:\/\/www.startlap.hu\/vasarlas\/wp-json\/wp\/v2\/tags?post=2229292"}],"curies":[{"name":"wp","href":"https:\/\/api.w.org\/{rel}","templated":true}]}}