{"id":2228507,"date":"2023-01-24T06:13:39","date_gmt":"2023-01-24T05:13:39","guid":{"rendered":"https:\/\/www.startlap.hu\/vasarlas\/?p=2228507"},"modified":"2023-01-23T17:31:28","modified_gmt":"2023-01-23T16:31:28","slug":"hatekonysag-produktivitas-ebreszto-tolto-laptop","status":"publish","type":"post","link":"https:\/\/www.startlap.hu\/vasarlas\/hatekonysag-produktivitas-ebreszto-tolto-laptop\/","title":{"rendered":"Hat\u00e9konys\u00e1gn\u00f6vel\u0151 eszk\u00f6z\u00f6k, hogy a legjobbat hozzuk ki magunkb\u00f3l 2023-ban!"},"content":{"rendered":"<p>A hat\u00e9konys\u00e1gn\u00f6vel\u00e9s legal\u00e1bb annyira n\u00e9pszer\u0171 kifejez\u00e9s lett a mai vil\u00e1gban, mint a k\u00f6rnyezettudatoss\u00e1g vagy a mindenmentess\u00e9g. Ebben persze semmi meglep\u0151 nincs, hiszen a huszonegyedik sz\u00e1zadban napr\u00f3l-napra egyre nagyobb rajtunk a nyom\u00e1s, hogy az \u00e9let minden ter\u00fclet\u00e9n a lehet\u0151 legjobb teljes\u00edtm\u00e9nyt ny\u00fajtsuk: ezt azonban szerencs\u00e9re ma m\u00e1r nem egyed\u00fcl kell megtenn\u00fcnk.<\/p>\n<blockquote class=\"article__extraTxt\"><p>Tucatnyi kieg\u00e9sz\u00edt\u0151, eszk\u00f6z \u00e9s okosk\u00fcty\u00fc seg\u00edthet abban, hogy hat\u00e9konyabban, naprak\u00e9szen \u00e9s kipihenten legy\u00fcnk k\u00e9pesek szemben\u00e9zni a mindennapokkal.<\/p><\/blockquote>\n<p>Powerbankok, laptopok, hat\u00e1rid\u0151napl\u00f3k \u2013 \u00edme, azok a term\u00e9kek, amik seg\u00edtenek abban, hogy mindig a legjobb form\u00e1nkat hozzuk!&nbsp;&nbsp;<\/p>\n<h2>T\u00f6lt\u0151k \u00e9s powerbankok&nbsp;<\/h2>\n<p>Sz\u00e1m\u00edt\u00e1stechnikai eszk\u00f6z\u00f6k n\u00e9lk\u00fcl ma m\u00e1r gyakorlatilag elk\u00e9pzelhetetlen lenne az \u00e9let: a <a href=\"https:\/\/www.startlap.hu\/vasarlas\/legjobb-applikaciok-alkalmazas-2022\/\" target=\"_blank\" rel=\"noopener noreferrer\"><strong>telefonok<\/strong><\/a>, <a href=\"https:\/\/www.startlap.hu\/vasarlas\/chromebook-laptop\/\" target=\"_blank\" rel=\"noopener noreferrer\"><strong>laptopok<\/strong><\/a>, a napr\u00f3l-napra egyre meglep\u0151bb okosk\u00fcty\u00fck ilyen vagy olyan form\u00e1ban minden h\u00e1ztart\u00e1sban megtal\u00e1lhat\u00f3k. S\u0151t, a legt\u00f6bben ezeken kereszt\u00fcl v\u00e9gzik a munk\u00e1jukat, tartj\u00e1k a kapcsolatot a rokonaikkal, ismer\u0151seikkel, rajtuk kereszt\u00fcl int\u00e9zik a bev\u00e1s\u00e1rl\u00e1st \u00e9s vel\u00fck tervezik meg a mindennapjaikat. \u00c9pp ez\u00e9rt nagyon fontos, hogy mindig k\u00e9zn\u00e9l legyenek \u00e9s mindig k\u00e9szen \u00e1lljanak arra, hogy haszn\u00e1lni tudjuk \u0151ket \u2013 ehhez viszont<\/p>\n<blockquote class=\"article__extraTxt\"><p>elengedhetetlen egy j\u00f3l m\u0171k\u00f6d\u0151 t\u00f6lt\u0151 vagy powerbank.<\/p><\/blockquote>\n<p>Ha mennyis\u00e9g a legfontosabb, akkor a <strong>DDEPOP Shop (1)<\/strong> \u00e9s az<strong> EZQuest (4)<\/strong> term\u00e9kei lehetnek a legmegb\u00edzhat\u00f3bb t\u00e1rsaink &#8211; m\u00e1r ami a t\u00f6lt\u00e9st illeti. A k\u00e9t t\u00f6lt\u0151 ugyanis t\u00f6bb kimenetellel is rendelkezik: az egyik n\u00e9gy, a m\u00e1sik h\u00e1rom eszk\u00f6zt is k\u00e9pes egyszerre t\u00f6lteni. A k\u00fcl\u00f6nbs\u00e9g annyi, hogy a DDEPOP term\u00e9ke csak&nbsp; hagyom\u00e1nyos USB-k\u00e1bellel m\u0171k\u00f6dik, az EZQuest darabj\u00e1n azonban tal\u00e1lunk USB-C kimenetet is.&nbsp;<\/p>\n<section class=\"numbered-recommendation\">\n            <img decoding=\"async\" src=\"https:\/\/www.startlap.hu\/vasarlas\/uploads\/2023\/01\/produktivitas.png\">\n                <div class=\"links\">\n            <ul>\n                                                            <li>\n                            <span class=\"num\">1<\/span>\n                            <span>N\u00e9gy kimenetes t\u00f6lt\u0151<\/span>\n                                                        <a href=\"https:\/\/www.emag.hu\/halozati-tolto-4x-usb-3-0-ultragyors-toltes-magas-homerseklet-elleni-vedelem-feher-fekete-hcj-430\/pd\/DB94M7MBM\/\" target=\"_blank\" rel=\"noopener\">eMAG<\/a>\n                                                    <\/li>\n                                                                                <li>\n                            <span class=\"num\">2<\/span>\n                            <span>Yenkee powerbank<\/span>\n                                                        <a href=\"https:\/\/www.yenkee.hu\/30-000-mah-powerbank\/ypb-3010#Elonyok\" target=\"_blank\" rel=\"noopener\">Yenkee<\/a>\n                                                    <\/li>\n                                                                                <li>\n                            <span class=\"num\">3<\/span>\n                            <span>SvodMedia vezet\u00e9k n\u00e9lk\u00fcli t\u00f6lt\u0151<\/span>\n                                                        <a href=\"https:\/\/www.emag.hu\/svodmedia-vezetek-nelkuli-tolto-fast-charge-kabellel-egyutt-univerzalis-fekete-15w\/pd\/D722LSMBM\/?ref=sponsored_products_fill_5_1&amp;provider=rec&amp;recid=rec_73_1d8173948e33eebca191ee74f8e6c400316d19a2aeb10c7c4f5314b810c72319_1673350521&amp;scenario_ID=73&amp;aid=80f0199c-8a73-11ed-b6e4-0611506587cc&amp;oid=106839480\" target=\"_blank\" rel=\"noopener\">eMAG<\/a>\n                                                    <\/li>\n                                                                                <li>\n                            <span class=\"num\">4<\/span>\n                            <span>EZQuest USB-C t\u00f6lt\u0151 <\/span>\n                                                        <a href=\"https:\/\/ezq.com\/ultimatepower-120w-gan-usb-c-pd-wall-charger.html\" target=\"_blank\" rel=\"noopener\">EZQ<\/a>\n                                                    <\/li>\n                                                                                                                        <\/ul>\n        <\/div>\n    <\/section>\n\n<p>Sokan a vezet\u00e9k n\u00e9lk\u00fcli t\u00f6lt\u0151kre esk\u00fcsznek, amib\u0151l szerencs\u00e9re ma m\u00e1r rengeteg k\u00fcl\u00f6nb\u00f6z\u0151 darabot tal\u00e1lunk a piacon. A <strong>SvodMedia (3)<\/strong> darabja 15 wattos gyorst\u00f6lt\u00e9sre is alkalmas, elvezeti a felesleges h\u0151t, r\u00e1ad\u00e1sul be\u00e9p\u00edtett LED-f\u00e9nnyel jelzi a t\u00f6lt\u00f6tts\u00e9g \u00e1llapot\u00e1t. Azoknak, akik pedig t\u00e9nyleg biztosra szeretn\u00e9nek menni, a <strong>Yenkee power bankja (2)<\/strong> biztosan nem okoz majd csal\u00f3d\u00e1st.<\/p>\n<blockquote class=\"article__extraTxt\"><p>30000 mAh kapacit\u00e1s\u00e1val ak\u00e1r t\u00f6bb napon \u00e1t is k\u00e9pes m\u0171k\u00f6d\u0151k\u00e9pesen tartani az eszk\u00f6zeinket, a n\u00e9gy kimeneti port k\u00f6z\u00f6tt pedig tal\u00e1lunk USB-t, USB-C-t \u00e9s Lightning-ot is.&nbsp;<\/p><\/blockquote>\n<h2>Laptopok \u00e9s t\u00e1blag\u00e9pek<\/h2>\n<p>A sz\u00e1m\u00edt\u00f3g\u00e9pekkel,<a href=\"https:\/\/www.startlap.hu\/vasarlas\/legjobb-laptopok-2021\/\" target=\"_blank\" rel=\"noopener noreferrer\"> laptopokkal<\/a> tal\u00e1n el\u00e9rkezt\u00fcnk a legink\u00e1bb k\u00e9nyes term\u00e9kekhez. Egy j\u00f3l megv\u00e1lasztott darab ugyanis t\u00e9nyleg az egyik legjobb befektet\u00e9s lehet, ehhez viszont \u00e9rdemes j\u00f3 el\u0151re meghat\u00e1rozni azt, hogy pontosan mire szeretn\u00e9nk haszn\u00e1lni a g\u00e9pet, milyen tulajdons\u00e1gai fontosak nek\u00fcnk \u00e9s mennyit vagyunk hajland\u00f3ak r\u00e1sz\u00e1nni. Az <strong>ASUS ZenBook Pro 14 Duo (1)<\/strong> t\u00f6bb mint egymilli\u00f3 forintos \u00e1ra p\u00e9ld\u00e1ul els\u0151 l\u00e1t\u00e1sra elk\u00e9peszt\u0151nek t\u0171nhet, de ha figyelembe vessz\u00fck, hogy milyen mennyis\u00e9g\u0171 \u00e9s milyen min\u0151s\u00e9g\u0171 munk\u00e1t k\u00e9pes ell\u00e1tni a g\u00e9p, akkor tal\u00e1n meg\u00e9rheti a befektet\u00e9st. Egyr\u00e9szt a 93%-os g\u00e9ph\u00e1z-kijelz\u0151 ar\u00e1ny a piacon is egyed\u00fcl\u00e1ll\u00f3, r\u00e1ad\u00e1sul a d\u00f6nthet\u0151, m\u00e1sodik k\u00e9perny\u0151 ugyanolyan teljes\u00edtm\u00e9nnyel b\u00edr, mint a f\u0151k\u00e9perny\u0151. \u00c9s ha m\u00e1r teljes\u00edtm\u00e9ny:<\/p>\n<blockquote class=\"article__extraTxt\"><p>az IntelCore tizenn\u00e9gy magos processzora olyan er\u0151ss\u00e9g\u0171, hogy gyakorlatilag nincs annyi munkamenet, amit ne lenne k\u00e9pes egyszerre futtatni.<\/p><\/blockquote>\n<p>Hasonl\u00f3an j\u00f3 teljes\u00edtm\u00e9nyt ny\u00fajt az <strong><a href=\"https:\/\/www.startlap.hu\/vasarlas\/apple-fejlesztesek-vr-szemuveg-2023\/\" target=\"_blank\" rel=\"noopener noreferrer\">Apple<\/a> MacBook Pro 13 (2)<\/strong> is, amiben r\u00e1ad\u00e1sul ebben m\u00e1r az Apple \u00faj, M2 chipje biztos\u00edtja, hogy semmi ne akad\u00e1lyozzon a gyorsas\u00e1gban \u00e9s a hat\u00e9konys\u00e1gban.<\/p>\n<section class=\"numbered-recommendation\">\n            <img decoding=\"async\" src=\"https:\/\/www.startlap.hu\/vasarlas\/uploads\/2023\/01\/produktivitas_2.png\">\n                <div class=\"links\">\n            <ul>\n                                                            <li>\n                            <span class=\"num\">1<\/span>\n                            <span>ASUS ZenBook 14 Pro<\/span>\n                                                        <a href=\"https:\/\/www.mediamarkt.hu\/hu\/product\/_asus-zenbook-pro-14-duo-ux8402ze-m3022w-laptop-14-5-2-8k-touch-core-i9-32gb-1024-gb-ssd-rtx3050ti-4gb-win11h-1397796.html?utm_content=1397796&amp;gclid=Cj0KCQiAtvSdBhD0ARIsAPf8oNlVliDKiHzDzDNWOIySMXm4bLuk2-8FBH1hkG-j7n_yjPJ8PDjF8yMaArqvEALw_wcB#v_C3_A1s_C3_A1rl_C3_B3i-v_C3_A9lem_C3_A9nyek\" target=\"_blank\" rel=\"noopener\">MediaMarkt<\/a>\n                                                    <\/li>\n                                                                                <li>\n                            <span class=\"num\">2<\/span>\n                            <span>Apple MacBook Pro 13<\/span>\n                                                        <a href=\"https:\/\/www.apple.com\/hu\/shop\/buy-mac\/macbook-pro\/13-h%C3%BCvelykes-asztrosz%C3%BCrke-apple-m2-chip-8-magos-cpu-val-%C3%A9s-10-magos-gpu-val-256gb?afid=p238%7Csob5QseHp-dc_mtid_187079nc38483_pcrid_529161505324_pgrid_124353452375_pntwk_g_pchan_online_pexid__&amp;cid=aos-hu-kwgo-pla-mac--slid---product-MNEH3MG\/A-HU\" target=\"_blank\" rel=\"noopener\">Apple<\/a>\n                                                    <\/li>\n                                                                                <li>\n                            <span class=\"num\">3<\/span>\n                            <span>Huawei MatePad Paper<\/span>\n                                                        <a href=\"https:\/\/www.emag.hu\/huawei-matepad-paper-tablagep-4-gb-ram-64-gb-wi-fi-tok-es-toll-mellekelve-fekete-53012xuq\/pd\/DQMRX4MBM\/?cmpid=87202&amp;gclid=Cj0KCQiAtvSdBhD0ARIsAPf8oNmjl28vfvgYsQXU1lDRQzEy5XcbYQMSktCKLBMyIgK4qUs5g9E96FIaApwFEALw_wcB\" target=\"_blank\" rel=\"noopener\">eMAG<\/a>\n                                                    <\/li>\n                                                                                <li>\n                            <span class=\"num\">4<\/span>\n                            <span>Microsoft Surface<\/span>\n                                                        <a href=\"https:\/\/www.alza.hu\/microsoft-surface-studio-2021?dq=6963865&amp;kampan=adw1_alza_pla_all_all-products_notebooky_c_9062959___604890037377_~141565623327~&amp;gclid=Cj0KCQiAtvSdBhD0ARIsAPf8oNmnuvTdhxvqj2EdUGRJmG1ycAEtdSXw7as386CE5BJZiQ1V8AeWj-caAlmfEALw_wcB\" target=\"_blank\" rel=\"noopener\">Alza<\/a>\n                                                    <\/li>\n                                                                                                                        <\/ul>\n        <\/div>\n    <\/section>\n\n<p>Azoknak, akik az egyedi, k\u00fcl\u00f6nleges megold\u00e1sokat keresik, a <strong>Huawei MatePad Paper (3)<\/strong> verzi\u00f3ja lehet a t\u00f6k\u00e9letes v\u00e1laszt\u00e1s.<\/p>\n<blockquote class=\"article__extraTxt\"><p>A t\u00e1blag\u00e9p ugyan nem a leger\u0151sebb processzorral rendelkezik, de az olvas\u00e1sra \u00e9s a jegyzetel\u00e9sre kialak\u00edtott fel\u00fclete viszont verhetetlen.<\/p><\/blockquote>\n<p>B\u00e1r b\u00f6ng\u00e9szhet\u00fcnk rajta \u00e9s email klienssel is b\u00edr, f\u0151leg a k\u00e9zzel k\u00e9sz\u00edtett jegyzetek t\u00e1rol\u00e1s\u00e1ra alkalmas \u00e9s arra, hogy ezeket m\u00e1s Huawei eszk\u00f6z\u00f6kre tov\u00e1bb\u00edtsuk. A felsorol\u00e1sb\u00f3l term\u00e9szetesen a Microsoft sem maradhat ki. A c\u00e9g Surface csal\u00e1dj\u00e1nak<strong> Studio Platinum (4)<\/strong> fant\u00e1zian\u00e9vre hallgat\u00f3 g\u00e9pe gyakorlatilag egy h\u00e1rom az egyben term\u00e9k: a k\u00fcl\u00f6nb\u00f6z\u0151 kijelz\u0151k \u00e1tforgathat\u00f3k, \u00edgy ez a g\u00e9p is t\u00f6bb munkafel\u00fcletet biztos\u00edt a haszn\u00e1l\u00f3j\u00e1nak.&nbsp;<\/p>\n<h2>\u00c9breszt\u0151\u00f3r\u00e1k<\/h2>\n<p>A <a href=\"https:\/\/www.startlap.hu\/vasarlas\/alvas-alvassegito-almatlansag-2022\/\" target=\"_blank\" rel=\"noopener noreferrer\">pihentet\u0151, j\u00f3 alv\u00e1s<\/a> elengedhetetlen a napk\u00f6zben ny\u00fajtott megfelel\u0151 teljes\u00edtm\u00e9nyhez, ahhoz, hogy form\u00e1ban legy\u00fcnk \u00e9s a lehet\u0151 legjobb form\u00e1nkat tudjuk ny\u00fajtani. Ehhez viszont sz\u00fcks\u00e9ges az is, hogy a reggeli \u00e9bred\u00e9s g\u00f6rd\u00fcl\u00e9kenyen menjen. \u00c9s l\u00e1ssuk be, ez tal\u00e1n a legnehezebb, hiszen<\/p>\n<blockquote class=\"article__extraTxt\"><p>reggelente felkelni az \u00e1gyb\u00f3l sokaknak a nap egyik legnagyobb kih\u00edv\u00e1sa.<\/p><\/blockquote>\n<p>De nem a <strong>Sonic Bomb (1)<\/strong> nev\u0171 eszk\u00f6zzel, ami h\u0171en a nev\u00e9hez t\u00e9nyleg olyan, mint egy igazi bomba. A mostan\u00e1ban megszokott, nyugodt \u00e9breszt\u0151\u00f3r\u00e1k helyett ez a term\u00e9k mindenf\u00e9le fokozatoss\u00e1got n\u00e9lk\u00fcl\u00f6zve, azonnal olyan hanger\u0151vel kezd r\u00e1 az \u00e9breszt\u00e9sre, hogy arra garant\u00e1ltan fel\u00e9bred mindenki. R\u00e1ad\u00e1sul j\u00e1r hozz\u00e1 egy vibr\u00e1tor is, ami ak\u00e1r a p\u00e1rna al\u00e1 bet\u00e9ve m\u00e9g ink\u00e1bb k\u00e9pes biztos\u00edtani a pontos \u00e9bred\u00e9st. S ha mindezt nem lenne el\u00e9g,<\/p>\n<blockquote class=\"article__extraTxt\"><p>ezen fel\u00fcl m\u00e9g villan\u00f3f\u00e9nyek is seg\u00edtenek a cseppet sem nyugodt, de bombabiztos \u00e9bred\u00e9sben.<\/p><\/blockquote>\n<p>A <strong>Phillips okos\u00e9breszt\u0151je (2)<\/strong> m\u00e1r sokkal bar\u00e1ts\u00e1gosabb term\u00e9k, amiben a legk\u00fcl\u00f6nlegesebb a napfelkelte szimul\u00e1tor: az eszk\u00f6z fokozatosan n\u00f6veli a f\u00e9nyerej\u00e9t az \u00e9bred\u00e9s el\u0151tt, ezzel is felk\u00e9sz\u00edtve a szervezetet, hogy hamarosan v\u00e9ge az alv\u00e1snak.<\/p>\n<section class=\"numbered-recommendation\">\n            <img decoding=\"async\" src=\"https:\/\/www.startlap.hu\/vasarlas\/uploads\/2023\/01\/produktivitas_1.png\">\n                <div class=\"links\">\n            <ul>\n                                                            <li>\n                            <span class=\"num\">1<\/span>\n                            <span>Sonic Bomb hagyom\u00e1nyos \u00e9breszt\u0151<\/span>\n                                                        <a href=\"https:\/\/www.conrad.hu\/p\/rezgo-ebresztoora-sonic-bomb-679557?gclid=Cj0KCQiAtvSdBhD0ARIsAPf8oNn11gC5VIf2fsGEmbly0w-W2Gocp53NPY-3JGR--41j1pCbTeW1cjsaAlwoEALw_wcB\" target=\"_blank\" rel=\"noopener\">Conrad<\/a>\n                                                    <\/li>\n                                                                                <li>\n                            <span class=\"num\">2<\/span>\n                            <span>Philips \u00e9breszt\u0151 napfelkelte szimul\u00e1torral <\/span>\n                                                        <a href=\"https:\/\/www.emag.hu\/philips-hf3531-01-fm-radio-oraval-led-ebreszto-feny-ejfeli-feny-napkelte-szimulacio-smartsnooze-20-fenyero-beallitas-7-termeszetes-riasztasi-hang-feher-sarga-hf3531-01\/pd\/D6B80MMBM\/?cmpid=92343&amp;gclid=Cj0KCQiAtvSdBhD0ARIsAPf8oNn7V62s_UtJEGA13425Y0duOXP1SWVVIffxXmu6KCtpj0_0_6LL9UEaAprMEALw_wcB\" target=\"_blank\" rel=\"noopener\">eMAG<\/a>\n                                                    <\/li>\n                                                                                <li>\n                            <span class=\"num\">3<\/span>\n                            <span>Xiaomi Mi Smart Clock<\/span>\n                                                        <a href=\"https:\/\/www.alza.hu\/barkacs\/xiaomi-mi-smart-clock-d6999514.htm?gclid=Cj0KCQiAtvSdBhD0ARIsAPf8oNkcKr62lI2cwfOFPiTvtm3pLtwDtJQWlyIwdlV48P5a95b7qikS1csaAihwEALw_wcB&amp;kampan=adw1_alza_pla_all_sfbo-top_alza-sfbo-top_c_9062959___601001119353_~132400877210~\" target=\"_blank\" rel=\"noopener\">Alza<\/a>\n                                                    <\/li>\n                                                                                <li>\n                            <span class=\"num\">4<\/span>\n                            <span>Bivier 4in1 \u00e9breszt\u0151<\/span>\n                                                        <a href=\"https:\/\/www.emag.hu\/asztali-lampa-vezetek-nelkuli-toltovel-bivier-4in1-ebresztoora-15-qi-fast-charge-touch-control-fekete-bvr-lamp-4in1\/pd\/DJ2D99MBM\/?cmpid=92385&amp;gclid=Cj0KCQiAtvSdBhD0ARIsAPf8oNnonaWIYUD6k6m-Bla2E0UFm1kSTuYWZ6fkUYsIvGtcLO9mdtU8Ap4aApbsEALw_wcB\" target=\"_blank\" rel=\"noopener\">eMAG<\/a>\n                                                    <\/li>\n                                                                                                                        <\/ul>\n        <\/div>\n    <\/section>\n\n<p>A <strong>Xiaomi Mi SmartClock (3)<\/strong> az egyszer\u0171 \u00e9breszt\u00e9sen k\u00edv\u00fcl pontoss\u00e1 \u00e9s hat\u00e9konny\u00e1 teheti a reggeleket. Az eszk\u00f6z \u00e9bred\u00e9s ut\u00e1n k\u00e9pes arra, hogy felolvassa a legfontosabb h\u00edreket, eml\u00e9keztessen a napi teend\u0151kre, de lefekv\u00e9s el\u0151tt ak\u00e1r filmet is n\u00e9zhet\u00fcnk rajta, vagy betehet\u00fcnk valami nyugtat\u00f3, altat\u00f3 zen\u00e9t is. Hasonl\u00f3an a <strong>Bivier (4)<\/strong> 4in1 term\u00e9k\u00e9hez, ami egyszerre m\u0171k\u00f6dik t\u00f6lt\u0151k\u00e9nt, l\u00e1mpak\u00e9nt \u00e9s term\u00e9szetesen \u00e9breszt\u0151\u00f3rak\u00e9nt is.<\/p>\n<h2>Hat\u00e1rid\u0151napl\u00f3k<\/h2>\n<p><strong>Az id\u0151 p\u00e9nz<\/strong> &#8211; tartja a mond\u00e1s, \u00e9pp ez\u00e9rt nem t\u00falz\u00e1s azt mondani, hogy a j\u00f3l megszervezett id\u0151beoszt\u00e1sn\u00e1l kev\u00e9s fontosabb dolog van az \u00e9let\u00fcnkben. B\u00e1r t\u00e9ny, hogy ma m\u00e1r gyakorlatilag minden okoseszk\u00f6z k\u00e9pes k\u00f6vetni a mindennapjainkat, hogy mikor hol kell lenn\u00fcnk \u00e9s kivel kell tal\u00e1lkoznunk, egy j\u00f3 hat\u00e1rid\u0151napl\u00f3t m\u00e9gsem k\u00e9pes helyettes\u00edteni semmi. K\u00fcl\u00f6n\u00f6sen akkor, ha olyan term\u00e9kekr\u0151l van sz\u00f3, amik<\/p>\n<blockquote class=\"article__extraTxt\"><p>azon fel\u00fcl, hogy seg\u00edtenek rendszerezni a napunkat, m\u00e9g a ment\u00e1lis eg\u00e9szs\u00e9g\u00fcnkre is figyelnek.<\/p><\/blockquote>\n<section class=\"numbered-recommendation\">\n            <img decoding=\"async\" src=\"https:\/\/www.startlap.hu\/vasarlas\/uploads\/2022\/12\/hataridonaplo_montazs.png\">\n                <div class=\"links\">\n            <ul>\n                                                            <li>\n                            <span class=\"num\">1<\/span>\n                            <span>\u00d6nfejleszt\u0151 hat\u00e1rid\u0151napl\u00f3<\/span>\n                                                        <a href=\"https:\/\/www.libri.hu\/egyeb\/onfejleszto-hataridonaplo-uzleti-2023.html?gclid=CjwKCAiAy_CcBhBeEiwAcoMRHETXc7zkX2SjtAsAuNDV5iLDu0KDbupOFLWugxm7JBKfozGWmPddJxoCmG4QAvD_BwE\" target=\"_blank\" rel=\"noopener\">Libri<\/a>\n                                                    <\/li>\n                                                                                <li>\n                            <span class=\"num\">2<\/span>\n                            <span>Anti hat\u00e1rid\u0151napl\u00f3<\/span>\n                                                        <a href=\"https:\/\/www.libri.hu\/egyeb\/anti-hataridonaplo-a5-2023.html?gclid=CjwKCAiAy_CcBhBeEiwAcoMRHBSc8UZSsuPL22qZy88cFPo7PLYC9_GEJikc_OTUSym8m3TAGDB5zhoC96MQAvD_BwE\" target=\"_blank\" rel=\"noopener\">Libri<\/a>\n                                                    <\/li>\n                                                                                <li>\n                            <span class=\"num\">3<\/span>\n                            <span>Egyedi, szem\u00e9lyre szabott napl\u00f3<\/span>\n                                                        <a href=\"https:\/\/www.ancyshop.hu\/kulonleges-gyurus-hataridonaplo#\" target=\"_blank\" rel=\"noopener\">AncyShop<\/a>\n                                                    <\/li>\n                                                                                                                                                            <\/ul>\n        <\/div>\n    <\/section>\n\n<p>Ilyen p\u00e9ld\u00e1ul az <strong>\u00d6nfejleszt\u0151 hat\u00e1rid\u0151napl\u00f3 (1)<\/strong>, amiben minden h\u00f3napban az \u00e9let\u00fcnk m\u00e1s \u00e9s m\u00e1s ter\u00fclet\u00e9re koncentr\u00e1lva lehet\u00fcnk j\u00f3ban magunkkal \u00e9s a vil\u00e1ggal egyar\u00e1nt. A mindfulness vagyis tudatos \u00e9letszeml\u00e9letet seg\u00edti az \u00fagyneveztt <strong>Anti hat\u00e1rid\u0151napl\u00f3 (2)<\/strong>, amiben heti \u00e9s havi kih\u00edv\u00e1sokat, medit\u00e1ci\u00f3kat \u00e9s k\u00fcl\u00f6nb\u00f6z\u0151 tervez\u0151 oldalakat is tal\u00e1lunk. Az <strong>AncyShop hat\u00e1rid\u0151napl\u00f3ja (3)<\/strong> pedig egyszeri \u00e9s megism\u00e9telhetetlen: ugyanis mi magunk alak\u00edthatjuk ki a k\u00fclsej\u00e9t, a benne l\u00e9v\u0151 oldalakat, a beoszt\u00e1s\u00e1t is &#8211; \u00edgy t\u00e9nyleg olyan lehet, ami t\u00f6k\u00e9letesen passzol az egy\u00e9nis\u00e9g\u00fcnkh\u00f6z.&nbsp;<\/p>\n<div class=\"o-widget m-readMoreWidget -readMore u-shortDecorLineAfter row widget-container _ce_measure_widget bigdata-widget read-more\" data-ce-measure-widget=\"olvass tov\u00e1bb\">\n\t<div class=\"m-readMoreWidget__imgWrapper image-wrapper col-12 col-md-4 no-p\">\n\t\t<a class=\"m-readMoreWidget__imgLink\" href=\"https:\/\/www.startlap.hu\/vasarlas\/ces-2023-kutyuk-laptop-lelegzo-parna-stresszkabin\/\" >\n\t\t\t<img decoding=\"async\" src=\"https:\/\/www.startlap.hu\/vasarlas\/uploads\/2023\/01\/ces-osszecsukhato-kerekpar-350x285.jpg\" class=\"m-readMoreWidget__img\">\n\t\t<\/a>\n\t<\/div>\n\t<div class=\"m-readMoreWidget__titleWrapper title-wrapper col-12 col-md-8\">\n\t\t<span class=\"m-readMoreWidget__titleLabel u-shortDecorLineBefore label hidden-sm-up\">Ez is \u00e9rdekelhet:<\/span>\n\t\t<h3 class=\"m-readMoreWidget__title title\">\n\t\t\t<a class=\"m-readMoreWidget__titleLink -secondFont u-bold u-upperCase\" href=\"https:\/\/www.startlap.hu\/vasarlas\/ces-2023-kutyuk-laptop-lelegzo-parna-stresszkabin\/\" >\u0150r\u00fcletes cuccok a CES-r\u0151l: l\u00e9legz\u0151 p\u00e1rna, sz\u00fanyogcs\u00edp\u00e9st enyh\u00edt\u0151 k\u00fcty\u00fc, stresszold\u00f3 kabin<\/a>\n\t\t<\/h3>\n\t\t<a class=\"m-readMoreWidget__btn -coloredBack u-tC link\" href=\"https:\/\/www.startlap.hu\/vasarlas\/ces-2023-kutyuk-laptop-lelegzo-parna-stresszkabin\/\" >Elolvasom<\/a>\n\t<\/div>\n<\/div>\n","protected":false},"excerpt":{"rendered":"<p>T\u00f6lt\u0151k, laptopok, \u00e9breszt\u0151\u00f3r\u00e1k \u00e9s hat\u00e1rid\u0151napl\u00f3k: \u00f6sszegy\u0171jt\u00f6tt\u00fcnk minden olyan eszk\u00f6zt, amire sz\u00fcks\u00e9g\u00fcnk van ahhoz, hogy a legjobbat hozzuk ki magunkb\u00f3l!<\/p>\n","protected":false},"author":54,"featured_media":2228508,"comment_status":"open","ping_status":"open","sticky":false,"template":"","format":"standard","meta":{"footnotes":""},"categories":[8088],"tags":[11323,9146,7810,3782,4877,12779],"class_list":["post-2228507","post","type-post","status-publish","format-standard","has-post-thumbnail","hentry","category-kutyu","tag-ebresztoora","tag-hataridonaplo","tag-hatekonysag","tag-laptop","tag-powerbank","tag-tolto"],"aioseo_notices":[],"_links":{"self":[{"href":"https:\/\/www.startlap.hu\/vasarlas\/wp-json\/wp\/v2\/posts\/2228507","targetHints":{"allow":["GET"]}}],"collection":[{"href":"https:\/\/www.startlap.hu\/vasarlas\/wp-json\/wp\/v2\/posts"}],"about":[{"href":"https:\/\/www.startlap.hu\/vasarlas\/wp-json\/wp\/v2\/types\/post"}],"author":[{"embeddable":true,"href":"https:\/\/www.startlap.hu\/vasarlas\/wp-json\/wp\/v2\/users\/54"}],"replies":[{"embeddable":true,"href":"https:\/\/www.startlap.hu\/vasarlas\/wp-json\/wp\/v2\/comments?post=2228507"}],"version-history":[{"count":3,"href":"https:\/\/www.startlap.hu\/vasarlas\/wp-json\/wp\/v2\/posts\/2228507\/revisions"}],"predecessor-version":[{"id":2228653,"href":"https:\/\/www.startlap.hu\/vasarlas\/wp-json\/wp\/v2\/posts\/2228507\/revisions\/2228653"}],"wp:featuredmedia":[{"embeddable":true,"href":"https:\/\/www.startlap.hu\/vasarlas\/wp-json\/wp\/v2\/media\/2228508"}],"wp:attachment":[{"href":"https:\/\/www.startlap.hu\/vasarlas\/wp-json\/wp\/v2\/media?parent=2228507"}],"wp:term":[{"taxonomy":"category","embeddable":true,"href":"https:\/\/www.startlap.hu\/vasarlas\/wp-json\/wp\/v2\/categories?post=2228507"},{"taxonomy":"post_tag","embeddable":true,"href":"https:\/\/www.startlap.hu\/vasarlas\/wp-json\/wp\/v2\/tags?post=2228507"}],"curies":[{"name":"wp","href":"https:\/\/api.w.org\/{rel}","templated":true}]}}