{"id":2228318,"date":"2023-01-16T11:43:36","date_gmt":"2023-01-16T10:43:36","guid":{"rendered":"https:\/\/www.startlap.hu\/vasarlas\/?p=2228318"},"modified":"2024-01-10T09:56:34","modified_gmt":"2024-01-10T08:56:34","slug":"vodafone-eladas-uj-nev-one","status":"publish","type":"post","link":"https:\/\/www.startlap.hu\/vasarlas\/vodafone-eladas-uj-nev-one\/","title":{"rendered":"Kider\u00fclt, mi lehet a Vodafone \u00faj neve"},"content":{"rendered":"<p>Az \u00e9v elej\u00e9n der\u00fclt ki, hogy<strong> 660 milli\u00e1rd forint \u00e9rt\u00e9k\u0171 tranzakci\u00f3val<\/strong> a 4iG Nyrt. le\u00e1nyv\u00e1llalatak\u00e9nt m\u0171k\u00f6d\u0151 Antenna Hung\u00e1ria 51 sz\u00e1zal\u00e9kos, m\u00edg a magyar \u00e1llam k\u00e9pviselet\u00e9ben elj\u00e1r\u00f3 Corvinus Zrt. 49 sz\u00e1zal\u00e9kos <a href=\"https:\/\/www.startlap.hu\/vasarlas\/inflacio-rezsi-vodafone-mobilinternet-elelmiszerarstop-uzemanyagar-szeged\/\" target=\"_blank\" rel=\"noopener noreferrer\">k\u00f6zvetett tulajdont szerez<\/a> a Vodafone Europe BV-t\u0151l. A <a href=\"https:\/\/www.hirstart.hu\/site\/relocate.php?rssid=346&amp;rsspid=3&amp;ctype=rss&amp;id=25158122&amp;chk=764d391d714e56741d8dbcb751c771e6&amp;url=https%3A%2F%2F444.hu%2F2023%2F01%2F15%2Fa-ner-korszak-egyik-legnagyobb-kiabrandulasa-hogy-igazabol-mi-lehet-a-vodafone-uj-fideszes-neve\" target=\"_blank\" target=\"_blank\" rel=\"noopener noreferrer\">444.hu<\/a> inform\u00e1ci\u00f3 szerint <strong>a montenegr\u00f3i \u00e9s alb\u00e1n mobilszolg\u00e1ltat\u00f3k nev\u00e9n futhat tov\u00e1bb a Vodafone.<\/strong><\/p>\n<figure id=\"attachment_2228319\" aria-describedby=\"caption-attachment-2228319\" style=\"width: 755px\" class=\"wp-caption alignnone\"><img loading=\"lazy\" decoding=\"async\" class=\"size-article-size-large-image wp-image-2228319\" src=\"https:\/\/www.startlap.hu\/vasarlas\/uploads\/2023\/01\/vodafone-magyarorszag-755x504.jpg\" alt=\"A Vodafone mobilszolg\u00e1ltat\u00f3 egyik \u00fczlet\u00e9nek kirakata\" width=\"755\" height=\"504\" srcset=\"https:\/\/www.startlap.hu\/vasarlas\/uploads\/2023\/01\/vodafone-magyarorszag-755x504.jpg 755w, https:\/\/www.startlap.hu\/vasarlas\/uploads\/2023\/01\/vodafone-magyarorszag-524x350.jpg 524w, https:\/\/www.startlap.hu\/vasarlas\/uploads\/2023\/01\/vodafone-magyarorszag.jpg 1200w\" sizes=\"auto, (max-width: 755px) 100vw, 755px\" \/><figcaption id=\"caption-attachment-2228319\" class=\"wp-caption-text\">Fot\u00f3: KISBENEDEK Attila \/ AFP<\/figcaption><\/figure>\n<p>Nem csak a 444 ipar\u00e1gi forr\u00e1sai, de a domain nevekben t\u00f6rt\u00e9nt v\u00e1ltoz\u00e1s is arra utal, hogy<strong> a <a href=\"https:\/\/www.startlap.hu\/vasarlas\/vodafone-elofizetes-aremeles\/\" target=\"_blank\" rel=\"noopener noreferrer\">Vodafone<\/a> a 4ig m\u00e1s orsz\u00e1gokban m\u0171k\u00f6d\u0151 mobilszolg\u00e1ltat\u00f3inak nev\u00e9t veszi \u00e1t<\/strong>.<\/p>\n<blockquote class=\"article__extraTxt\"><p>V\u00e1rhat\u00f3an a Vodafone \u00faj neve One, azaz magyarul &#8216;egy&#8217; lesz.<\/p><\/blockquote>\n<p>Ezt val\u00f3sz\u00edn\u0171s\u00edti az is, hogy <strong>a v\u00e1llalatnak m\u00e1r k\u00e9t ugyanilyen nev\u0171 mobilszolg\u00e1ltat\u00f3ja is van<\/strong>. Az egyik a&nbsp;2022-ben megszerzett alb\u00e1n One Telecommunications, a m\u00e1sik a k\u00f6zelm\u00faltban felv\u00e1s\u00e1rolt montenegr\u00f3i Telenor Podgorica, amit szint\u00e9n One-ra neveztek \u00e1t.<\/p>\n<p>R\u00e1ad\u00e1sul <strong>a one.hu domain nevet is megv\u00e1s\u00e1rolta a 4ig<\/strong>&nbsp;2022. november\u00e9ben.<\/p>\n<p>A Vodafone mobilos \u00fczlet\u00e1g\u00e1nak jelenleg 3 milli\u00f3 el\u0151fizet\u0151je van, a vezet\u00e9kes szolg\u00e1ltat\u00e1saikat pedig 800 ezren haszn\u00e1lj\u00e1k.<\/p>\n<div class=\"o-widget m-readMoreWidget -readMore u-shortDecorLineAfter row widget-container _ce_measure_widget bigdata-widget read-more\" data-ce-measure-widget=\"olvass tov\u00e1bb\">\n\t<div class=\"m-readMoreWidget__imgWrapper image-wrapper col-12 col-md-4 no-p\">\n\t\t<a class=\"m-readMoreWidget__imgLink\" href=\"https:\/\/www.startlap.hu\/vasarlas\/telefon-tarifa-aremelkedes-inflacio-dragulas-palmaolaj-szegenyseg\/\" >\n\t\t\t<img decoding=\"async\" src=\"https:\/\/www.startlap.hu\/vasarlas\/uploads\/2023\/01\/mobiltelefon_no_telefonalas-350x285.jpg\" class=\"m-readMoreWidget__img\">\n\t\t<\/a>\n\t<\/div>\n\t<div class=\"m-readMoreWidget__titleWrapper title-wrapper col-12 col-md-8\">\n\t\t<span class=\"m-readMoreWidget__titleLabel u-shortDecorLineBefore label hidden-sm-up\">Ez is \u00e9rdekelhet:<\/span>\n\t\t<h3 class=\"m-readMoreWidget__title title\">\n\t\t\t<a class=\"m-readMoreWidget__titleLink -secondFont u-bold u-upperCase\" href=\"https:\/\/www.startlap.hu\/vasarlas\/telefon-tarifa-aremelkedes-inflacio-dragulas-palmaolaj-szegenyseg\/\" >Ennyivel emelkednek a telefon- \u00e9s internetd\u00edjak<\/a>\n\t\t<\/h3>\n\t\t<a class=\"m-readMoreWidget__btn -coloredBack u-tC link\" href=\"https:\/\/www.startlap.hu\/vasarlas\/telefon-tarifa-aremelkedes-inflacio-dragulas-palmaolaj-szegenyseg\/\" >Elolvasom<\/a>\n\t<\/div>\n<\/div>\n","protected":false},"excerpt":{"rendered":"<p>A Vodafone mobilszolg\u00e1ltat\u00f3 az \u00e1llami felv\u00e1s\u00e1rl\u00e1st k\u00f6vet\u0151en minden val\u00f3sz\u00edn\u0171s\u00e9ggel \u00faj nevet fog kapni. Err\u0151l \u00e1rulkodik egy nemr\u00e9g megv\u00e1s\u00e1rolt domain n\u00e9v is.<\/p>\n","protected":false},"author":58,"featured_media":2228319,"comment_status":"open","ping_status":"open","sticky":false,"template":"","format":"standard","meta":{"footnotes":""},"categories":[8180],"tags":[14601,609],"class_list":["post-2228318","post","type-post","status-publish","format-standard","has-post-thumbnail","hentry","category-trending","tag-mobilszolgaltatok","tag-vodafone"],"aioseo_notices":[],"_links":{"self":[{"href":"https:\/\/www.startlap.hu\/vasarlas\/wp-json\/wp\/v2\/posts\/2228318","targetHints":{"allow":["GET"]}}],"collection":[{"href":"https:\/\/www.startlap.hu\/vasarlas\/wp-json\/wp\/v2\/posts"}],"about":[{"href":"https:\/\/www.startlap.hu\/vasarlas\/wp-json\/wp\/v2\/types\/post"}],"author":[{"embeddable":true,"href":"https:\/\/www.startlap.hu\/vasarlas\/wp-json\/wp\/v2\/users\/58"}],"replies":[{"embeddable":true,"href":"https:\/\/www.startlap.hu\/vasarlas\/wp-json\/wp\/v2\/comments?post=2228318"}],"version-history":[{"count":6,"href":"https:\/\/www.startlap.hu\/vasarlas\/wp-json\/wp\/v2\/posts\/2228318\/revisions"}],"predecessor-version":[{"id":2228334,"href":"https:\/\/www.startlap.hu\/vasarlas\/wp-json\/wp\/v2\/posts\/2228318\/revisions\/2228334"}],"wp:featuredmedia":[{"embeddable":true,"href":"https:\/\/www.startlap.hu\/vasarlas\/wp-json\/wp\/v2\/media\/2228319"}],"wp:attachment":[{"href":"https:\/\/www.startlap.hu\/vasarlas\/wp-json\/wp\/v2\/media?parent=2228318"}],"wp:term":[{"taxonomy":"category","embeddable":true,"href":"https:\/\/www.startlap.hu\/vasarlas\/wp-json\/wp\/v2\/categories?post=2228318"},{"taxonomy":"post_tag","embeddable":true,"href":"https:\/\/www.startlap.hu\/vasarlas\/wp-json\/wp\/v2\/tags?post=2228318"}],"curies":[{"name":"wp","href":"https:\/\/api.w.org\/{rel}","templated":true}]}}