{"id":2227598,"date":"2022-12-29T12:07:07","date_gmt":"2022-12-29T11:07:07","guid":{"rendered":"https:\/\/www.startlap.hu\/vasarlas\/?p=2227598"},"modified":"2022-12-28T20:10:27","modified_gmt":"2022-12-28T19:10:27","slug":"amazon-alexa-echo-2022","status":"publish","type":"post","link":"https:\/\/www.startlap.hu\/vasarlas\/amazon-alexa-echo-2022\/","title":{"rendered":"Az Amazon Alex\u00e1j\u00e1val m\u00e1r szavak n\u00e9lk\u00fcl is kommunik\u00e1lhatunk"},"content":{"rendered":"<p>Az Amazon mesters\u00e9ges intelligenci\u00e1val ell\u00e1tott okos asszisztense, a sokak \u00e1ltal ismert \u00e9s kedvelt <a href=\"https:\/\/www.startlap.hu\/vasarlas\/amazon-alexa-ziggy-ferfi-hangseged\/\" target=\"_blank\" rel=\"noopener noreferrer\"><strong>Alexa<\/strong> <\/a>m\u00e9g mindig piacvezet\u0151nek sz\u00e1m\u00edt a kateg\u00f3ri\u00e1j\u00e1ban \u00e9s a statisztik\u00e1k is ezt t\u00e1masztj\u00e1k al\u00e1: b\u00e1r egyre t\u00f6bben v\u00e1lasztj\u00e1k a <strong>Google Home<\/strong>-ot, az Alexa m\u00e9g mindig a legn\u00e9pszer\u0171bb okosotthon kieg\u00e9sz\u00edt\u0151nek sz\u00e1m\u00edt, k\u00fcl\u00f6n\u00f6sen Amerik\u00e1ban. Az eszk\u00f6z minden bizonnyal tov\u00e1bbra is megtartja mag\u00e1nak ezt a poz\u00edci\u00f3t, k\u00fcl\u00f6n\u00f6sen azok ut\u00e1n, hogy az Amazon bejelentette: ezent\u00fal most m\u00e1r hang n\u00e9lk\u00fcl, mozdulatokkal is lehet majd vez\u00e9relni \u2013 \u00edrja a <a href=\"https:\/\/designtaxi.com\/news\/421520\/Amazon-Introduces-Gesture-Controls-For-When-You-Don-t-Feel-Like-Talking-To-Alexa\/\" target=\"_blank\" target=\"_blank\" rel=\"noopener noreferrer\">Designtaxi<\/a>.<\/p>\n<figure id=\"attachment_2208485\" aria-describedby=\"caption-attachment-2208485\" style=\"width: 755px\" class=\"wp-caption alignnone\"><img loading=\"lazy\" decoding=\"async\" class=\"size-article-size-large-image wp-image-2208485\" src=\"https:\/\/www.startlap.hu\/vasarlas\/uploads\/2021\/07\/amazon-ziggy-755x523.jpg\" alt=\"Az Amazon Alexa &quot;f\u00e9rfiverzi\u00f3ja&quot;, Ziggy\" width=\"755\" height=\"523\" srcset=\"https:\/\/www.startlap.hu\/vasarlas\/uploads\/2021\/07\/amazon-ziggy-755x523.jpg 755w, https:\/\/www.startlap.hu\/vasarlas\/uploads\/2021\/07\/amazon-ziggy-1536x1064.jpg 1536w, https:\/\/www.startlap.hu\/vasarlas\/uploads\/2021\/07\/amazon-ziggy-505x350.jpg 505w, https:\/\/www.startlap.hu\/vasarlas\/uploads\/2021\/07\/amazon-ziggy.jpg 1541w\" sizes=\"auto, (max-width: 755px) 100vw, 755px\" \/><figcaption id=\"caption-attachment-2208485\" class=\"wp-caption-text\">Fot\u00f3: YouTube<\/figcaption><\/figure>\n<p>Az <a href=\"https:\/\/www.startlap.hu\/vasarlas\/amazon-europa-online-vasarlas\/\" target=\"_blank\" rel=\"noopener noreferrer\"><strong>Amazon<\/strong><\/a> a ny\u00e1ron m\u00e9g azzal okozott kisebb botr\u00e1nyt, hogy <a href=\"https:\/\/www.startlap.hu\/vasarlas\/amazon-alexa-tech-kutyu-2022\/\" target=\"_blank\" rel=\"noopener noreferrer\">beharangozt\u00e1k<\/a>, hogy Alexa hamarosan az elhunyt szeretteink hangj\u00e1n is k\u00e9pes lesz megsz\u00f3lalni. \u00c9s m\u00edg az eszk\u00f6z tov\u00e1bbra is hangokkal fog kommunik\u00e1lni vel\u00fcnk, k\u00f6nnyen lehet, hogy nek\u00fcnk hamarosan egyetlen sz\u00f3t sem kell majd kiejten\u00fcnk, ha ig\u00e9nybe szeretn\u00e9nk venni a szolg\u00e1ltat\u00e1st. A c\u00e9g \u00fajabb eszk\u00f6ze, az Alex\u00e1t is haszn\u00e1l\u00f3 Echo ugyanis m\u00e1r egyszer\u0171 k\u00e9zmozdulatokat is k\u00e9pes meg\u00e9rteni \u00e9s \u00edgy ell\u00e1tni a feladat\u00e1t. A Designtaxi inform\u00e1ci\u00f3i szerint<\/p>\n<blockquote class=\"article__extraTxt\"><p>az eddig megszokott \u201eAlexa!\u201d felsz\u00f3l\u00edt\u00e1s helyett mostant\u00f3l egy integet\u00e9ssel aktiv\u00e1lhatjuk az eszk\u00f6zt<\/p><\/blockquote>\n<p>\u00e9s ugyan\u00edgy jelezhetj\u00fck neki azt is, ha azt szeretn\u00e9nk, hogy befejezzen egy feladatot. Ezzel els\u0151sorban azoknak szeretne kedvezni a c\u00e9g, akik valamilyen m\u00f3don korl\u00e1tozottak a mozg\u00e1sukban, \u00e1gyhoz k\u00f6t\u00f6ttek vagy romlott a besz\u00e9dk\u00e9szs\u00e9g\u00fck.<\/p>\n<figure id=\"attachment_2222304\" aria-describedby=\"caption-attachment-2222304\" style=\"width: 755px\" class=\"wp-caption alignnone\"><img loading=\"lazy\" decoding=\"async\" class=\"wp-image-2222304 size-article-size-large-image\" src=\"https:\/\/www.startlap.hu\/vasarlas\/uploads\/2022\/06\/075_contini-internat190910_npZyM-755x503.jpg\" alt=\"Egy Amazonos esem\u00e9ny, ahol az Alexa \u00faj\u00edt\u00e1sait jelentett\u00e9k be\" width=\"755\" height=\"503\" srcset=\"https:\/\/www.startlap.hu\/vasarlas\/uploads\/2022\/06\/075_contini-internat190910_npZyM-755x503.jpg 755w, https:\/\/www.startlap.hu\/vasarlas\/uploads\/2022\/06\/075_contini-internat190910_npZyM-526x350.jpg 526w, https:\/\/www.startlap.hu\/vasarlas\/uploads\/2022\/06\/075_contini-internat190910_npZyM.jpg 1024w\" sizes=\"auto, (max-width: 755px) 100vw, 755px\" \/><figcaption id=\"caption-attachment-2222304\" class=\"wp-caption-text\">Fot\u00f3 :Emmanuele Contini \/ NurPhoto \/ NurPhoto via AFP<\/figcaption><\/figure>\n<p>Az Amazon az okosotthonok ter\u00fclet\u00e9n nem csup\u00e1n ezt az egy fejleszt\u00e9st mutatta be. A c\u00e9g bejelentette, hogy az \u00fagynevezett <strong>Alexa Captions<\/strong>, vagyis az <strong>Alexa Felirat<\/strong> nev\u0171 kieg\u00e9sz\u00edt\u0151<\/p>\n<blockquote class=\"article__extraTxt\"><p>mostant\u00f3l val\u00f3s id\u0151ben is k\u00e9pes lesz feliratozni a telefonbesz\u00e9lget\u00e9seket,<\/p><\/blockquote>\n<p>ami nagy el\u0151rel\u00e9p\u00e9s jelent azokn\u00e1l, akik p\u00e9ld\u00e1ul \u00e9pp ismerkednek egy idegen nyelvvel, de m\u00e9g nem \u00e9rzik magukat el\u00e9gg\u00e9 magabiztosnak benne. Emellett egy m\u00e1sik funkci\u00f3t is be\u00e9p\u00edtettek, amivel szint\u00e9n azt szeretn\u00e9k el\u00e9rni, hogy ne kelljen \u00e1lland\u00f3an a nev\u00e9n sz\u00f3l\u00edtani az eszk\u00f6zt ahhoz, hogy elinduljon. Ezzel az extra funkci\u00f3val el\u00e9g lesz hozz\u00e1\u00e9rni Alex\u00e1hoz, hogy \u201e\u00e9letre keljen\u201d \u00e9s \u00fczembe helyezze mag\u00e1t.<\/p>\n<p>Az \u00faj lehet\u0151s\u00e9geket term\u00e9szetesen<strong> mind az iOS-t, mind pedig az Androidot<\/strong> haszn\u00e1l\u00f3 v\u00e1s\u00e1rl\u00f3k aktiv\u00e1lhatj\u00e1k az Alexa applik\u00e1ci\u00f3n bel\u00fcl tal\u00e1lhat\u00f3 be\u00e1ll\u00edt\u00e1sok men\u00fcpont alatt.<\/p>\n<div class=\"o-widget m-readMoreWidget -readMore u-shortDecorLineAfter row widget-container _ce_measure_widget bigdata-widget read-more\" data-ce-measure-widget=\"olvass tov\u00e1bb\">\n\t<div class=\"m-readMoreWidget__imgWrapper image-wrapper col-12 col-md-4 no-p\">\n\t\t<a class=\"m-readMoreWidget__imgLink\" href=\"https:\/\/www.startlap.hu\/vasarlas\/apple-levellock-okoszar-2022\/\" >\n\t\t\t<img decoding=\"async\" src=\"https:\/\/www.startlap.hu\/vasarlas\/uploads\/2022\/11\/apple_kulcs-350x285.jpg\" class=\"m-readMoreWidget__img\">\n\t\t<\/a>\n\t<\/div>\n\t<div class=\"m-readMoreWidget__titleWrapper title-wrapper col-12 col-md-8\">\n\t\t<span class=\"m-readMoreWidget__titleLabel u-shortDecorLineBefore label hidden-sm-up\">Ez is \u00e9rdekelhet:<\/span>\n\t\t<h3 class=\"m-readMoreWidget__title title\">\n\t\t\t<a class=\"m-readMoreWidget__titleLink -secondFont u-bold u-upperCase\" href=\"https:\/\/www.startlap.hu\/vasarlas\/apple-levellock-okoszar-2022\/\" >Dobd el a kulcscsom\u00f3d! &#8211; Itt az Apple digit\u00e1lis lak\u00e1cskulcsa<\/a>\n\t\t<\/h3>\n\t\t<a class=\"m-readMoreWidget__btn -coloredBack u-tC link\" href=\"https:\/\/www.startlap.hu\/vasarlas\/apple-levellock-okoszar-2022\/\" >Elolvasom<\/a>\n\t<\/div>\n<\/div>\n","protected":false},"excerpt":{"rendered":"<p>A legn\u00e9pszer\u0171bb okosotthon asszisztens most m\u00e1r egyszer\u0171 k\u00e9zmozdulatokkal is ir\u00e1ny\u00edthat\u00f3, s\u0151t, m\u00e1r feliratozni is k\u00e9pes a telefonh\u00edv\u00e1sainkat. <\/p>\n","protected":false},"author":54,"featured_media":2222304,"comment_status":"open","ping_status":"open","sticky":false,"template":"","format":"standard","meta":{"footnotes":""},"categories":[8088],"tags":[7087,14095,8190],"class_list":["post-2227598","post","type-post","status-publish","format-standard","has-post-thumbnail","hentry","category-kutyu","tag-amazon","tag-amazon-alexa","tag-okosotthon"],"aioseo_notices":[],"_links":{"self":[{"href":"https:\/\/www.startlap.hu\/vasarlas\/wp-json\/wp\/v2\/posts\/2227598","targetHints":{"allow":["GET"]}}],"collection":[{"href":"https:\/\/www.startlap.hu\/vasarlas\/wp-json\/wp\/v2\/posts"}],"about":[{"href":"https:\/\/www.startlap.hu\/vasarlas\/wp-json\/wp\/v2\/types\/post"}],"author":[{"embeddable":true,"href":"https:\/\/www.startlap.hu\/vasarlas\/wp-json\/wp\/v2\/users\/54"}],"replies":[{"embeddable":true,"href":"https:\/\/www.startlap.hu\/vasarlas\/wp-json\/wp\/v2\/comments?post=2227598"}],"version-history":[{"count":4,"href":"https:\/\/www.startlap.hu\/vasarlas\/wp-json\/wp\/v2\/posts\/2227598\/revisions"}],"predecessor-version":[{"id":2227639,"href":"https:\/\/www.startlap.hu\/vasarlas\/wp-json\/wp\/v2\/posts\/2227598\/revisions\/2227639"}],"wp:featuredmedia":[{"embeddable":true,"href":"https:\/\/www.startlap.hu\/vasarlas\/wp-json\/wp\/v2\/media\/2222304"}],"wp:attachment":[{"href":"https:\/\/www.startlap.hu\/vasarlas\/wp-json\/wp\/v2\/media?parent=2227598"}],"wp:term":[{"taxonomy":"category","embeddable":true,"href":"https:\/\/www.startlap.hu\/vasarlas\/wp-json\/wp\/v2\/categories?post=2227598"},{"taxonomy":"post_tag","embeddable":true,"href":"https:\/\/www.startlap.hu\/vasarlas\/wp-json\/wp\/v2\/tags?post=2227598"}],"curies":[{"name":"wp","href":"https:\/\/api.w.org\/{rel}","templated":true}]}}