{"id":2227054,"date":"2022-12-13T13:38:32","date_gmt":"2022-12-13T12:38:32","guid":{"rendered":"https:\/\/www.startlap.hu\/vasarlas\/?p=2227054"},"modified":"2022-12-13T13:38:32","modified_gmt":"2022-12-13T12:38:32","slug":"rezsi-foldgaz-gdp-aram-tuzifa-brikett-cafeteria-hitel-lakasfelujitas","status":"publish","type":"post","link":"https:\/\/www.startlap.hu\/vasarlas\/rezsi-foldgaz-gdp-aram-tuzifa-brikett-cafeteria-hitel-lakasfelujitas\/","title":{"rendered":"&#8222;Szinte mindenki piaci \u00e1rat fog fizetni a g\u00e1z\u00e9rt&#8221;"},"content":{"rendered":"<h2>&#8222;Szinte mindenki piaci \u00e1rat fog fizetni a g\u00e1z\u00e9rt&#8221;<\/h2>\n<p><a href=\"https:\/\/www.hirstart.hu\/site\/relocate.php?rssid=1077&amp;rsspid=3&amp;ctype=rss&amp;id=24937142&amp;chk=4c083e036a505e47bc3716ff392cb289&amp;url=https%3A%2F%2Fnovekedes.hu%2Finterju%2Fgazmernok-majdnem-mindenki-kenytelen-lesz-vilagpiaci-arat-fizetni-a-gazert\" target=\"_blank\" target=\"_blank\" rel=\"noopener noreferrer\"><strong>Alig lesz csal\u00e1d, amely bel\u00fcl tud maradni a rezsics\u00f6kkentett mennyis\u00e9gen<\/strong><\/a>, azaz valamilyen m\u00e9rt\u00e9kben szinte mindenkinek piaci \u00e1rat kell majd fizetni a g\u00e1z\u00e9rt. A hazai lak\u00e1soknak ugyanis alig \u00f6t\u00f6de j\u00f3l szigetelt, ez\u00e9rt energiapazarl\u00f3. A TTF-t\u0151zsde v\u00e1rakoz\u00e1sa szerint j\u00f6v\u0151re cs\u00f6kkenhetnek az \u00e1rak, de a b\u00e9keid\u0151k csak 2024-ben t\u00e9rnek majd vissza. Az olaj\u00e1rsapka nem tudja megt\u00f6rni az oroszok h\u00e1bor\u00fas amb\u00edci\u00f3it \u2013 mondta a N\u00f6veked\u00e9s.hu-nak Szil\u00e1gyi Zsombor g\u00e1zm\u00e9rn\u00f6k, a Miskolci Egyetem c\u00edmzetes docense.<\/p>\n<figure id=\"attachment_2223067\" aria-describedby=\"caption-attachment-2223067\" style=\"width: 755px\" class=\"wp-caption alignnone\"><img loading=\"lazy\" decoding=\"async\" class=\"size-article-size-large-image wp-image-2223067\" src=\"https:\/\/www.startlap.hu\/vasarlas\/uploads\/2022\/07\/g\u00e1z-755x503.jpg\" alt=\"G\u00e1zt\u0171zhely\" width=\"755\" height=\"503\" srcset=\"https:\/\/www.startlap.hu\/vasarlas\/uploads\/2022\/07\/g\u00e1z-755x503.jpg 755w, https:\/\/www.startlap.hu\/vasarlas\/uploads\/2022\/07\/g\u00e1z-1536x1024.jpg 1536w, https:\/\/www.startlap.hu\/vasarlas\/uploads\/2022\/07\/g\u00e1z-525x350.jpg 525w, https:\/\/www.startlap.hu\/vasarlas\/uploads\/2022\/07\/g\u00e1z.jpg 1773w\" sizes=\"auto, (max-width: 755px) 100vw, 755px\" \/><figcaption id=\"caption-attachment-2223067\" class=\"wp-caption-text\">Forr\u00e1s: Getty Images<\/figcaption><\/figure>\n<h2>&#8222;A magyar gazdas\u00e1gpolitika zs\u00e1kutc\u00e1ba jutott&#8221;<\/h2>\n<p><a href=\"https:\/\/www.hirstart.hu\/site\/relocate.php?rssid=42&amp;rsspid=3&amp;ctype=rss&amp;id=24936892&amp;chk=b59aac4310a11b28cdc30c84b67f3989&amp;url=https%3A%2F%2Fhvg.hu%2Fgazdasag%2F20221213_Visszaesest_es_csokkeno_realkereseteket_josol_2023ra_a_GKI\" target=\"_blank\" target=\"_blank\" rel=\"noopener noreferrer\"><strong>Les\u00fajt\u00f3 k\u00e9pet v\u00e1zol legfrissebb progn\u00f3zis\u00e1ban a magyar gazdas\u00e1gr\u00f3l a GKI<\/strong><\/a> \u2013 \u00edrja a hvg.hu. A gazdas\u00e1gkutat\u00f3, amely m\u00e9g az EU-val val\u00f3 meg\u00e1llapod\u00e1s el\u0151tt z\u00e1rta le 2023-ra vonatkoz\u00f3 friss elemz\u00e9s\u00e9t, \u00fagy l\u00e1tja, hogy a GDP n\u00f6veked\u00e9s\u00e9nek \u00fcteme negyed\u00e9vr\u0151l negyed\u00e9vre 2 sz\u00e1zal\u00e9kponttal cs\u00f6kkenhet, ennek eredm\u00e9nyek\u00e9ppen pedig j\u00f6v\u0151re 1-1,5 sz\u00e1zal\u00e9kos visszaes\u00e9s v\u00e1rhat\u00f3.<\/p>\n<h2>M\u00e1r a cafeteria is rezsire \u00e9s \u00e9lelmiszerre menne<\/h2>\n<p>Egy, a Napi.hu \u00e1ltal ismertetett friss felm\u00e9r\u00e9s szerint m\u00e1r nem a nyaral\u00e1sra vagy a hossz\u00fa h\u00e9tv\u00e9g\u00e9re k\u00f6lten\u00e9nk a b\u00e9ren k\u00edv\u00fcli juttat\u00e1sokat, hanem <a href=\"https:\/\/www.hirstart.hu\/site\/relocate.php?rssid=35&amp;rsspid=3&amp;ctype=rss&amp;id=24940426&amp;chk=a0e50d61d6ae1962d993cb607e1991a9&amp;url=https%3A%2F%2Fwww.napi.hu%2Fmagyar-gazdasag%2Fcafeteria-megelhetes-rezsi-elelmiszer.764627.html\" target=\"_blank\" target=\"_blank\" rel=\"noopener noreferrer\"><strong>a megk\u00e9rdezettek ak\u00e1r a juttat\u00e1s 20 sz\u00e1zal\u00e9k\u00e1r\u00f3l is lemondan\u00e1nak, ha azt \u00e9lelmiszerre vagy rezsire k\u00f6lthetn\u00e9k<\/strong><\/a>.<\/p>\n<h2>MEKH: a magyar a legkedvez\u0151bb eur\u00f3pai energia\u00e1r<\/h2>\n<p>A magyar h\u00e1ztart\u00e1sok <strong>novemberben is Eur\u00f3pa legkedvez\u0151bb energiak\u00f6lts\u00e9geivel kalkul\u00e1lhattak<\/strong> Magyar Energetikai \u00e9s K\u00f6zm\u0171-szab\u00e1lyoz\u00e1si Hivatal (MEKH) nemzetk\u00f6zi \u00e1r-\u00f6sszehasonl\u00edt\u00f3 vizsg\u00e1lata szerint &#8211; \u00f6sszegezte egy nemzetk\u00f6zi felm\u00e9r\u00e9s eredm\u00e9ny\u00e9t kedden kiadott k\u00f6zlem\u00e9ny\u00e9ben a hivatal.<\/p>\n<p>A lakoss\u00e1gi fogyaszt\u00f3k \u00e1ltal fizetend\u0151 villamos energia \u00e1ra Londonban 12, P\u00e1rizsban 11, Pr\u00e1g\u00e1ban pedig 10 sz\u00e1zal\u00e9kkal emelkedett az el\u0151z\u0151 h\u00f3naphoz k\u00e9pest. A f\u00f6ldg\u00e1z lakoss\u00e1gi \u00e1ra okt\u00f3berhez k\u00e9pest Berlinben 27, Londonban pedig 25 sz\u00e1zal\u00e9kkal emelkedett egy h\u00f3nap alatt \u2013 \u00edrja az MTI.<\/p>\n<p><strong>A magyar fogyaszt\u00f3k villamosenergia-k\u00f6lts\u00e9gei novemberben sem emelkedtek.<\/strong> A magyar h\u00e1ztart\u00e1sok novemberben a rezsiv\u00e9dett \u00e1rkateg\u00f3ri\u00e1ba tartoz\u00f3 \u00e1tlagfogyaszt\u00e1s &#8211; \u00e9vi 2523 kilowatt\u00f3ra &#8211; hat\u00e1rig&nbsp;&nbsp;(Belgr\u00e1d ut\u00e1n) a m\u00e1sodik legolcs\u00f3bb \u00e1rat,&nbsp;&nbsp;kilowatt\u00f3r\u00e1nk\u00e9nt 9,06 eurocentet fizettek a villamos energi\u00e1\u00e9rt. Azok a h\u00e1ztart\u00e1sok, akik 20 sz\u00e1zal\u00e9kkal t\u00f6bbet fogyasztanak a megadott \u00e9ves \u00e1tlagfogyaszt\u00e1sn\u00e1l, azok kilowatt\u00f3r\u00e1nk\u00e9nt 10,44 eurocent\u00e9rt juthattak villamos energi\u00e1hoz, ami szint\u00e9n a m\u00e1sodik legolcs\u00f3bb \u00e1r eur\u00f3pai \u00f6sszehasonl\u00edt\u00e1sban.<\/p>\n<figure id=\"attachment_2225570\" aria-describedby=\"caption-attachment-2225570\" style=\"width: 755px\" class=\"wp-caption alignnone\"><img loading=\"lazy\" decoding=\"async\" class=\"size-article-size-large-image wp-image-2225570\" src=\"https:\/\/www.startlap.hu\/vasarlas\/uploads\/2022\/10\/villanyorak-755x406.jpg\" alt=\"Villany\u00f3r\u00e1k illusztr\u00e1ci\u00f3ja.\" width=\"755\" height=\"406\" srcset=\"https:\/\/www.startlap.hu\/vasarlas\/uploads\/2022\/10\/villanyorak-755x406.jpg 755w, https:\/\/www.startlap.hu\/vasarlas\/uploads\/2022\/10\/villanyorak-651x350.jpg 651w, https:\/\/www.startlap.hu\/vasarlas\/uploads\/2022\/10\/villanyorak.jpg 1200w\" sizes=\"auto, (max-width: 755px) 100vw, 755px\" \/><figcaption id=\"caption-attachment-2225570\" class=\"wp-caption-text\">Getty Images<\/figcaption><\/figure>\n<p><strong>A f\u00f6ldg\u00e1z pedig Magyarorsz\u00e1gon volt a legolcs\u00f3bb a rezsics\u00f6kkentett \u00e1rat tekintve.<\/strong> A 63 645 megajoule-ig terjed\u0151 \u00e1talagfogyaszt\u00e1s eset\u00e9 f\u00f6ldg\u00e1z novemberben kilowatt\u00f3r\u00e1nk\u00e9nt&nbsp;&nbsp;2,49 eurocentbe ker\u00fclt. Az \u00e1tlagot 20 sz\u00e1zal\u00e9kkal meghalad\u00f3 fogyaszt\u00e1s eset\u00e9n a magyar h\u00e1ztart\u00e1sok kilowatt\u00f3r\u00e1nk\u00e9nt 5,06 eurocent\u00e9rt jutottak f\u00f6ldg\u00e1zhoz, amely eur\u00f3pai \u00f6sszehasonl\u00edt\u00e1sban a m\u00e1sodik legkedvez\u0151bb \u00e1r volt a m\u00falt h\u00f3napban &#8211; ismertette a MEKH.<\/p>\n<h2>Rettegnek a t\u00e9lt\u0151l \u00e9s az \u00e9hs\u00e9gt\u0151l Borsodban<\/h2>\n<p>A 24.hu ism\u00e9t ell\u00e1togatott a borsodi 6-os sz\u00e1m\u00fa v\u00e1laszt\u00f3ker\u00fcletbe, ahonnan az \u00e1prilisi v\u00e1laszt\u00e1s el\u0151tt tud\u00f3s\u00edtottak, \u00e9s ahol toronymagasan gy\u0151z\u00f6tt Koncz Zs\u00f3fia, a Fidesz jel\u00f6ltje. A riportb\u00f3l kider\u00fcl, a Tisza\u00fajv\u00e1ros k\u00f6zel\u00e9ben fekv\u0151 <a href=\"https:\/\/www.hirstart.hu\/site\/relocate.php?rssid=375&amp;rsspid=3&amp;ctype=rss&amp;id=24940108&amp;chk=5d280ca9c28f36eb3f29b4fa258dbecc&amp;url=https%3A%2F%2F24.hu%2Fkozelet%2F2022%2F12%2F13%2Fgirincs-baz-megye-futes-inflacio-valsag-kozmunka-riport%2F\" target=\"_blank\" target=\"_blank\" rel=\"noopener noreferrer\"><strong>Girincs k\u00f6zs\u00e9gben az\u00f3ta nagyot v\u00e1ltozott az emberek v\u00e9lem\u00e9nye<\/strong><\/a>: becsapva \u00e9rzik magukat, f\u00e9lelemmel t\u00f6lti el \u0151ket az infl\u00e1ci\u00f3 \u00e9s az energiav\u00e1ls\u00e1g. N\u00e9h\u00e1nyan elkesered\u00e9s\u00fckben m\u00e1r forradalmat emlegetnek, m\u00e1sok szerint viszont a b\u00e1nk\u00f3d\u00e1ssal csak leamortiz\u00e1lja mag\u00e1t az ember, ann\u00e1l m\u00e1r nevetve meghalni is jobb.<\/p>\n<h2>Banki k\u00f6rk\u00e9p az energiahitelekr\u0151l<\/h2>\n<p>Az otthonok energiahat\u00e9konys\u00e1gi korszer\u0171s\u00edt\u00e9se amellett, hogy n\u00f6veli az ingatlanok \u00e9rt\u00e9k\u00e9t, r\u00f6vid t\u00e1von cs\u00f6kkentheti a k\u00f6z\u00fczemi sz\u00e1ml\u00e1kat is. Azonban az ilyen t\u00edpus\u00fa energetikai beruh\u00e1z\u00e1sok sokszor t\u00f6bbsz\u00e1zezres vagy ak\u00e1r milli\u00f3s k\u00f6lts\u00e9ggel is j\u00e1rhatnak \u00e9s b\u00e1r hossz\u00fa t\u00e1von megt\u00e9r\u00fclnek, ekkora \u00f6sszeg m\u00e9g egy megt\u00e9r\u00fcl\u0151 beruh\u00e1z\u00e1sra sem \u00e1ll minden h\u00e1ztart\u00e1sban szabadon rendelkez\u00e9sre. <strong>Mi teh\u00e1t a legjobb m\u00f3dja a korszer\u0171s\u00edt\u00e9shez sz\u00fcks\u00e9ges p\u00e9nz el\u0151teremt\u00e9s\u00e9nek?<\/strong> A money.hu <a href=\"https:\/\/tudastar.money.hu\/hir\/20221207\/energia-hitelek-banki-korkep-mibol-finanszirozhatok-az-energetikai-beruhazasok-most\/\" target=\"_blank\" target=\"_blank\" rel=\"noopener noreferrer\"><strong>mutatja a finansz\u00edroz\u00e1si lehet\u0151s\u00e9geket<\/strong><\/a>.<\/p>\n<h2>Elt\u0171n\u0151ben a lak\u00e1sfel\u00faj\u00edt\u00e1si hitel<\/h2>\n<p>A k\u00f6zelg\u0151 hat\u00e1rid\u0151 miatt <a href=\"https:\/\/www.hirstart.hu\/site\/relocate.php?rssid=498&amp;rsspid=3&amp;ctype=rss&amp;id=24934970&amp;chk=d312359a31979fd4964373ecaadf9836&amp;url=https%3A%2F%2Fbank360.hu%2Fblog%2Fracsukjak-az-ajtot-a-bankok-az-otthonfelujitasi-hitelekre\" target=\"_blank\" target=\"_blank\" rel=\"noopener noreferrer\"><strong>sorban jelentik be a bankok, hogy nem fogadnak m\u00e1r be \u00faj ig\u00e9nyl\u00e9seket a kedvezm\u00e9nyes lak\u00e1sfel\u00faj\u00edt\u00e1si hitelre<\/strong><\/a>. Az ehhez kapcsol\u00f3d\u00f3 otthonfel\u00faj\u00edt\u00e1si t\u00e1mogat\u00e1s az \u00e9v v\u00e9g\u00e9ig \u00e9l, \u00e9s a korm\u00e1ny m\u00e9g nem hozott d\u00f6nt\u00e9st az esetleges meghosszabb\u00edt\u00e1s\u00e1r\u00f3l. A Bank360.hu szerint az id\u0151 r\u00f6vids\u00e9ge miatt ezt a hitelt ink\u00e1bb abban az esetben lehet \u00e9rdemes felvenni, ha a fel\u00faj\u00edt\u00e1s m\u00e1r egy\u00e9bk\u00e9nt is zajlik, \u00e9s december 31-ig ki\u00e1ll\u00edtj\u00e1k r\u00f3la a sz\u00e1ml\u00e1kat.<\/p>\n<h2>\u00cdgy v\u00e1ltozott a t\u0171zifa \u00e9s a brikett \u00e1ra<\/h2>\n<figure id=\"attachment_2223386\" aria-describedby=\"caption-attachment-2223386\" style=\"width: 755px\" class=\"wp-caption alignnone\"><img loading=\"lazy\" decoding=\"async\" class=\"size-article-size-large-image wp-image-2223386\" src=\"https:\/\/www.startlap.hu\/vasarlas\/uploads\/2022\/07\/tuzifa_halomban-755x504.jpg\" alt=\"M\u00e1r feldarabolt t\u0171zifa egy nagyobb halomban. \" width=\"755\" height=\"504\" srcset=\"https:\/\/www.startlap.hu\/vasarlas\/uploads\/2022\/07\/tuzifa_halomban-755x504.jpg 755w, https:\/\/www.startlap.hu\/vasarlas\/uploads\/2022\/07\/tuzifa_halomban-524x350.jpg 524w, https:\/\/www.startlap.hu\/vasarlas\/uploads\/2022\/07\/tuzifa_halomban.jpg 800w\" sizes=\"auto, (max-width: 755px) 100vw, 755px\" \/><figcaption id=\"caption-attachment-2223386\" class=\"wp-caption-text\">Getty Images<\/figcaption><\/figure>\n<p><strong><a href=\"https:\/\/www.hirstart.hu\/site\/relocate.php?rssid=33&amp;rsspid=3&amp;ctype=rss&amp;id=24938916&amp;chk=4a54e0cc8ed931c51ab274754fb570fc&amp;url=https%3A%2F%2Fwww.penzcentrum.hu%2Fotthon%2F20221213%2Fvaratlan-hirt-kaptak-akik-fafutessel-huznak-ki-a-telet-erre-keves-haztulaj-szamitott-1131812\" target=\"_blank\" target=\"_blank\" rel=\"noopener noreferrer\">Elk\u00e9peszt\u0151 dr\u00e1gul\u00e1s csapott le azokra a magyarokra, akik a megemelt \u00e1r\u00fa g\u00e1zt t\u0171zif\u00e1val akart\u00e1k kiv\u00e1ltani<\/a>.<\/strong> Ha valakinek valamilyen csoda folyt\u00e1n siker\u00fclne t\u0171zif\u00e1t, brikettet rendelnie, annak m\u00e9lyen a zseb\u00e9be kell ny\u00falnia \u2013 \u00edrja a P\u00e9nzcentrum. A KSH adatai szerint a brikett \u00e1ra dupl\u00e1z\u00f3dott egy \u00e9v alatt, de a t\u0171zifa \u00e1ra is j\u00f3csk\u00e1n emelkedett.<\/p>\n<h2>Ezek a h\u00e1ztart\u00e1si g\u00e9pek fogyasztj\u00e1k a legt\u00f6bbet<\/h2>\n<p>R\u00e9gen ker\u00fclt olyan sokba a meg\u00e9lhet\u00e9s, mint most, a k\u00f6lts\u00e9gek jelent\u0151s r\u00e9sz\u00e9t pedig az energiasz\u00e1ml\u00e1k kifizet\u00e9se jelenti. <strong><a href=\"https:\/\/www.hirstart.hu\/site\/relocate.php?rssid=375&amp;rsspid=3&amp;ctype=rss&amp;id=24936893&amp;chk=234e1973a47fbd5c3a1cae6addb07895&amp;url=https%3A%2F%2Fwww.hazipatika.com%2Fnapi_egeszseg%2Forvosnal%2Fcikkek%2Fezek-a-haztartasi-gepek-fogyasztjak-a-legtobbet\" target=\"_blank\" target=\"_blank\" rel=\"noopener noreferrer\">A sz\u00fcks\u00e9gleteknek megfelel\u0151, tudatosan haszn\u00e1lt, energiatakar\u00e9kos h\u00e1ztart\u00e1si k\u00e9sz\u00fcl\u00e9kek \u00e9s bizonyos praktik\u00e1k szerencs\u00e9re seg\u00edthetnek az energiamegtakar\u00edt\u00e1sban, sp\u00f3rol\u00e1sban<\/a>.<\/strong> A Tudatos V\u00e1s\u00e1rl\u00f3k Egyes\u00fclete \u00e9s a Greendependent Int\u00e9zet \u00f6sszegy\u0171jt\u00f6tt\u00e9k mindazt, amit tudni kell a t\u00e9m\u00e1ban.<\/p>\n<div class=\"o-widget m-readMoreWidget -readMore u-shortDecorLineAfter row widget-container _ce_measure_widget bigdata-widget read-more\" data-ce-measure-widget=\"olvass tov\u00e1bb\">\n\t<div class=\"m-readMoreWidget__imgWrapper image-wrapper col-12 col-md-4 no-p\">\n\t\t<a class=\"m-readMoreWidget__imgLink\" href=\"https:\/\/www.startlap.hu\/vasarlas\/uzemanyag-nav-uzemanyagkoltseg-villanyauto-benzinkut\/\" >\n\t\t\t<img decoding=\"async\" src=\"https:\/\/www.startlap.hu\/vasarlas\/uploads\/2022\/12\/tankolas-350x285.jpg\" class=\"m-readMoreWidget__img\">\n\t\t<\/a>\n\t<\/div>\n\t<div class=\"m-readMoreWidget__titleWrapper title-wrapper col-12 col-md-8\">\n\t\t<span class=\"m-readMoreWidget__titleLabel u-shortDecorLineBefore label hidden-sm-up\">Ez is \u00e9rdekelhet:<\/span>\n\t\t<h3 class=\"m-readMoreWidget__title title\">\n\t\t\t<a class=\"m-readMoreWidget__titleLink -secondFont u-bold u-upperCase\" href=\"https:\/\/www.startlap.hu\/vasarlas\/uzemanyag-nav-uzemanyagkoltseg-villanyauto-benzinkut\/\" >NAV: V\u00e1ltozik az \u00fczemanyagk\u00f6lts\u00e9g elsz\u00e1mol\u00e1sa<\/a>\n\t\t<\/h3>\n\t\t<a class=\"m-readMoreWidget__btn -coloredBack u-tC link\" href=\"https:\/\/www.startlap.hu\/vasarlas\/uzemanyag-nav-uzemanyagkoltseg-villanyauto-benzinkut\/\" >Elolvasom<\/a>\n\t<\/div>\n<\/div>\n","protected":false},"excerpt":{"rendered":"<p>&#8222;A magyar gazdas\u00e1gpolitika zs\u00e1kutc\u00e1ba jutott&#8221;; m\u00e1r a cafeteria is rezsire \u00e9s \u00e9lelmiszerre menne; MEKH: a magyar a legkedvez\u0151bb eur\u00f3pai energia\u00e1r; rettegnek a t\u00e9lt\u0151l \u00e9s az \u00e9hs\u00e9gt\u0151l Borsodban; elt\u0171n\u0151ben a lak\u00e1sfel\u00faj\u00edt\u00e1si hitel. Rezsih\u00edrek a Startlapon.<\/p>\n","protected":false},"author":20,"featured_media":2223067,"comment_status":"open","ping_status":"open","sticky":false,"template":"","format":"standard","meta":{"footnotes":""},"categories":[8180],"tags":[6772,4196,17581,5593,17973,2177,391,8390,1561,17972,2389,6856],"class_list":["post-2227054","post","type-post","status-publish","format-standard","has-post-thumbnail","hentry","category-trending","tag-aram","tag-borsod","tag-brikett","tag-cafeteria","tag-energiahitel","tag-foldgaz","tag-gdp","tag-haztartasi-gep","tag-lakasfelujitas","tag-mekh","tag-rezsi","tag-tuzifa"],"aioseo_notices":[],"_links":{"self":[{"href":"https:\/\/www.startlap.hu\/vasarlas\/wp-json\/wp\/v2\/posts\/2227054","targetHints":{"allow":["GET"]}}],"collection":[{"href":"https:\/\/www.startlap.hu\/vasarlas\/wp-json\/wp\/v2\/posts"}],"about":[{"href":"https:\/\/www.startlap.hu\/vasarlas\/wp-json\/wp\/v2\/types\/post"}],"author":[{"embeddable":true,"href":"https:\/\/www.startlap.hu\/vasarlas\/wp-json\/wp\/v2\/users\/20"}],"replies":[{"embeddable":true,"href":"https:\/\/www.startlap.hu\/vasarlas\/wp-json\/wp\/v2\/comments?post=2227054"}],"version-history":[{"count":4,"href":"https:\/\/www.startlap.hu\/vasarlas\/wp-json\/wp\/v2\/posts\/2227054\/revisions"}],"predecessor-version":[{"id":2227060,"href":"https:\/\/www.startlap.hu\/vasarlas\/wp-json\/wp\/v2\/posts\/2227054\/revisions\/2227060"}],"wp:featuredmedia":[{"embeddable":true,"href":"https:\/\/www.startlap.hu\/vasarlas\/wp-json\/wp\/v2\/media\/2223067"}],"wp:attachment":[{"href":"https:\/\/www.startlap.hu\/vasarlas\/wp-json\/wp\/v2\/media?parent=2227054"}],"wp:term":[{"taxonomy":"category","embeddable":true,"href":"https:\/\/www.startlap.hu\/vasarlas\/wp-json\/wp\/v2\/categories?post=2227054"},{"taxonomy":"post_tag","embeddable":true,"href":"https:\/\/www.startlap.hu\/vasarlas\/wp-json\/wp\/v2\/tags?post=2227054"}],"curies":[{"name":"wp","href":"https:\/\/api.w.org\/{rel}","templated":true}]}}