{"id":2224817,"date":"2022-09-28T14:04:53","date_gmt":"2022-09-28T12:04:53","guid":{"rendered":"https:\/\/www.startlap.hu\/vasarlas\/?p=2224817"},"modified":"2022-09-29T13:57:18","modified_gmt":"2022-09-29T11:57:18","slug":"rezsi-energiavalsag-aremelkedes-munkanelkuliseg-realbercsokkenes-elelmiszerarak-epitoipar-elelmiszerarak-civil-szervezetek","status":"publish","type":"post","link":"https:\/\/www.startlap.hu\/vasarlas\/rezsi-energiavalsag-aremelkedes-munkanelkuliseg-realbercsokkenes-elelmiszerarak-epitoipar-elelmiszerarak-civil-szervezetek\/","title":{"rendered":"Eg\u00e9szen sz\u00e9ls\u0151s\u00e9ges \u00e1remel\u00e9sek j\u00f6hetnek"},"content":{"rendered":"<p><img loading=\"lazy\" decoding=\"async\" class=\"size-article-size-large-image wp-image-2224822\" src=\"https:\/\/www.startlap.hu\/vasarlas\/uploads\/2022\/09\/bevasarlokocsi_vasarlo_blokk-755x459.jpg\" alt=\"\" width=\"755\" height=\"459\" srcset=\"https:\/\/www.startlap.hu\/vasarlas\/uploads\/2022\/09\/bevasarlokocsi_vasarlo_blokk-755x459.jpg 755w, https:\/\/www.startlap.hu\/vasarlas\/uploads\/2022\/09\/bevasarlokocsi_vasarlo_blokk-576x350.jpg 576w, https:\/\/www.startlap.hu\/vasarlas\/uploads\/2022\/09\/bevasarlokocsi_vasarlo_blokk.jpg 1200w\" sizes=\"auto, (max-width: 755px) 100vw, 755px\" \/> Getty Images<\/p>\n<p>Kezdj\u00fck r\u00f6gt\u00f6n egy, a <strong><a href=\"https:\/\/444.hu\/2022\/09\/28\/meg-nagyobb-inflaciot-es-gazdasagi-visszaesest-josol-2023-ra-a-gki\" target=\"_blank\" target=\"_blank\" rel=\"noopener noreferrer\">teljes magyar lakoss\u00e1got \u00e9rint\u0151<\/a> aggaszt\u00f3 h\u00edrrel<\/strong>: a GKI Gazdas\u00e1gkutat\u00f3 Zrt. elemz\u00e9se <strong>nagyobb infl\u00e1ci\u00f3t \u00e9s gazdas\u00e1gi visszaes\u00e9st j\u00f3sol 2023-ra<\/strong> \u2013 \u00edrja a 444.hu. A GKI 3,7 sz\u00e1zal\u00e9kr\u00f3l 4,5 sz\u00e1zal\u00e9kra emelte 2022. \u00e9vi n\u00f6veked\u00e9si el\u0151rejelz\u00e9s\u00e9t, de 2023-ra m\u00e1r nem 2,7 sz\u00e1zal\u00e9kos n\u00f6veked\u00e9st, hanem 3,5 sz\u00e1zal\u00e9k k\u00f6r\u00fcli visszaes\u00e9st prognosztiz\u00e1l, \u00e9s a recesszi\u00f3 2023 k\u00f6zep\u00e9ig jellemz\u0151 lehet a mostani stagn\u00e1l\u00e1s ut\u00e1n. <strong>R\u00e1ad\u00e1sul hamarosan a fizet\u00e9s\u00fcnk sem fog m\u00e1r annyit \u00e9rni, mint eddig.<\/strong> Mik\u00f6zben az els\u0151 negyed\u00e9vben a nett\u00f3 keresetek az egyszeri kifizet\u00e9sek r\u00e9v\u00e9n 21 sz\u00e1zal\u00e9kkal, az infl\u00e1ci\u00f3 8,5 sz\u00e1zal\u00e9kkal, ezek ered\u0151jek\u00e9nt a re\u00e1lkeresetek k\u00f6zel 12 sz\u00e1zal\u00e9kkal emelkedtek, a negyedik negyed\u00e9vben a 20 sz\u00e1zal\u00e9k k\u00f6r\u00fcli infl\u00e1ci\u00f3 k\u00f6vetkezt\u00e9ben 3,5 sz\u00e1zal\u00e9kos lehet a re\u00e1lb\u00e9rcs\u00f6kken\u00e9s.<\/p>\n<h2>Sokkhat\u00e1s alatt a lakoss\u00e1g \u00e9s a v\u00e1llalkoz\u00e1sok<\/h2>\n<p>De nem csak a GKI bor\u00fal\u00e1t\u00f3. A Magyar Nemzeti Bank (MNB) szerint <strong>a lakoss\u00e1g sz\u00e1m\u00e1ra a meg\u00e9lhet\u00e9si k\u00f6lts\u00e9gek infl\u00e1ci\u00f3ja \u00e9s a rezsi k\u00f6lts\u00e9gek emelked\u00e9se, a v\u00e1llalkoz\u00e1soknak pedig az energia\u00e1rak emelked\u00e9se \u00e9s a nyersanyag\u00e1rak infl\u00e1ci\u00f3ja okozhat sokkot<\/strong>, m\u00edg a kamatemel\u00e9sek mindk\u00e9t csoport sz\u00e1m\u00e1ra kock\u00e1zatosak. Nagy Tam\u00e1s, az MNB P\u00e9nz\u00fcgyi rendszer elemz\u00e9se igazgat\u00f3s\u00e1g igazgat\u00f3ja egy keddi konferenci\u00e1n azt mondta, Magyarorsz\u00e1gon \u00e9v v\u00e9g\u00e9n, de legk\u00e9s\u0151bb a k\u00f6vetkez\u0151 \u00e9v els\u0151 fel\u00e9ben lehetnek olyan negyed\u00e9vek, amikor cs\u00f6kken a GDP \u2013 id\u00e9zi az MTI. Hozz\u00e1tette, az m\u00e9g <strong>k\u00e9rd\u00e9ses, hogy mindez a munkan\u00e9lk\u00fclis\u00e9g alakul\u00e1s\u00e1ban hogyan csap\u00f3dik le<\/strong>.<\/p>\n<p>B\u00f3dizs Korn\u00e9l, a Magyar K\u00f6vetel\u00e9skezel\u0151k \u00e9s \u00dczleti Inform\u00e1ci\u00f3t Szolg\u00e1ltat\u00f3k Sz\u00f6vets\u00e9g\u00e9nek (MAKISZ) eln\u00f6ke pedig t\u00f6bbek k\u00f6z\u00f6tt arr\u00f3l besz\u00e9lt a rendezv\u00e9nyen, hogy <strong>az \u00e1rak emelked\u00e9se pont a mindenkit \u00e9rint\u0151 ter\u00fcleteken a legintenz\u00edvebb<\/strong>: az alapvet\u0151 szolg\u00e1ltat\u00e1sok, a rezsi, az \u00fczemanyag, az \u00e9lelmiszerek, \u00e9s a kamatok ter\u00e9n. A korm\u00e1nyzati int\u00e9zked\u00e9sek &#8211; <a href=\"https:\/\/www.startlap.hu\/kiemelt-hirek\/rendkivuli-kormanyinfo-szombaton-meghosszabbitjak-a-benzin-es-elelmiszerastopot\/\" target=\"_blank\" rel=\"noopener noreferrer\">\u00e1rstopok<\/a> \u00e9s a r\u00e9szben meg\u0151rz\u00f6tt rezsics\u00f6kkent\u00e9s &#8211;&nbsp;igyekeznek tomp\u00edtani ezeket a k\u00f6vetkezm\u00e9nyeket, az <strong>\u00e1rak emelked\u00e9s<\/strong>e azonban ennek ellen\u00e9re <strong>eg\u00e9szen sz\u00e9ls\u0151s\u00e9ges nagys\u00e1grendet is \u00f6lthet<\/strong>.<\/p>\n<h2>Ami dr\u00e1gul, \u00e9s ahol sp\u00f3rolhatunk<\/h2>\n<p><strong>\u00d6sszess\u00e9g\u00e9ben m\u00e9g 5-10 sz\u00e1zal\u00e9kkal n\u0151hetnek az&nbsp;<a href=\"https:\/\/www.atv.hu\/belfold\/20220928\/tovabb-elelmiszerdragulas-var\" target=\"_blank\" target=\"_blank\" rel=\"noopener noreferrer\">\u00e9lelmiszerek \u00e1rai<\/a><\/strong>&nbsp;\u2013 mondta Dr. M\u00e1hr Andr\u00e1s, a Mez\u0151gazdas\u00e1gi Sz\u00f6vetkez\u0151k \u00e9s Termel\u0151k Orsz\u00e1gos Sz\u00f6vets\u00e9g\u00e9nek f\u0151titk\u00e1rhelyettese a Spirit FM Partvonal c\u00edm\u0171 m\u0171sor\u00e1ban. P\u00e9ldak\u00e9nt eml\u00edtette, hogy a&nbsp;<strong>tejterm\u00e9kek<\/strong>&nbsp;eset\u00e9ben tov\u00e1bbi \u00e1remelked\u00e9s v\u00e1rhat\u00f3, mert m\u00e9g csak most fog begy\u0171r\u0171zni a takarm\u00e1nyok \u00e1r\u00e1nak n\u00f6veked\u00e9se, \u00edgy a tej 180 forintos literenk\u00e9nti felv\u00e1s\u00e1rl\u00e1si \u00e1ra 200 forintig is kitol\u00f3dhat. Hasonl\u00f3 n\u00f6vekm\u00e9nyre sz\u00e1m\u00edt a&nbsp;<strong>h\u00fasfeldolgoz\u00e1sban<\/strong>&nbsp;is.<\/p>\n<figure id=\"attachment_2224825\" aria-describedby=\"caption-attachment-2224825\" style=\"width: 755px\" class=\"wp-caption alignnone\"><img loading=\"lazy\" decoding=\"async\" class=\"size-article-size-large-image wp-image-2224825\" src=\"https:\/\/www.startlap.hu\/vasarlas\/uploads\/2022\/09\/szarvasmarha-755x474.jpg\" alt=\"\" width=\"755\" height=\"474\" srcset=\"https:\/\/www.startlap.hu\/vasarlas\/uploads\/2022\/09\/szarvasmarha-755x474.jpg 755w, https:\/\/www.startlap.hu\/vasarlas\/uploads\/2022\/09\/szarvasmarha-557x350.jpg 557w, https:\/\/www.startlap.hu\/vasarlas\/uploads\/2022\/09\/szarvasmarha.jpg 1200w\" sizes=\"auto, (max-width: 755px) 100vw, 755px\" \/><figcaption id=\"caption-attachment-2224825\" class=\"wp-caption-text\">Getty Images<\/figcaption><\/figure>\n<p>K\u00f6ztudott, hogy az \u00e1remel\u00e9sek egyik f\u0151 oka az elsz\u00e1ll\u00f3 rezsi be\u00e9p\u00fcl\u00e9se az \u00e1rakba. Szerencs\u00e9re, aki&nbsp;<strong>sp\u00f3rolni szeretne az alapvet\u0151 \u00e9lelmiszerekn\u00e9l<\/strong>, annak lehet\u0151s\u00e9ge van a minden nagyobb \u00e1ruh\u00e1zl\u00e1ncn\u00e1l kaphat\u00f3, j\u00f3 \u00e1r-\u00e9rt\u00e9k ar\u00e1nyt k\u00e9pvisel\u0151&nbsp;<a href=\"https:\/\/g7.hu\/penz\/20220927\/ezert-jo-ha-a-sajatmarkas-termekeket-valasztjuk-ennyibe-kerulnek-most-ot-aruhazlancnal\/\" target=\"_blank\" target=\"_blank\" rel=\"noopener noreferrer\"><strong>saj\u00e1tm\u00e1rk\u00e1s term\u00e9kekhez<\/strong><\/a>&nbsp;ny\u00falni. A G7.hu \u00f6sszehasonl\u00edtotta, hogy a legt\u00f6bb h\u00e1ztart\u00e1sban megtal\u00e1lhat\u00f3, 30 alapvet\u0151 \u00e9lelmiszer, p\u00e1r vegyi\u00e1ru \u00e9s pap\u00edr\u00e1ru saj\u00e1tm\u00e1rk\u00e1s verzi\u00f3j\u00e1t&nbsp;<strong>melyik \u00e1ruh\u00e1zban mennyi\u00e9rt tudn\u00e1nk most beszerezni<\/strong>. A term\u00e9kek \u00e1rait az Auchan, az Interspar, a Penny, a Lidl \u00e9s a Tesco egy-egy \u00e1ruh\u00e1z\u00e1ban szem\u00e9lyesen r\u00f6gz\u00edtett\u00e9k, szeptember 22-\u00e9n.<\/p>\n<h2>Hideg napok<\/h2>\n<p>Az Eurostat friss adatsor\u00e1b\u00f3l \u2013 amit a P\u00e9nzcentrum ismertetett \u2013 az der\u00fcl ki, hogy az Eur\u00f3pai Uni\u00f3ban meglehet\u0151sen kev\u00e9s orsz\u00e1g volt, ahol ar\u00e1nyaiban t\u00f6bben lettek volna azok, akik <strong>nem tudj\u00e1k megfelel\u0151 h\u0151m\u00e9rs\u00e9klet\u0171re <a href=\"https:\/\/www.penzcentrum.hu\/otthon\/20220927\/520-ezer-magyar-varhatja-rettegve-az-idei-telet-a-rezsiemeles-meg-tobb-otthont-tehet-jegveremme-1129369\" target=\"_blank\" target=\"_blank\" rel=\"noopener noreferrer\">felf\u0171teni<\/a> otthonaikat<\/strong>. <strong>Magyarorsz\u00e1g azonban pont ezek k\u00f6z\u00e9 a tag\u00e1llamok k\u00f6z\u00e9 tartozik<\/strong>, haz\u00e1nkban ugyanis <strong>400 ezer f\u0151r\u0151l 500 ezerre n\u0151tt<\/strong> ezeknek az embereknek az ar\u00e1nya. Ez a n\u00f6veked\u00e9s r\u00e1ad\u00e1sul 2020 \u00e9s 2021 k\u00f6z\u00f6tt ment v\u00e9gbe, amikor m\u00e9g sz\u00f3 sem volt rezsiemel\u00e9sr\u0151l. Id\u00e9n t\u00e9len viszont a kor\u00e1bbiakn\u00e1l m\u00e9g kegyetlenebb lehet a helyzet \u2013 \u00edrja a lap.<\/p>\n<p>Ugyan m\u00e1s okb\u00f3l, de a <a href=\"https:\/\/www.mnb.hu\/sajtoszoba\/sajtokozlemenyek\/2022-evi-sajtokozlemenyek\/atfogo-energiahatekonysagi-programot-indit-a-jegybank\" target=\"_blank\" target=\"_blank\" rel=\"noopener noreferrer\">Magyar Nemzeti Bank<\/a> (MNB) \u00e9p\u00fcleteiben sem fognak a dolgoz\u00f3k t\u00falzott melegre panaszkodni az el\u0151tt\u00fcnk \u00e1ll\u00f3 t\u00e9len. Kor\u00e1bban korm\u00e1nyrendeletben r\u00f6gz\u00edtett\u00e9k, hogy&nbsp;az energiav\u00e1ls\u00e1g miatt <strong>minden k\u00f6zint\u00e9zm\u00e9nyt legfeljebb 18 fokra lehet felf\u0171teni<\/strong>, de az alapt\u00f6rv\u00e9nynek k\u00f6sz\u00f6nhet\u0151en ez al\u00f3l kiv\u00e9telt k\u00e9pezett az MNB. Kedden viszont az igazgat\u00f3s\u00e1g <strong>elfogadott egy <a href=\"https:\/\/24.hu\/belfold\/2022\/09\/28\/mnb-jegybank-18-celsius-fok-futes-korlatozas\/\" target=\"_blank\" target=\"_blank\" rel=\"noopener noreferrer\">energiahat\u00e9konys\u00e1gi- \u00e9s takar\u00e9koss\u00e1gi&nbsp;programot<\/a><\/strong>, amely \u00e9rtelm\u00e9ben m\u00e9gis 18 fokban maximaliz\u00e1ln\u00e1k a h\u0151m\u00e9rs\u00e9kletet.<\/p>\n<h2>\u00c9p\u00edt\u0151ipar, ingatlanpiac<\/h2>\n<p>Az \u00e9p\u00edt\u0151iparban tapasztalt dr\u00e1gul\u00e1s m\u00e9rt\u00e9ke az \u00e9v els\u0151 fel\u00e9ben <strong>t\u00f6bb mint k\u00e9tszeresen haladta meg a fogyaszt\u00f3i \u00e1rak n\u00f6veked\u00e9s\u00e9t<\/strong> \u2013 \u00edrja az MTI. Az \u00c9p\u00edt\u00e9si V\u00e1llalkoz\u00f3k Orsz\u00e1gos Szaksz\u00f6vets\u00e9ge (\u00c9VOSZ) szerdai \u00e9rt\u00e9kel\u00e9se szerint az \u00e9p\u00edt\u0151ipari alapanyag- \u00e9s \u00e9p\u00edt\u00e9si term\u00e9kek gy\u00e1rt\u00f3i az orosz-ukr\u00e1n h\u00e1bor\u00fa piaci hat\u00e1sait, a kivitelez\u0151k pedig a beszerz\u00e9si neh\u00e9zs\u00e9geket az \u00e9v els\u0151 fel\u00e9ben m\u00e1r be\u00e9p\u00edtett\u00e9k az \u00e1rakba, de az energiak\u00f6lts\u00e9gek elszabadul\u00e1sa \u00e9s a forint-eur\u00f3 \u00e1rfolyam ingadoz\u00e1sa <strong>komoly bizonytalans\u00e1gi t\u00e9nyez\u0151 lesz az elk\u00f6vetkez\u0151 h\u00f3napokban<\/strong>.<\/p>\n<figure id=\"attachment_2224824\" aria-describedby=\"caption-attachment-2224824\" style=\"width: 755px\" class=\"wp-caption alignnone\"><img loading=\"lazy\" decoding=\"async\" class=\"size-article-size-large-image wp-image-2224824\" src=\"https:\/\/www.startlap.hu\/vasarlas\/uploads\/2022\/09\/hazepites-755x530.jpg\" alt=\"\" width=\"755\" height=\"530\" srcset=\"https:\/\/www.startlap.hu\/vasarlas\/uploads\/2022\/09\/hazepites-755x530.jpg 755w, https:\/\/www.startlap.hu\/vasarlas\/uploads\/2022\/09\/hazepites-499x350.jpg 499w, https:\/\/www.startlap.hu\/vasarlas\/uploads\/2022\/09\/hazepites.jpg 1200w\" sizes=\"auto, (max-width: 755px) 100vw, 755px\" \/><figcaption id=\"caption-attachment-2224824\" class=\"wp-caption-text\">Getty Images<\/figcaption><\/figure>\n<p>Egyed\u00fcl\u00e1ll\u00f3 \u00e9s r\u00e9g\u00f3ta v\u00e1rt lehet\u0151s\u00e9g ny\u00edlik a korm\u00e1ny sz\u00e1m\u00e1ra a Magyar Term\u00e9szetv\u00e9d\u0151k Sz\u00f6vets\u00e9ge szerint, hogy az uni\u00f3s Helyre\u00e1ll\u00edt\u00e1si Alap forr\u00e1sai r\u00e9v\u00e9n nagy lend\u00fcletet adjon a <strong>hazai lak\u00e1sok r\u00e9g\u00f3ta s\u00fcrget\u0151 <a href=\"https:\/\/hvg.hu\/gazdasag\/20220927_repowereu_energiahatakonysagi_felujitas_palyazat_termeszetvedok_kormany\" target=\"_blank\" target=\"_blank\" rel=\"noopener noreferrer\">energetikai fel\u00faj\u00edt\u00e1s\u00e1nak<\/a><\/strong>. Ha j\u00f3l haszn\u00e1lj\u00e1k fel a t\u00f6bb ezer milli\u00e1rdos forr\u00e1st, nem csak a rezsi, de az energiahordoz\u00f3-f\u00fcgg\u0151s\u00e9g \u00e9s az energiaszeg\u00e9nys\u00e9g is cs\u00f6kkenthet\u0151. Van is \u00f6tlet\u00fck, hogyan kellene.<\/p>\n<p>A P\u00e9nzcentrum szak\u00e9rt\u0151k seg\u00edts\u00e9g\u00e9vel j\u00e1rt ut\u00e1na annak, hogy ingatlanpiaci szempontb\u00f3l milyen el\u0151ny\u00f6kkel j\u00e1rhat a <a href=\"https:\/\/www.penzcentrum.hu\/otthon\/20220928\/rezsiemeles-hatalmas-elonyhoz-jutottak-ezek-a-haztulajok-milliokat-erhet-egyetlen-papir-1129368\" target=\"_blank\" target=\"_blank\" rel=\"noopener noreferrer\">rezsikedvezm\u00e9nyre<\/a> jogos\u00edt\u00f3 igazol\u00e1s. Mint kider\u00fclt, a pap\u00edr megl\u00e9te vagy neml\u00e9te <strong>ak\u00e1r t\u00edzmilli\u00f3s k\u00fcl\u00f6nbs\u00e9get is okozhat<\/strong> ezeknek az ingatlanoknak az \u00e1raiban. Illetve az is k\u00f6nnyebb helyzetbe ker\u00fclhet, aki szabadulna a nagym\u00e9ret\u0171 h\u00e1z\u00e1t\u00f3l, mert a szakemberek szerint <strong>az igazol\u00e1ssal jelent\u0151sen cs\u00f6kkenthet az elad\u00e1s id\u0151intervalluma<\/strong>.<\/p>\n<h2>Civil szervezetek: &#8222;Az utols\u00f3 pillanatig h\u00fazzuk&#8221;<\/h2>\n<p>T\u00f6bb dolog is k\u00f6z\u00f6s a m\u00e9lyszeg\u00e9nys\u00e9gben \u00e9l\u0151 gyerekeket seg\u00edt\u0151, a hajl\u00e9ktalan csal\u00e1dokat befogad\u00f3 \u00e9s a kis\u00e1llatokat ment\u0151 civil szervezetekben \u2013 der\u00fcl ki az RTL H\u00e1zon K\u00edv\u00fcl riportj\u00e1b\u00f3l. Az egyik, hogy k\u00f6zfeladatot l\u00e1tnak el \u2013 vagyis olyasmivel foglalkoznak, ami az \u00e1llam vagy az \u00f6nkorm\u00e1nyzat dolga volna. A m\u00e1sik, hogy a rezsiemel\u00e9s \u00e9s a tankol\u00e1sra vonatkoz\u00f3 szab\u00e1lyok szigor\u00edt\u00e1sa \u00f3ta rengeteg alap\u00edtv\u00e1nyn\u00e1l \u00e9s egyes\u00fcletn\u00e9l sz\u00e1molgatj\u00e1k, hogy meddig fogj\u00e1k b\u00edrni. <strong>T\u00f6bb civil szervezet m\u00e1ris a <a href=\"https:\/\/rtl.hu\/belfold\/2022\/09\/28\/rezsiemeles-civil-szervezetek\" target=\"_blank\" target=\"_blank\" rel=\"noopener noreferrer\">cs\u0151d sz\u00e9l\u00e9re ker\u00fclt<\/a>.<\/strong><\/p>\n<div class=\"o-widget m-readMoreWidget -readMore u-shortDecorLineAfter row widget-container _ce_measure_widget bigdata-widget read-more\" data-ce-measure-widget=\"olvass tov\u00e1bb\">\n\t<div class=\"m-readMoreWidget__imgWrapper image-wrapper col-12 col-md-4 no-p\">\n\t\t<a class=\"m-readMoreWidget__imgLink\" href=\"https:\/\/www.startlap.hu\/vasarlas\/rezsi-gazarkedvezmeny-nagycsaladosok-sporolas-vasutasok-lakhatasi-valsag-futesi-szezon-elbocsatasok\/\" >\n\t\t\t<img decoding=\"async\" src=\"https:\/\/www.startlap.hu\/vasarlas\/uploads\/2022\/09\/nagycsalad_kert_tuz_hideg-350x285.jpg\" class=\"m-readMoreWidget__img\">\n\t\t<\/a>\n\t<\/div>\n\t<div class=\"m-readMoreWidget__titleWrapper title-wrapper col-12 col-md-8\">\n\t\t<span class=\"m-readMoreWidget__titleLabel u-shortDecorLineBefore label hidden-sm-up\">Ez is \u00e9rdekelhet:<\/span>\n\t\t<h3 class=\"m-readMoreWidget__title title\">\n\t\t\t<a class=\"m-readMoreWidget__titleLink -secondFont u-bold u-upperCase\" href=\"https:\/\/www.startlap.hu\/vasarlas\/rezsi-gazarkedvezmeny-nagycsaladosok-sporolas-vasutasok-lakhatasi-valsag-futesi-szezon-elbocsatasok\/\" >G\u00e1z\u00e1rkedvezm\u00e9ny: fontos hat\u00e1rid\u0151 k\u00f6zeleg<\/a>\n\t\t<\/h3>\n\t\t<a class=\"m-readMoreWidget__btn -coloredBack u-tC link\" href=\"https:\/\/www.startlap.hu\/vasarlas\/rezsi-gazarkedvezmeny-nagycsaladosok-sporolas-vasutasok-lakhatasi-valsag-futesi-szezon-elbocsatasok\/\" >Elolvasom<\/a>\n\t<\/div>\n<\/div>\n","protected":false},"excerpt":{"rendered":"<p>Nagyobb infl\u00e1ci\u00f3t \u00e9s gazdas\u00e1gi visszaes\u00e9st j\u00f3solnak; egyre kevesebben tudj\u00e1k felf\u0171teni otthonaikat; brut\u00e1lis dr\u00e1gul\u00e1s az \u00e9p\u00edt\u0151iparban;  cs\u0151d sz\u00e9l\u00e9n t\u00f6bb civil szervezet. A legfontosabb rezsih\u00edrek.<\/p>\n","protected":false},"author":20,"featured_media":2224822,"comment_status":"open","ping_status":"open","sticky":false,"template":"","format":"standard","meta":{"footnotes":""},"categories":[17765,8180],"tags":[2845,10956,14058,17591,17189,2802,14622,12848,3719,1576,6073,2389,17701,16094],"class_list":["post-2224817","post","type-post","status-publish","format-standard","has-post-thumbnail","hentry","category-rezsi","category-trending","tag-aremelkedes","tag-civil-szervezetek","tag-elelmiszerarak","tag-energetikai-korszerusites","tag-energiavalsag","tag-epitoipar","tag-gazdasagi-recesszio","tag-husaru","tag-inflacio","tag-ingatlanpiac","tag-munkanelkuliseg","tag-rezsi","tag-rezsikedvezmeny","tag-tejtermekek"],"aioseo_notices":[],"_links":{"self":[{"href":"https:\/\/www.startlap.hu\/vasarlas\/wp-json\/wp\/v2\/posts\/2224817","targetHints":{"allow":["GET"]}}],"collection":[{"href":"https:\/\/www.startlap.hu\/vasarlas\/wp-json\/wp\/v2\/posts"}],"about":[{"href":"https:\/\/www.startlap.hu\/vasarlas\/wp-json\/wp\/v2\/types\/post"}],"author":[{"embeddable":true,"href":"https:\/\/www.startlap.hu\/vasarlas\/wp-json\/wp\/v2\/users\/20"}],"replies":[{"embeddable":true,"href":"https:\/\/www.startlap.hu\/vasarlas\/wp-json\/wp\/v2\/comments?post=2224817"}],"version-history":[{"count":7,"href":"https:\/\/www.startlap.hu\/vasarlas\/wp-json\/wp\/v2\/posts\/2224817\/revisions"}],"predecessor-version":[{"id":2224827,"href":"https:\/\/www.startlap.hu\/vasarlas\/wp-json\/wp\/v2\/posts\/2224817\/revisions\/2224827"}],"wp:featuredmedia":[{"embeddable":true,"href":"https:\/\/www.startlap.hu\/vasarlas\/wp-json\/wp\/v2\/media\/2224822"}],"wp:attachment":[{"href":"https:\/\/www.startlap.hu\/vasarlas\/wp-json\/wp\/v2\/media?parent=2224817"}],"wp:term":[{"taxonomy":"category","embeddable":true,"href":"https:\/\/www.startlap.hu\/vasarlas\/wp-json\/wp\/v2\/categories?post=2224817"},{"taxonomy":"post_tag","embeddable":true,"href":"https:\/\/www.startlap.hu\/vasarlas\/wp-json\/wp\/v2\/tags?post=2224817"}],"curies":[{"name":"wp","href":"https:\/\/api.w.org\/{rel}","templated":true}]}}