{"id":2224784,"date":"2022-09-27T12:48:01","date_gmt":"2022-09-27T10:48:01","guid":{"rendered":"https:\/\/www.startlap.hu\/vasarlas\/?p=2224784"},"modified":"2022-09-27T15:27:08","modified_gmt":"2022-09-27T13:27:08","slug":"sutemeny-budapest-desszertje-2022","status":"publish","type":"post","link":"https:\/\/www.startlap.hu\/vasarlas\/sutemeny-budapest-desszertje-2022\/","title":{"rendered":"Gianduj\u00e1s-alm\u00e1s s\u00fctem\u00e9ny lett id\u00e9n Budapest desszertje"},"content":{"rendered":"<p>A <strong>Veranda Cukim\u0171hely Budapest aranyalm\u00e1ja<\/strong> elnevez\u00e9s\u0171 s\u00fctem\u00e9nye lett id\u00e9n <a href=\"https:\/\/www.startlap.hu\/vasarlas\/garzonlakas-negyzetmeterar-ingatlanar-dragulas\/\" target=\"_blank\" rel=\"noopener noreferrer\">Budapest<\/a> desszertje. A linzer lapra helyezett gianduj\u00e1s-alm\u00e1s \u00e9dess\u00e9g el\u0151sz\u00f6r az \u00c9des Napok Budapest csokol\u00e1d\u00e9- \u00e9s \u00e9dess\u00e9g\u00fcnnepen k\u00f3stolhat\u00f3 meg a <strong>p\u00e9ntekt\u0151l vas\u00e1rnapig<\/strong> a Szent Istv\u00e1n-bazilika el\u0151tt.<\/p>\n<p>A magyar <a href=\"https:\/\/www.startlap.hu\/vasarlas\/121-eves-csokolade-haboru\/\" target=\"_blank\" rel=\"noopener noreferrer\">csokol\u00e1d\u00e9gy\u00e1rt\u00e1s<\/a> az ut\u00f3bbi \u00e9vtizedben a vil\u00e1g \u00e9lmez\u0151ny\u00e9be sorakozott fel, ezt sz\u00e1mos nemzetk\u00f6zi d\u00edj is visszaigazolja &#8211; mondta el a Magyar Csokol\u00e1d\u00e9 \u00e9s \u00c9dess\u00e9g Sz\u00f6vets\u00e9g (Cs\u00e9sze) keddi budapesti sajt\u00f3t\u00e1j\u00e9koztat\u00f3j\u00e1n Rebrus Csaba, a Cs\u00e9sze eln\u00f6ke, az \u00c9des Napok f\u0151szervez\u0151je.<\/p>\n\n\t<div id=\"cegPostCnt_1\" class=\"o-cegPostCnt -inContent\" data-title=\"Gianduj\u00e1s-alm\u00e1s s\u00fctem\u00e9ny lett id\u00e9n Budapest desszertje\">\n\t\t<a class=\"o-cegPostCnt__opener m-cegOpener _ce_measure_widget _ce_measure_link\" data-ce-measure-widget=\"gallery-open\"\n   href=\"?gallery=1\/1\/budapest_desszert\">\n\t<img decoding=\"async\" src=\"https:\/\/www.startlap.hu\/vasarlas\/uploads\/2022\/09\/budapest_desszert.jpg\" class=\"m-cegOpener__image\" alt=\"Gianduj\u00e1s-alm\u00e1s s\u00fctem\u00e9ny lett id\u00e9n Budapest desszertje\" sizes=\"(max-width: 991px) 100vw, (max-width: 1039px) 66vw, 684px\" srcset=\"https:\/\/www.startlap.hu\/vasarlas\/uploads\/2022\/09\/budapest_desszert.jpg 1773w, https:\/\/www.startlap.hu\/vasarlas\/uploads\/2022\/09\/budapest_desszert-1536x1024.jpg 1536w, https:\/\/www.startlap.hu\/vasarlas\/uploads\/2022\/09\/budapest_desszert-755x503.jpg 755w, https:\/\/www.startlap.hu\/vasarlas\/uploads\/2022\/09\/budapest_desszert-525x350.jpg 525w\" \/>\t<div class=\"m-cegOpener__btn\"><i class=\"far fa-clone\"><\/i><\/div>\n<\/a>\n<div class=\"o-cegPostCnt__layer m-cegLayer _ce_measure_widget\" data-ce-measure-widget=\"gallery-layer\" style=\"display: none\">\n\t<div class=\"m-cegLayer__top m-cegHeader _ce_measure_widget\" data-ce-measure-widget=\"gallery-header\">\n\t\t\t\t\t<span class=\"m-cegHeader__logo\"><span class=\"a-cegLogo\"><\/span><\/span>\n\t\t\t\t<div class=\"m-cegHeader__imgCnt\">\n\t\t\t<img decoding=\"async\" src=\"https:\/\/www.startlap.hu\/vasarlas\/uploads\/2022\/09\/budapest_desszert.jpg\" class=\"m-cegHeader__imgOpener\" alt=\"Gianduj\u00e1s-alm\u00e1s s\u00fctem\u00e9ny lett id\u00e9n Budapest desszertje\" \/>\t\t<\/div>\n\t\t<h2 class=\"m-cegHeader__title a-cegGalleryTitle\"><i class=\"fa fa-angle-left\"><\/i>Gianduj\u00e1s-alm\u00e1s s\u00fctem\u00e9ny lett id\u00e9n Budapest desszertje<\/h2>\n\t\t<div class=\"m-cegHeader__pagination a-cegPagination\"><\/div>\n\t\t<div class=\"m-cegHeader__closeBtn close-button nlc-icon-close _ce_measure_link _ce_measure_widget\" data-ce-measure-widget=\"gallery-close-btn\"><i class=\"fa fa-times\" aria-hidden=\"true\"><\/i><\/div>\n\t<\/div>\n\t<div class=\"m-cegLayer__screen\">\n\t\t<div class=\"m-cegLayer__carousel m-cegCarousel\">\n\t\t\t\t\t\t\t\n\t\t\t\t<div\n\t\t\t\t\tclass=\"m-cegCarousel__item\"\n\t\t\t\t\tdata-type=\"image\"\n\t\t\t\t\tdata-id=\"1\/1\/budapest_desszert\"\n\t\t\t\t\tdata-image-url=\"https:\/\/www.startlap.hu\/vasarlas\/uploads\/2022\/09\/budapest_desszert.jpg\"\n\t\t\t\t\tdata-title=\"Gianduj\u00e1s-alm\u00e1s s\u00fctem\u00e9ny lett id\u00e9n Budapest desszertje\"\n\t\t\t\t\tdata-desc=\"Schuchardt R\u00e9ka, a Veranda Cukim\u0171hely vezet\u0151 cukr\u00e1sza mutatja a Budapest desszertje 2022 cukr\u00e1szversenyen gy\u0151ztes munk\u00e1j\u00e1t, a Budapest aranyalm\u00e1ja elnevez\u00e9s\u0171 s\u00fctem\u00e9ny\u00e9t az eredm\u00e9nyhirdet\u00e9sen a budapesti Szamos Caf\u00e9ban. Fot\u00f3: MTI\/Kov\u00e1cs Anik\u00f3\">\n\n\t\t\t\t\t<!-- image -->\n\t\t\t\t\t<div class=\"m-cegCarousel__floatingCnt\">\n\t\t\t\t\t\t<img decoding=\"async\" src=\"https:\/\/www.startlap.hu\/vasarlas\/uploads\/2022\/09\/budapest_desszert.jpg\" class=\"m-cegCarousel__image\" alt=\"Gianduj\u00e1s-alm\u00e1s s\u00fctem\u00e9ny lett id\u00e9n Budapest desszertje\" \/>\t\t\t\t\t\t<span class=\"fa m-cegCarousel__zoom _ce_measure_link _ce_measure_widget\" data-ce-measure-widget=\"gallery-zoom-btn\"><\/span>\n\t\t\t\t\t<\/div>\n\n\t\t\t\t\t<!-- thumb icon \/ counter, caption  -->\n\t\t\t\t\t<div class=\"m-cegCarousel__captionCnt m-cegCaption\">\n\t\t\t\t\t\t<span class=\"m-cegCaption__thumbIcon a-cegThumbIcon _ce_measure_widget _ce_measure_link\"\n\t\t\t\t\t\t\t  data-ce-measure-widget=\"thumbnails-btn\"\n\t\t\t\t\t\t\t  data-ce-measure-widget=\"gallery-thumbnails\"><i class=\" fa fa-th-large\"><\/i><\/span>\n\t\t\t\t\t\t<span class=\"m-cegCaption__pagination a-cegPagination\">\n\t\t\t\t\t\t\t<span class=\"a-cegPagination__current\">1<\/span>\/4\t\t\t\t\t\t<\/span>\n\t\t\t\t\t\t<span class=\"m-cegCaption__caption\">Gianduj\u00e1s-alm\u00e1s s\u00fctem\u00e9ny lett id\u00e9n Budapest desszertje<\/span>\n\t\t\t\t\t<\/div>\n\n\t\t\t\t\t<!-- Image description -->\n\t\t\t\t\t<div class=\"m-cegCarousel__desc a-cegDesc\">Schuchardt R\u00e9ka, a Veranda Cukim\u0171hely vezet\u0151 cukr\u00e1sza mutatja a Budapest desszertje 2022 cukr\u00e1szversenyen gy\u0151ztes munk\u00e1j\u00e1t, a Budapest aranyalm\u00e1ja elnevez\u00e9s\u0171 s\u00fctem\u00e9ny\u00e9t az eredm\u00e9nyhirdet\u00e9sen a budapesti Szamos Caf\u00e9ban. Fot\u00f3: MTI\/Kov\u00e1cs Anik\u00f3<\/div>\n\n\t\t\t\t\t<!-- Image social share icons -->\n\t\t\t\t\t<div class=\"m-cegCarousel__socialCnt m-cegSocial\">\n\t\t\t\t\t\t<span class=\"m-cegSocial__text\">Fot\u00f3 megoszt\u00e1sa:<\/span><span class=\"m-cegSocial__iconWrap\"><span class=\"m-cegSocial__icon -facebook _ce_measure_link _ce_measure_widget\" data-ce-measure-widget=\"facebookGallery-btn\"><i class=\"fab fa-facebook-f\"><\/i><\/span><span class=\"m-cegSocial__icon -pinterest _ce_measure_link _ce_measure_widget\" data-ce-measure-widget=\"printeresGallery-btn\"><i class=\"fab fa-pinterest-p\"><\/i><\/span><span class=\"m-cegSocial__icon -email _ce_measure_link _ce_measure_widget\" data-ce-measure-widget=\"emailGallery-btn\"><i class=\"far fa-envelope\"><\/i><\/span><span class=\"m-cegSocial__icon -clipboard _ce_measure_link _ce_measure_widget\" data-ce-measure-widget=\"clipboardGallery-btn\"><i class=\"fa fa-link\"><\/i><\/span><\/span>\t\t\t\t\t<\/div>\n\t\t\t\t<\/div>\n\t\t\t\t\t\t\t\n\t\t\t\t<div\n\t\t\t\t\tclass=\"m-cegCarousel__item\"\n\t\t\t\t\tdata-type=\"image\"\n\t\t\t\t\tdata-id=\"1\/2\/budapest_desszert2\"\n\t\t\t\t\tdata-image-url=\"https:\/\/www.startlap.hu\/vasarlas\/uploads\/2022\/09\/budapest_desszert2.jpg\"\n\t\t\t\t\tdata-title=\"Gianduj\u00e1s-alm\u00e1s s\u00fctem\u00e9ny lett id\u00e9n Budapest desszertje\"\n\t\t\t\t\tdata-desc=\"A Budapest desszertje 2022 cukr\u00e1szverseny gy\u0151ztese, a Veranda Cukim\u0171hely Budapest aranyalm\u00e1ja elnevez\u00e9s\u0171 s\u00fctem\u00e9nye az eredm\u00e9nyhirdet\u00e9sen a budapesti Szamos Caf\u00e9ban 2022. szeptember 27-\u00e9n. A linzer lapra helyezett gianduj\u00e1s-alm\u00e1s \u00e9dess\u00e9g el\u0151sz\u00f6r most h\u00e9tv\u00e9g\u00e9n a Szent Istv\u00e1n-bazilika el\u0151tt rendezett \u00c9des Napok Budapest csokol\u00e1d\u00e9- \u00e9s \u00e9dess\u00e9g\u00fcnnepen k\u00f3stolhat\u00f3 meg.\nFot\u00f3: MTI\/Kov\u00e1cs Anik\u00f3\">\n\n\t\t\t\t\t<!-- image -->\n\t\t\t\t\t<div class=\"m-cegCarousel__floatingCnt\">\n\t\t\t\t\t\t<img decoding=\"async\" src=\"https:\/\/www.startlap.hu\/vasarlas\/uploads\/2022\/09\/budapest_desszert2.jpg\" class=\"m-cegCarousel__image\" alt=\"Gianduj\u00e1s-alm\u00e1s s\u00fctem\u00e9ny lett id\u00e9n Budapest desszertje\" \/>\t\t\t\t\t\t<span class=\"fa m-cegCarousel__zoom _ce_measure_link _ce_measure_widget\" data-ce-measure-widget=\"gallery-zoom-btn\"><\/span>\n\t\t\t\t\t<\/div>\n\n\t\t\t\t\t<!-- thumb icon \/ counter, caption  -->\n\t\t\t\t\t<div class=\"m-cegCarousel__captionCnt m-cegCaption\">\n\t\t\t\t\t\t<span class=\"m-cegCaption__thumbIcon a-cegThumbIcon _ce_measure_widget _ce_measure_link\"\n\t\t\t\t\t\t\t  data-ce-measure-widget=\"thumbnails-btn\"\n\t\t\t\t\t\t\t  data-ce-measure-widget=\"gallery-thumbnails\"><i class=\" fa fa-th-large\"><\/i><\/span>\n\t\t\t\t\t\t<span class=\"m-cegCaption__pagination a-cegPagination\">\n\t\t\t\t\t\t\t<span class=\"a-cegPagination__current\">2<\/span>\/4\t\t\t\t\t\t<\/span>\n\t\t\t\t\t\t<span class=\"m-cegCaption__caption\">Gianduj\u00e1s-alm\u00e1s s\u00fctem\u00e9ny lett id\u00e9n Budapest desszertje<\/span>\n\t\t\t\t\t<\/div>\n\n\t\t\t\t\t<!-- Image description -->\n\t\t\t\t\t<div class=\"m-cegCarousel__desc a-cegDesc\">A Budapest desszertje 2022 cukr\u00e1szverseny gy\u0151ztese, a Veranda Cukim\u0171hely Budapest aranyalm\u00e1ja elnevez\u00e9s\u0171 s\u00fctem\u00e9nye az eredm\u00e9nyhirdet\u00e9sen a budapesti Szamos Caf\u00e9ban 2022. szeptember 27-\u00e9n. A linzer lapra helyezett gianduj\u00e1s-alm\u00e1s \u00e9dess\u00e9g el\u0151sz\u00f6r most h\u00e9tv\u00e9g\u00e9n a Szent Istv\u00e1n-bazilika el\u0151tt rendezett \u00c9des Napok Budapest csokol\u00e1d\u00e9- \u00e9s \u00e9dess\u00e9g\u00fcnnepen k\u00f3stolhat\u00f3 meg.\nFot\u00f3: MTI\/Kov\u00e1cs Anik\u00f3<\/div>\n\n\t\t\t\t\t<!-- Image social share icons -->\n\t\t\t\t\t<div class=\"m-cegCarousel__socialCnt m-cegSocial\">\n\t\t\t\t\t\t<span class=\"m-cegSocial__text\">Fot\u00f3 megoszt\u00e1sa:<\/span><span class=\"m-cegSocial__iconWrap\"><span class=\"m-cegSocial__icon -facebook _ce_measure_link _ce_measure_widget\" data-ce-measure-widget=\"facebookGallery-btn\"><i class=\"fab fa-facebook-f\"><\/i><\/span><span class=\"m-cegSocial__icon -pinterest _ce_measure_link _ce_measure_widget\" data-ce-measure-widget=\"printeresGallery-btn\"><i class=\"fab fa-pinterest-p\"><\/i><\/span><span class=\"m-cegSocial__icon -email _ce_measure_link _ce_measure_widget\" data-ce-measure-widget=\"emailGallery-btn\"><i class=\"far fa-envelope\"><\/i><\/span><span class=\"m-cegSocial__icon -clipboard _ce_measure_link _ce_measure_widget\" data-ce-measure-widget=\"clipboardGallery-btn\"><i class=\"fa fa-link\"><\/i><\/span><\/span>\t\t\t\t\t<\/div>\n\t\t\t\t<\/div>\n\t\t\t\t\t\t\t\n\t\t\t\t<div\n\t\t\t\t\tclass=\"m-cegCarousel__item\"\n\t\t\t\t\tdata-type=\"image\"\n\t\t\t\t\tdata-id=\"1\/3\/budapest_desszert3\"\n\t\t\t\t\tdata-image-url=\"https:\/\/www.startlap.hu\/vasarlas\/uploads\/2022\/09\/budapest_desszert3.jpg\"\n\t\t\t\t\tdata-title=\"Gianduj\u00e1s-alm\u00e1s s\u00fctem\u00e9ny lett id\u00e9n Budapest desszertje\"\n\t\t\t\t\tdata-desc=\"A Budapest desszertje 2022 cukr\u00e1szverseny gy\u0151ztese, a Veranda Cukim\u0171hely Budapest aranyalm\u00e1ja elnevez\u00e9s\u0171 s\u00fctem\u00e9nye az eredm\u00e9nyhirdet\u00e9sen a budapesti Szamos Caf\u00e9ban 2022. szeptember 27-\u00e9n. A linzer lapra helyezett gianduj\u00e1s-alm\u00e1s \u00e9dess\u00e9g el\u0151sz\u00f6r most h\u00e9tv\u00e9g\u00e9n a Szent Istv\u00e1n-bazilika el\u0151tt rendezett \u00c9des Napok Budapest csokol\u00e1d\u00e9- \u00e9s \u00e9dess\u00e9g\u00fcnnepen k\u00f3stolhat\u00f3 meg.\nFot\u00f3: MTI\/Kov\u00e1cs Anik\u00f3\">\n\n\t\t\t\t\t<!-- image -->\n\t\t\t\t\t<div class=\"m-cegCarousel__floatingCnt\">\n\t\t\t\t\t\t<img decoding=\"async\" src=\"https:\/\/www.startlap.hu\/vasarlas\/uploads\/2022\/09\/budapest_desszert3.jpg\" class=\"m-cegCarousel__image\" alt=\"Gianduj\u00e1s-alm\u00e1s s\u00fctem\u00e9ny lett id\u00e9n Budapest desszertje\" \/>\t\t\t\t\t\t<span class=\"fa m-cegCarousel__zoom _ce_measure_link _ce_measure_widget\" data-ce-measure-widget=\"gallery-zoom-btn\"><\/span>\n\t\t\t\t\t<\/div>\n\n\t\t\t\t\t<!-- thumb icon \/ counter, caption  -->\n\t\t\t\t\t<div class=\"m-cegCarousel__captionCnt m-cegCaption\">\n\t\t\t\t\t\t<span class=\"m-cegCaption__thumbIcon a-cegThumbIcon _ce_measure_widget _ce_measure_link\"\n\t\t\t\t\t\t\t  data-ce-measure-widget=\"thumbnails-btn\"\n\t\t\t\t\t\t\t  data-ce-measure-widget=\"gallery-thumbnails\"><i class=\" fa fa-th-large\"><\/i><\/span>\n\t\t\t\t\t\t<span class=\"m-cegCaption__pagination a-cegPagination\">\n\t\t\t\t\t\t\t<span class=\"a-cegPagination__current\">3<\/span>\/4\t\t\t\t\t\t<\/span>\n\t\t\t\t\t\t<span class=\"m-cegCaption__caption\">Gianduj\u00e1s-alm\u00e1s s\u00fctem\u00e9ny lett id\u00e9n Budapest desszertje<\/span>\n\t\t\t\t\t<\/div>\n\n\t\t\t\t\t<!-- Image description -->\n\t\t\t\t\t<div class=\"m-cegCarousel__desc a-cegDesc\">A Budapest desszertje 2022 cukr\u00e1szverseny gy\u0151ztese, a Veranda Cukim\u0171hely Budapest aranyalm\u00e1ja elnevez\u00e9s\u0171 s\u00fctem\u00e9nye az eredm\u00e9nyhirdet\u00e9sen a budapesti Szamos Caf\u00e9ban 2022. szeptember 27-\u00e9n. A linzer lapra helyezett gianduj\u00e1s-alm\u00e1s \u00e9dess\u00e9g el\u0151sz\u00f6r most h\u00e9tv\u00e9g\u00e9n a Szent Istv\u00e1n-bazilika el\u0151tt rendezett \u00c9des Napok Budapest csokol\u00e1d\u00e9- \u00e9s \u00e9dess\u00e9g\u00fcnnepen k\u00f3stolhat\u00f3 meg.\nFot\u00f3: MTI\/Kov\u00e1cs Anik\u00f3<\/div>\n\n\t\t\t\t\t<!-- Image social share icons -->\n\t\t\t\t\t<div class=\"m-cegCarousel__socialCnt m-cegSocial\">\n\t\t\t\t\t\t<span class=\"m-cegSocial__text\">Fot\u00f3 megoszt\u00e1sa:<\/span><span class=\"m-cegSocial__iconWrap\"><span class=\"m-cegSocial__icon -facebook _ce_measure_link _ce_measure_widget\" data-ce-measure-widget=\"facebookGallery-btn\"><i class=\"fab fa-facebook-f\"><\/i><\/span><span class=\"m-cegSocial__icon -pinterest _ce_measure_link _ce_measure_widget\" data-ce-measure-widget=\"printeresGallery-btn\"><i class=\"fab fa-pinterest-p\"><\/i><\/span><span class=\"m-cegSocial__icon -email _ce_measure_link _ce_measure_widget\" data-ce-measure-widget=\"emailGallery-btn\"><i class=\"far fa-envelope\"><\/i><\/span><span class=\"m-cegSocial__icon -clipboard _ce_measure_link _ce_measure_widget\" data-ce-measure-widget=\"clipboardGallery-btn\"><i class=\"fa fa-link\"><\/i><\/span><\/span>\t\t\t\t\t<\/div>\n\t\t\t\t<\/div>\n\t\t\t\t\t\t\t\t\t\t\t\t<div\n\t\t\t\t\t\tclass=\"m-cegCarousel__item -banner\"\n\t\t\t\t\t\tdata-type=\"banner\"\n\t\t\t\t\t\tdata-id=\"1\/4\/banner\"\n\t\t\t\t\t\tdata-image-url=\"\"\n\t\t\t\t\t\tdata-title=\"\"\n\t\t\t\t\t\tdata-desc=\"\">\n\n\t\t\t\t\t\t<div class=\"m-cegCarousel__floatingCnt banner-container gallery-content010\"><\/div>\n\n\t\t\t\t\t<\/div>\n\t\t\t\t\t\t\t\t\t\t<\/div>\n\t\t<div class=\"m-cegLayer__thumbnails m-cegThumbList _ce_measure_widget\" data-ce-measure-widget=\"gallery-thumb-list\">\n\t\t\t\t\t\t\t\t\t\t\t<div class=\"m-cegThumbList__item\"\n\t\t\t\t\tdata-id=\"1\/1\/budapest_desszert\"\n\t\t\t\t\tdata-index=\"0\">\n\t\t\t\t\t<img decoding=\"async\" src=\"https:\/\/www.startlap.hu\/vasarlas\/uploads\/2022\/09\/budapest_desszert.jpg\" class=\"m-cegThumbList__image _ce_measure_link\" alt=\"Gianduj\u00e1s-alm\u00e1s s\u00fctem\u00e9ny lett id\u00e9n Budapest desszertje\" \/>\t\t\t\t<\/div>\n\t\t\t\t\t\t\t\t\t\t\t<div class=\"m-cegThumbList__item\"\n\t\t\t\t\tdata-id=\"1\/2\/budapest_desszert2\"\n\t\t\t\t\tdata-index=\"1\">\n\t\t\t\t\t<img decoding=\"async\" src=\"https:\/\/www.startlap.hu\/vasarlas\/uploads\/2022\/09\/budapest_desszert2.jpg\" class=\"m-cegThumbList__image _ce_measure_link\" alt=\"Gianduj\u00e1s-alm\u00e1s s\u00fctem\u00e9ny lett id\u00e9n Budapest desszertje\" \/>\t\t\t\t<\/div>\n\t\t\t\t\t\t\t\t\t\t\t<div class=\"m-cegThumbList__item\"\n\t\t\t\t\tdata-id=\"1\/3\/budapest_desszert3\"\n\t\t\t\t\tdata-index=\"2\">\n\t\t\t\t\t<img decoding=\"async\" src=\"https:\/\/www.startlap.hu\/vasarlas\/uploads\/2022\/09\/budapest_desszert3.jpg\" class=\"m-cegThumbList__image _ce_measure_link\" alt=\"Gianduj\u00e1s-alm\u00e1s s\u00fctem\u00e9ny lett id\u00e9n Budapest desszertje\" \/>\t\t\t\t<\/div>\n\t\t\t\t\t\t\t\t\t<\/div>\n\t<\/div>\n\t<div class=\"m-cegLayer__sidebar m-cegSidebar _ce_measure_widget\" data-ce-measure-widget=\"gallery-sidebar\">\n\n\t\t<div class=\"m-cegSidebar__desc a-cegDesc _ce_measure_widget\" data-ce-measure-widget=\"gallery-desc\"><\/div>\n\n\t\t<div class=\"m-cegSidebar__socialCnt m-cegSocial -sidebar _ce_measure_widget\" data-ce-measure-widget=\"gallery-social\">\n\t\t\t<span class=\"m-cegSocial__text\">Fot\u00f3 megoszt\u00e1sa:<\/span><span class=\"m-cegSocial__iconWrap\"><span class=\"m-cegSocial__icon -facebook _ce_measure_link _ce_measure_widget\" data-ce-measure-widget=\"facebookGallery-btn\"><i class=\"fab fa-facebook-f\"><\/i><\/span><span class=\"m-cegSocial__icon -pinterest _ce_measure_link _ce_measure_widget\" data-ce-measure-widget=\"printeresGallery-btn\"><i class=\"fab fa-pinterest-p\"><\/i><\/span><span class=\"m-cegSocial__icon -email _ce_measure_link _ce_measure_widget\" data-ce-measure-widget=\"emailGallery-btn\"><i class=\"far fa-envelope\"><\/i><\/span><span class=\"m-cegSocial__icon -clipboard _ce_measure_link _ce_measure_widget\" data-ce-measure-widget=\"clipboardGallery-btn\"><i class=\"fa fa-link\"><\/i><\/span><\/span>\t\t<\/div>\n\n\t\t<div class=\"gallery-right010 banner-container\"><\/div>\n\t\t<div class=\"gallery-right020 banner-container\"><\/div>\n\n\t<\/div>\n<\/div>\n\t<\/div>\n\n\t<script>\n\t\tjQuery(function () {\n\t\t\tvar id = '#cegPostCnt_1';\n\t\t\tjQuery( id ).articleGallery({\n\t\t\t\tonChanged: function (event) {\n\t\t\t\t\t\tthis.renderSidebarCTS( 'gallery-right010' );\n\t\t\t\t\t\tthis.renderSidebarCTS( 'gallery-right020' );\n\t\t\t\t\t\tthis.renderBannerSlideCTS(  event,\n\t\t\t\t\t\t\t\t\t\t\t\t\t[\n\t\t\t\t\t\t\t\t\t\t\t\t\t\t'gallery-content010',\n\t\t\t\t\t\t\t\t\t\t\t\t\t\t'gallery-content020',\n\t\t\t\t\t\t\t\t\t\t\t\t\t\t'gallery-content030'\n\t\t\t\t\t\t\t\t\t\t\t\t\t]);\n\t\t\t\t}\n\t\t\t});\n\t\t});\n\t<\/script>\t\n<p>Mint hozz\u00e1tette azonban, a magyar cukr\u00e1szd\u00e1knak, \u00e9dess\u00e9g-manufakt\u00far\u00e1knak \u00f3ri\u00e1si k\u00e1rokat okozott a koronav\u00edrus-j\u00e1rv\u00e1ny, most pedig az alapanyagok \u00e1r\u00e1nak meredek emelked\u00e9se jelent sz\u00e1mukra komoly probl\u00e9m\u00e1t. Az \u00c9des Napok legfontosabb c\u00e9lja r\u00e9szben ez\u00e9rt az, hogy felh\u00edvja a figyelmet ezekre a k\u00e9zm\u0171ves m\u0171helyekre &#8211; jegyezte meg.<\/p>\n<p>A Cs\u00e9sze \u00e1ltal ki\u00edrt Budapest desszertje p\u00e1ly\u00e1zatr\u00f3l sz\u00f3lva Rebrus Csaba elmondta, hogy a nyertes s\u00fctem\u00e9ny hagyom\u00e1nyosan az \u00c9des Napokon k\u00f3stolhat\u00f3 el\u0151sz\u00f6r.<\/p>\n<h2>Alma \u00e9s mogyor\u00f3<\/h2>\n<p>A versenyben fontos szempont, hogy az \u00e9dess\u00e9g b\u00e1rki \u00e1ltal beszerezhet\u0151 alapanyagokb\u00f3l k\u00e9sz\u00fclj\u00f6n, amelyek eg\u00e9sz \u00e9vben el\u00e9rhet\u0151k. A k\u00e9t legfontosabb alapanyagot mindig az el\u0151z\u0151 gy\u0151ztes hat\u00e1rozhatja meg: id\u00e9n ez az alma \u00e9s a mogyor\u00f3 volt. A zs\u0171riz\u00e9s anonim m\u00f3don zajlott, a b\u00edr\u00e1l\u00f3k is csak a pontsz\u00e1mok \u00f6sszes\u00edt\u00e9se ut\u00e1n ismert\u00e9k meg a gy\u0151ztes szem\u00e9ly\u00e9t.<\/p>\n<p>Farkas Edina, a budapesti Veranda Cukim\u0171hely elmondta, a Budapest aranyalm\u00e1ja elnevez\u00e9s\u0171 s\u00fctem\u00e9ny egy linzer alapra helyezett mousse kocka. Ezt k\u00edv\u00fclr\u0151l r\u00e9szben gianduj\u00e1s tejcsokol\u00e1d\u00e9ba forgatott mogyor\u00f3 bor\u00edtja. Belsej\u00e9ben alm\u00e1s bet\u00e9t rejt\u0151zik, citrom curddel \u00e9s narancsos-k\u00e1v\u00e9s kr\u00e9mmel, mindezt pedig gianduj\u00e1s tejcsokol\u00e1d\u00e9 mousse veszi k\u00f6r\u00fcl.<\/p>\n<p>(MTI)<\/p>\n","protected":false},"excerpt":{"rendered":"<p>A versenyben fontos szempont, hogy az \u00e9dess\u00e9g b\u00e1rki \u00e1ltal beszerezhet\u0151 alapanyagokb\u00f3l k\u00e9sz\u00fclj\u00f6n, amelyek eg\u00e9sz \u00e9vben el\u00e9rhet\u0151k.<\/p>\n","protected":false},"author":20,"featured_media":2224805,"comment_status":"open","ping_status":"open","sticky":false,"template":"","format":"standard","meta":{"footnotes":""},"categories":[8180],"tags":[17761],"class_list":["post-2224784","post","type-post","status-publish","format-standard","has-post-thumbnail","hentry","category-trending","tag-budapest-desszertje-2022"],"aioseo_notices":[],"_links":{"self":[{"href":"https:\/\/www.startlap.hu\/vasarlas\/wp-json\/wp\/v2\/posts\/2224784","targetHints":{"allow":["GET"]}}],"collection":[{"href":"https:\/\/www.startlap.hu\/vasarlas\/wp-json\/wp\/v2\/posts"}],"about":[{"href":"https:\/\/www.startlap.hu\/vasarlas\/wp-json\/wp\/v2\/types\/post"}],"author":[{"embeddable":true,"href":"https:\/\/www.startlap.hu\/vasarlas\/wp-json\/wp\/v2\/users\/20"}],"replies":[{"embeddable":true,"href":"https:\/\/www.startlap.hu\/vasarlas\/wp-json\/wp\/v2\/comments?post=2224784"}],"version-history":[{"count":3,"href":"https:\/\/www.startlap.hu\/vasarlas\/wp-json\/wp\/v2\/posts\/2224784\/revisions"}],"predecessor-version":[{"id":2224807,"href":"https:\/\/www.startlap.hu\/vasarlas\/wp-json\/wp\/v2\/posts\/2224784\/revisions\/2224807"}],"wp:featuredmedia":[{"embeddable":true,"href":"https:\/\/www.startlap.hu\/vasarlas\/wp-json\/wp\/v2\/media\/2224805"}],"wp:attachment":[{"href":"https:\/\/www.startlap.hu\/vasarlas\/wp-json\/wp\/v2\/media?parent=2224784"}],"wp:term":[{"taxonomy":"category","embeddable":true,"href":"https:\/\/www.startlap.hu\/vasarlas\/wp-json\/wp\/v2\/categories?post=2224784"},{"taxonomy":"post_tag","embeddable":true,"href":"https:\/\/www.startlap.hu\/vasarlas\/wp-json\/wp\/v2\/tags?post=2224784"}],"curies":[{"name":"wp","href":"https:\/\/api.w.org\/{rel}","templated":true}]}}