{"id":2223349,"date":"2022-07-26T07:32:36","date_gmt":"2022-07-26T05:32:36","guid":{"rendered":"https:\/\/www.startlap.hu\/vasarlas\/?p=2223349"},"modified":"2022-07-27T11:50:38","modified_gmt":"2022-07-27T09:50:38","slug":"hamis-aru-ellenorzes-penzugyor","status":"publish","type":"post","link":"https:\/\/www.startlap.hu\/vasarlas\/hamis-aru-ellenorzes-penzugyor\/","title":{"rendered":"Rengeteg hamis term\u00e9ket foglaltak le a p\u00e9nz\u00fcgy\u0151r\u00f6k"},"content":{"rendered":"<p>A p\u00e9nz\u00fcgy\u0151r\u00f6k az M1-es aut\u00f3p\u00e1ly\u00e1n ellen\u0151riztek egy cseh furgont, \u00e9s a rakter\u00e9ben csaknem h\u00e9tezer, k\u00fcl\u00f6nf\u00e9le m\u00e1rk\u00e1j\u00fa ruh\u00e1t \u00e9s m\u00e1s term\u00e9ket &#8211; \u00f6veket, p\u00e9nzt\u00e1rc\u00e1kat \u00e9s napszem\u00fcvegeket &#8211; tal\u00e1ltak.<\/p>\n<figure id=\"attachment_2223350\" aria-describedby=\"caption-attachment-2223350\" style=\"width: 755px\" class=\"wp-caption alignnone\"><img loading=\"lazy\" decoding=\"async\" class=\"size-article-size-large-image wp-image-2223350\" src=\"https:\/\/www.startlap.hu\/vasarlas\/uploads\/2022\/07\/penzugyor-755x503.jpg\" alt=\"\" width=\"755\" height=\"503\" srcset=\"https:\/\/www.startlap.hu\/vasarlas\/uploads\/2022\/07\/penzugyor-755x503.jpg 755w, https:\/\/www.startlap.hu\/vasarlas\/uploads\/2022\/07\/penzugyor-525x350.jpg 525w, https:\/\/www.startlap.hu\/vasarlas\/uploads\/2022\/07\/penzugyor.jpg 800w\" sizes=\"auto, (max-width: 755px) 100vw, 755px\" \/><figcaption id=\"caption-attachment-2223350\" class=\"wp-caption-text\">MTI Fot\u00f3: Bal\u00e1zs Attila<br \/>&#8211; a k\u00e9p csak illusztr\u00e1ci\u00f3.<\/figcaption><\/figure>\n<p>Az el\u0151zetes szak\u00e9rt\u0151i v\u00e9lem\u00e9ny szerint valamennyi <a href=\"https:\/\/www.startlap.hu\/vasarlas\/veszelyes-hamisitvany-online-kereskedelem\/\" target=\"_blank\" rel=\"noopener noreferrer\"><strong>hamis\u00edtv\u00e1ny<\/strong><\/a>, amelyeket a v\u00e9djegy tulajdonos\u00e1nak enged\u00e9lye n\u00e9lk\u00fcl hoztak forgalomba.<\/p>\n<p>A rakom\u00e1nyt lefoglalt\u00e1k, \u00e9s az iparjogv\u00e9delmi jogok megs\u00e9rt\u00e9s\u00e9nek alapos gyan\u00faja miatt feljelent\u00e9st tettek &#8211; \u00edrt\u00e1k.<\/p>\n<div class=\"o-widget m-readMoreWidget -readMore u-shortDecorLineAfter row widget-container _ce_measure_widget bigdata-widget read-more\" data-ce-measure-widget=\"olvass tov\u00e1bb\">\n\t<div class=\"m-readMoreWidget__imgWrapper image-wrapper col-12 col-md-4 no-p\">\n\t\t<a class=\"m-readMoreWidget__imgLink\" href=\"https:\/\/www.startlap.hu\/vasarlas\/louis-vuitton-hamis-taska-designer-per\/\" >\n\t\t\t<img decoding=\"async\" src=\"https:\/\/www.startlap.hu\/vasarlas\/uploads\/2022\/06\/louis-vuittonn-taska-350x285.jpg\" class=\"m-readMoreWidget__img\">\n\t\t<\/a>\n\t<\/div>\n\t<div class=\"m-readMoreWidget__titleWrapper title-wrapper col-12 col-md-8\">\n\t\t<span class=\"m-readMoreWidget__titleLabel u-shortDecorLineBefore label hidden-sm-up\">Ez is \u00e9rdekelhet:<\/span>\n\t\t<h3 class=\"m-readMoreWidget__title title\">\n\t\t\t<a class=\"m-readMoreWidget__titleLink -secondFont u-bold u-upperCase\" href=\"https:\/\/www.startlap.hu\/vasarlas\/louis-vuitton-hamis-taska-designer-per\/\" >A Louis Vuitton tagadja, hogy hamis\u00edtott t\u00e1sk\u00e1t \u00e1rulna<\/a>\n\t\t<\/h3>\n\t\t<a class=\"m-readMoreWidget__btn -coloredBack u-tC link\" href=\"https:\/\/www.startlap.hu\/vasarlas\/louis-vuitton-hamis-taska-designer-per\/\" >Elolvasom<\/a>\n\t<\/div>\n<\/div>\n<p><span style=\"font-size: 12px\">(MTI)<\/span><\/p>\n","protected":false},"excerpt":{"rendered":"<p>T\u00f6bb mint 126 milli\u00f3 forint \u00e9rt\u00e9kben foglaltak le hamis\u00edtott ruh\u00e1zati term\u00e9keket Kom\u00e1rom-Esztergom megy\u00e9ben &#8211; t\u00e1j\u00e9koztatta a Nemzeti Ad\u00f3- \u00e9s V\u00e1mhivatal h\u00e9tf\u0151n<\/p>\n","protected":false},"author":20,"featured_media":2223350,"comment_status":"open","ping_status":"open","sticky":false,"template":"","format":"standard","meta":{"footnotes":""},"categories":[8180],"tags":[17574,15267,17573,305,4268],"class_list":["post-2223349","post","type-post","status-publish","format-standard","has-post-thumbnail","hentry","category-trending","tag-furgon","tag-hamis-aru","tag-hamis-termek","tag-nav","tag-penzugyor"],"aioseo_notices":[],"_links":{"self":[{"href":"https:\/\/www.startlap.hu\/vasarlas\/wp-json\/wp\/v2\/posts\/2223349","targetHints":{"allow":["GET"]}}],"collection":[{"href":"https:\/\/www.startlap.hu\/vasarlas\/wp-json\/wp\/v2\/posts"}],"about":[{"href":"https:\/\/www.startlap.hu\/vasarlas\/wp-json\/wp\/v2\/types\/post"}],"author":[{"embeddable":true,"href":"https:\/\/www.startlap.hu\/vasarlas\/wp-json\/wp\/v2\/users\/20"}],"replies":[{"embeddable":true,"href":"https:\/\/www.startlap.hu\/vasarlas\/wp-json\/wp\/v2\/comments?post=2223349"}],"version-history":[{"count":3,"href":"https:\/\/www.startlap.hu\/vasarlas\/wp-json\/wp\/v2\/posts\/2223349\/revisions"}],"predecessor-version":[{"id":2223375,"href":"https:\/\/www.startlap.hu\/vasarlas\/wp-json\/wp\/v2\/posts\/2223349\/revisions\/2223375"}],"wp:featuredmedia":[{"embeddable":true,"href":"https:\/\/www.startlap.hu\/vasarlas\/wp-json\/wp\/v2\/media\/2223350"}],"wp:attachment":[{"href":"https:\/\/www.startlap.hu\/vasarlas\/wp-json\/wp\/v2\/media?parent=2223349"}],"wp:term":[{"taxonomy":"category","embeddable":true,"href":"https:\/\/www.startlap.hu\/vasarlas\/wp-json\/wp\/v2\/categories?post=2223349"},{"taxonomy":"post_tag","embeddable":true,"href":"https:\/\/www.startlap.hu\/vasarlas\/wp-json\/wp\/v2\/tags?post=2223349"}],"curies":[{"name":"wp","href":"https:\/\/api.w.org\/{rel}","templated":true}]}}