{"id":2223188,"date":"2022-07-18T13:54:17","date_gmt":"2022-07-18T11:54:17","guid":{"rendered":"https:\/\/www.startlap.hu\/vasarlas\/?p=2223188"},"modified":"2022-07-18T13:54:17","modified_gmt":"2022-07-18T11:54:17","slug":"wolt-foodpanda-futar-katatuntetes","status":"publish","type":"post","link":"https:\/\/www.startlap.hu\/vasarlas\/wolt-foodpanda-futar-katatuntetes\/","title":{"rendered":"Wolt \u00e9s Foodpanda a katat\u00fcntet\u00e9sr\u0151l: meg\u00e9rtj\u00fck a fut\u00e1rokat"},"content":{"rendered":"<p>&#8222;Meg\u00e9rtj\u00fck a fut\u00e1r partnerek felh\u00e1borod\u00e1s\u00e1t, magunk is vizsg\u00e1ljuk annak lehet\u0151s\u00e9geit, hogy milyen megold\u00e1st tal\u00e1lhatunk a kata t\u00f6rv\u00e9ny m\u00f3dos\u00edt\u00e1sa miatt el\u0151\u00e1llt probl\u00e9m\u00e1ra&#8221; &#8211; v\u00e1laszolta a <strong>Wolt<\/strong> a <strong><a href=\"https:\/\/444.hu\/2022\/07\/18\/wolt-tiszteletben-tartjuk-a-futarok-velemenynyilvanitasi-szabadsagat\" target=\"_blank\">444.hu<\/a><\/strong> k\u00e9rd\u00e9s\u00e9re.<\/p>\n<p>Sabj\u00e1nyi L\u00e1szl\u00f3, a Wolt Magyarorsz\u00e1g \u00fcgyvezet\u0151 igazgat\u00f3ja szerint a Wolt is csak a k\u00f6z\u00f6ss\u00e9gi m\u00e9di\u00e1b\u00f3l \u00e9rtes\u00fclt, hogy a fut\u00e1rok <strong><a href=\"https:\/\/www.startlap.hu\/kiemelt-hirek\/katatuntetes-a-belvarosban-vonulnak-a-tuntetok\/\">demonstr\u00e1ci\u00f3t<\/a><\/strong> szerveznek h\u00e9tf\u0151re. &#8222;A Wolt tiszteletben tartja a fut\u00e1r partnerek f\u00fcggetlens\u00e9g\u00e9t \u00e9s v\u00e9lem\u00e9nynyilv\u00e1n\u00edt\u00e1si szabads\u00e1g\u00e1t, \u00edgy nem korl\u00e1tozza vagy tiltja a fut\u00e1r partnerek sz\u00e1m\u00e1ra a demonstr\u00e1ci\u00f3kon val\u00f3 r\u00e9szv\u00e9telt, ugyanakkor nem is buzd\u00edtja \u0151ket erre&#8221; &#8211; tette hozz\u00e1.<\/p>\n<figure id=\"attachment_2223189\" aria-describedby=\"caption-attachment-2223189\" style=\"width: 755px\" class=\"wp-caption alignnone\"><img loading=\"lazy\" decoding=\"async\" class=\"size-article-size-large-image wp-image-2223189\" src=\"https:\/\/www.startlap.hu\/vasarlas\/uploads\/2022\/07\/wolt_foodpanda-755x502.jpg\" alt=\"Fut\u00e1rok t\u00fcntetnek a katat\u00f6rv\u00e9ny ellen\" width=\"755\" height=\"502\" srcset=\"https:\/\/www.startlap.hu\/vasarlas\/uploads\/2022\/07\/wolt_foodpanda-755x502.jpg 755w, https:\/\/www.startlap.hu\/vasarlas\/uploads\/2022\/07\/wolt_foodpanda-250x165.jpg 250w, https:\/\/www.startlap.hu\/vasarlas\/uploads\/2022\/07\/wolt_foodpanda-526x350.jpg 526w, https:\/\/www.startlap.hu\/vasarlas\/uploads\/2022\/07\/wolt_foodpanda.jpg 1024w\" sizes=\"auto, (max-width: 755px) 100vw, 755px\" \/><figcaption id=\"caption-attachment-2223189\" class=\"wp-caption-text\">Fot\u00f3: Kisbenedek Attila \/ AFP<\/figcaption><\/figure>\n<p>A <strong>Foodpanda<\/strong> is azt jelezte a 444 megkeres\u00e9s\u00e9re, hogy fut\u00e1rai saj\u00e1t d\u00f6nt\u00e9s\u00fck alapj\u00e1n vesznek r\u00e9szt a t\u00fcntet\u00e9seken, a c\u00e9g nem szervez fut\u00e1rokat a demonstr\u00e1ci\u00f3ra.&#8221;A foodpand\u00e1val szerz\u0151d\u00e9sben \u00e1ll\u00f3 fut\u00e1rpartnereink nagy t\u00f6bbs\u00e9ge KATA-s egy\u00e9ni v\u00e1llalkoz\u00f3, ez\u00e9rt a foodpanda is szorosan k\u00f6vette \u00e9s jelenleg is k\u00f6veti az \u00faj KATA-t\u00f6rv\u00e9nnyel kapcsolatos fejlem\u00e9nyeket. Meg\u00e9rtj\u00fck minden KATA-s ad\u00f3z\u00f3, \u00edgy a fut\u00e1rpartnereink frusztr\u00e1ci\u00f3j\u00e1t \u00e9s aggodalm\u00e1t is a j\u00f6v\u0151vel kapcsolatban, ak\u00e1r vid\u00e9ken \u00e9lnek, ak\u00e1r a f\u0151v\u00e1rosban&#8221; &#8211; v\u00e1laszolta a c\u00e9g.&nbsp;<\/p>\n<p>A Wolt oper\u00e1ci\u00f3 zavartalanul m\u0171k\u00f6d\u00f6tt tov\u00e1bb a t\u00fcntet\u00e9s ideje alatt is az \u00e9telkisz\u00e1ll\u00edt\u00f3 c\u00e9g nyilatkozata szerint, \u00e9s a Foodpanda is azt \u00edrta, hogy a demonstr\u00e1ci\u00f3k nem okoznak fennakad\u00e1st a kisz\u00e1ll\u00edt\u00e1sban.<\/p>\n<div class=\"o-widget m-readMoreWidget -readMore u-shortDecorLineAfter row widget-container _ce_measure_widget bigdata-widget read-more\" data-ce-measure-widget=\"olvass tov\u00e1bb\">\n\t<div class=\"m-readMoreWidget__imgWrapper image-wrapper col-12 col-md-4 no-p\">\n\t\t<a class=\"m-readMoreWidget__imgLink\" href=\"https:\/\/www.startlap.hu\/vasarlas\/wolt-foodpanda-katatorveny-etelfutar\/\" >\n\t\t\t<img decoding=\"async\" src=\"https:\/\/www.startlap.hu\/vasarlas\/uploads\/2022\/07\/etelfutar-350x285.jpg\" class=\"m-readMoreWidget__img\">\n\t\t<\/a>\n\t<\/div>\n\t<div class=\"m-readMoreWidget__titleWrapper title-wrapper col-12 col-md-8\">\n\t\t<span class=\"m-readMoreWidget__titleLabel u-shortDecorLineBefore label hidden-sm-up\">Ez is \u00e9rdekelhet:<\/span>\n\t\t<h3 class=\"m-readMoreWidget__title title\">\n\t\t\t<a class=\"m-readMoreWidget__titleLink -secondFont u-bold u-upperCase\" href=\"https:\/\/www.startlap.hu\/vasarlas\/wolt-foodpanda-katatorveny-etelfutar\/\" >V\u00e1ratlanul \u00e9rte a Woltot \u00e9s a Foodpand\u00e1t a kata-t\u00f6rv\u00e9ny, nem tudni, mi lesz az \u00e9telfut\u00e1rokkal<\/a>\n\t\t<\/h3>\n\t\t<a class=\"m-readMoreWidget__btn -coloredBack u-tC link\" href=\"https:\/\/www.startlap.hu\/vasarlas\/wolt-foodpanda-katatorveny-etelfutar\/\" >Elolvasom<\/a>\n\t<\/div>\n<\/div>\n","protected":false},"excerpt":{"rendered":"<p>A k\u00e9t nagy \u00e9telkisz\u00e1ll\u00edt\u00f3 c\u00e9g reag\u00e1lt arra, hogy a biciklis \u00e9s motoros fut\u00e1rok a kat\u00e1r\u00f3l sz\u00f3l\u00f3 t\u00f6rv\u00e9ny szigor\u00edt\u00e1sa miatt kit\u00f6rt t\u00fcntet\u00e9sek vezet\u0151iv\u00e9 v\u00e1ltak. <\/p>\n","protected":false},"author":20,"featured_media":2223189,"comment_status":"open","ping_status":"open","sticky":false,"template":"","format":"standard","meta":{"footnotes":""},"categories":[8180],"tags":[15702,17558,15208],"class_list":["post-2223188","post","type-post","status-publish","format-standard","has-post-thumbnail","hentry","category-trending","tag-foodpanda","tag-katatorveny","tag-wolt"],"aioseo_notices":[],"_links":{"self":[{"href":"https:\/\/www.startlap.hu\/vasarlas\/wp-json\/wp\/v2\/posts\/2223188","targetHints":{"allow":["GET"]}}],"collection":[{"href":"https:\/\/www.startlap.hu\/vasarlas\/wp-json\/wp\/v2\/posts"}],"about":[{"href":"https:\/\/www.startlap.hu\/vasarlas\/wp-json\/wp\/v2\/types\/post"}],"author":[{"embeddable":true,"href":"https:\/\/www.startlap.hu\/vasarlas\/wp-json\/wp\/v2\/users\/20"}],"replies":[{"embeddable":true,"href":"https:\/\/www.startlap.hu\/vasarlas\/wp-json\/wp\/v2\/comments?post=2223188"}],"version-history":[{"count":1,"href":"https:\/\/www.startlap.hu\/vasarlas\/wp-json\/wp\/v2\/posts\/2223188\/revisions"}],"predecessor-version":[{"id":2223190,"href":"https:\/\/www.startlap.hu\/vasarlas\/wp-json\/wp\/v2\/posts\/2223188\/revisions\/2223190"}],"wp:featuredmedia":[{"embeddable":true,"href":"https:\/\/www.startlap.hu\/vasarlas\/wp-json\/wp\/v2\/media\/2223189"}],"wp:attachment":[{"href":"https:\/\/www.startlap.hu\/vasarlas\/wp-json\/wp\/v2\/media?parent=2223188"}],"wp:term":[{"taxonomy":"category","embeddable":true,"href":"https:\/\/www.startlap.hu\/vasarlas\/wp-json\/wp\/v2\/categories?post=2223188"},{"taxonomy":"post_tag","embeddable":true,"href":"https:\/\/www.startlap.hu\/vasarlas\/wp-json\/wp\/v2\/tags?post=2223188"}],"curies":[{"name":"wp","href":"https:\/\/api.w.org\/{rel}","templated":true}]}}