{"id":2223006,"date":"2022-07-13T10:18:10","date_gmt":"2022-07-13T08:18:10","guid":{"rendered":"https:\/\/www.startlap.hu\/vasarlas\/?p=2223006"},"modified":"2022-07-13T13:39:45","modified_gmt":"2022-07-13T11:39:45","slug":"wolt-foodpanda-katatorveny-etelfutar","status":"publish","type":"post","link":"https:\/\/www.startlap.hu\/vasarlas\/wolt-foodpanda-katatorveny-etelfutar\/","title":{"rendered":"V\u00e1ratlanul \u00e9rte a Woltot \u00e9s a Foodpand\u00e1t a kata-t\u00f6rv\u00e9ny, nem tudni, mi lesz az \u00e9telfut\u00e1rokkal"},"content":{"rendered":"<p>Az <a href=\"https:\/\/www.startlap.hu\/vasarlas\/wolt-foodpanda-futar-kerekpar-fizetes\/\" target=\"_blank\" rel=\"noopener noreferrer\"><strong>\u00e9telfut\u00e1rok<\/strong><\/a> jelent\u0151s r\u00e9sze kat\u00e1s egy\u00e9ni v\u00e1llalkoz\u00f3, aki a c\u00e9gnek sz\u00e1ml\u00e1z. A m\u00f3dos\u00edt\u00e1s ut\u00e1n azonban szeptembert\u0151l csak mag\u00e1nszem\u00e9lyeknek dolgozhatnak majd a kat\u00e1sok, \u00edgy egyel\u0151re bizonytalan, hogy mik\u00e9nt fogj\u00e1k tudni \u0151ket foglalkoztatni \u2013 \u00edrja a <a href=\"https:\/\/telex.hu\/gazdasag\/2022\/07\/12\/wolt-foodpanda-tuntetes-margit-hid-katatorveny\" target=\"_blank\" target=\"_blank\" rel=\"noopener noreferrer\"><strong>Telex<\/strong><\/a>.<\/p>\n<p>A Woltn\u00e1l jelenleg vizsg\u00e1lj\u00e1k, hogy milyen lehet\u0151s\u00e9geik vannak. Nem sz\u00e1m\u00edtottak ilyen v\u00e1ltoz\u00e1sokra, f\u0151leg nem ennyire hirtelen.<\/p>\n<figure id=\"attachment_2223033\" aria-describedby=\"caption-attachment-2223033\" style=\"width: 755px\" class=\"wp-caption alignnone\"><img loading=\"lazy\" decoding=\"async\" class=\"size-article-size-large-image wp-image-2223033\" src=\"https:\/\/www.startlap.hu\/vasarlas\/uploads\/2022\/07\/etelfutar-755x502.jpg\" alt=\"Wolt \u00e9s Foodpanda fut\u00e1rok a katat\u00f6rv\u00e9ny elleni t\u00fcntet\u00e9sen\" width=\"755\" height=\"502\" srcset=\"https:\/\/www.startlap.hu\/vasarlas\/uploads\/2022\/07\/etelfutar-755x502.jpg 755w, https:\/\/www.startlap.hu\/vasarlas\/uploads\/2022\/07\/etelfutar-250x165.jpg 250w, https:\/\/www.startlap.hu\/vasarlas\/uploads\/2022\/07\/etelfutar-526x350.jpg 526w, https:\/\/www.startlap.hu\/vasarlas\/uploads\/2022\/07\/etelfutar.jpg 1024w\" sizes=\"auto, (max-width: 755px) 100vw, 755px\" \/><figcaption id=\"caption-attachment-2223033\" class=\"wp-caption-text\">Fot\u00f3: AFP\/Kisbenedek Attila<\/figcaption><\/figure>\n<p>Hozz\u00e1tett\u00e9k, hogy b\u00e1r rengeteg fut\u00e1rjuk volt ott a keddi t\u00fcntet\u00e9sen, v\u00e1laszuk szerint ez nem okozott fennakad\u00e1st a szolg\u00e1ltat\u00e1sukban, mert<\/p>\n<blockquote class=\"article__extraTxt\"><p>\u201ea Wolt szolg\u00e1ltat\u00e1si platformja nem el\u0151zetes beoszt\u00e1s szerint rendeli a fut\u00e1r partnerekhez a feladatot, a fut\u00e1r partnerek maguk d\u00f6nthetik el, mikor dolgoznak \u00e9s mikor tartanak pihen\u0151t.\u201d<\/p><\/blockquote>\n<p>A Wolt semmilyen form\u00e1ban nem \u00f6szt\u00f6n\u00f6zte a munkat\u00e1rsait a demonstr\u00e1ci\u00f3ra.<\/p>\n<p>A Foodpanda is k\u00f6vette az \u00faj katat\u00f6rv\u00e9nnyel kapcsolatos fejlem\u00e9nyeket.<\/p>\n<blockquote class=\"article__extraTxt\"><p>\u201eJelenleg \u00e9rt\u00e9kelj\u00fck a kialakult helyzetet, a lehet\u0151s\u00e9geket, az esetleges v\u00e1ltoz\u00e1sokat pedig el\u0151sz\u00f6r fut\u00e1rpartnereink fel\u00e9 fogjuk majd kommunik\u00e1lni\u201d<\/p><\/blockquote>\n<p>\u2013 \u00edrt\u00e1k a c\u00e9gt\u0151l a Telexnek. A t\u00fcntet\u00e9s n\u00e1luk sem okozott fennakad\u00e1st, valamint a Foodpanda fut\u00e1rjai is saj\u00e1t d\u00f6nt\u00e9sb\u0151l vettek r\u00e9szt a t\u00fcntet\u00e9sen.<\/p>\n<p>A t\u00f6rv\u00e9nym\u00f3dos\u00edt\u00e1s ellen szakmai \u00e9s civil szervezetek sora tiltakozik, de m\u00e9g az Ipartest\u00fcletek Orsz\u00e1gos Sz\u00f6vets\u00e9g\u00e9nek eln\u00f6ke is azt mondja: az \u00faj t\u00f6rv\u00e9nnyel a kat\u00e1sok 80 sz\u00e1zal\u00e9ka el fog t\u0171nni.<\/p>\n<div class=\"o-widget m-readMoreWidget -readMore u-shortDecorLineAfter row widget-container _ce_measure_widget bigdata-widget read-more\" data-ce-measure-widget=\"olvass tov\u00e1bb\">\n\t<div class=\"m-readMoreWidget__imgWrapper image-wrapper col-12 col-md-4 no-p\">\n\t\t<a class=\"m-readMoreWidget__imgLink\" href=\"https:\/\/www.startlap.hu\/vasarlas\/csemegekukorica-akcio-tesco-aldi-lidl-penny\/\" >\n\t\t\t<img decoding=\"async\" src=\"https:\/\/www.startlap.hu\/vasarlas\/uploads\/2022\/07\/kukorica-350x285.jpg\" class=\"m-readMoreWidget__img\">\n\t\t<\/a>\n\t<\/div>\n\t<div class=\"m-readMoreWidget__titleWrapper title-wrapper col-12 col-md-8\">\n\t\t<span class=\"m-readMoreWidget__titleLabel u-shortDecorLineBefore label hidden-sm-up\">Ez is \u00e9rdekelhet:<\/span>\n\t\t<h3 class=\"m-readMoreWidget__title title\">\n\t\t\t<a class=\"m-readMoreWidget__titleLink -secondFont u-bold u-upperCase\" href=\"https:\/\/www.startlap.hu\/vasarlas\/csemegekukorica-akcio-tesco-aldi-lidl-penny\/\" >A boltok m\u00e1r akci\u00f3zz\u00e1k a csemegekukoric\u00e1t<\/a>\n\t\t<\/h3>\n\t\t<a class=\"m-readMoreWidget__btn -coloredBack u-tC link\" href=\"https:\/\/www.startlap.hu\/vasarlas\/csemegekukorica-akcio-tesco-aldi-lidl-penny\/\" >Elolvasom<\/a>\n\t<\/div>\n<\/div>\n","protected":false},"excerpt":{"rendered":"<p>T\u00f6bb ezren t\u00fcntettek Budapesten a kata \u00e1talak\u00edt\u00e1sa ellen. K\u00f6zt\u00fck rengeteg biciklis fut\u00e1r akadt, \u0151ket a Wolt \u00e9s a Foodpanda foglalkoztatja. Erre a v\u00e1ltoz\u00e1sra nem sz\u00e1m\u00edtottak a c\u00e9gek, \u00edgy most keresik a megold\u00e1st.<\/p>\n","protected":false},"author":56,"featured_media":2223033,"comment_status":"open","ping_status":"open","sticky":false,"template":"","format":"standard","meta":{"footnotes":""},"categories":[8180],"tags":[88,17530,15702,14670,1231,15208],"class_list":["post-2223006","post","type-post","status-publish","format-standard","has-post-thumbnail","hentry","category-trending","tag-budapest","tag-etelfutarok","tag-foodpanda","tag-kata","tag-tuntetes","tag-wolt"],"aioseo_notices":[],"_links":{"self":[{"href":"https:\/\/www.startlap.hu\/vasarlas\/wp-json\/wp\/v2\/posts\/2223006","targetHints":{"allow":["GET"]}}],"collection":[{"href":"https:\/\/www.startlap.hu\/vasarlas\/wp-json\/wp\/v2\/posts"}],"about":[{"href":"https:\/\/www.startlap.hu\/vasarlas\/wp-json\/wp\/v2\/types\/post"}],"author":[{"embeddable":true,"href":"https:\/\/www.startlap.hu\/vasarlas\/wp-json\/wp\/v2\/users\/56"}],"replies":[{"embeddable":true,"href":"https:\/\/www.startlap.hu\/vasarlas\/wp-json\/wp\/v2\/comments?post=2223006"}],"version-history":[{"count":8,"href":"https:\/\/www.startlap.hu\/vasarlas\/wp-json\/wp\/v2\/posts\/2223006\/revisions"}],"predecessor-version":[{"id":2223045,"href":"https:\/\/www.startlap.hu\/vasarlas\/wp-json\/wp\/v2\/posts\/2223006\/revisions\/2223045"}],"wp:featuredmedia":[{"embeddable":true,"href":"https:\/\/www.startlap.hu\/vasarlas\/wp-json\/wp\/v2\/media\/2223033"}],"wp:attachment":[{"href":"https:\/\/www.startlap.hu\/vasarlas\/wp-json\/wp\/v2\/media?parent=2223006"}],"wp:term":[{"taxonomy":"category","embeddable":true,"href":"https:\/\/www.startlap.hu\/vasarlas\/wp-json\/wp\/v2\/categories?post=2223006"},{"taxonomy":"post_tag","embeddable":true,"href":"https:\/\/www.startlap.hu\/vasarlas\/wp-json\/wp\/v2\/tags?post=2223006"}],"curies":[{"name":"wp","href":"https:\/\/api.w.org\/{rel}","templated":true}]}}