{"id":2222138,"date":"2022-06-17T10:54:38","date_gmt":"2022-06-17T08:54:38","guid":{"rendered":"https:\/\/www.startlap.hu\/vasarlas\/?p=2222138"},"modified":"2022-06-17T10:54:52","modified_gmt":"2022-06-17T08:54:52","slug":"amazon-europa-online-vasarlas","status":"publish","type":"post","link":"https:\/\/www.startlap.hu\/vasarlas\/amazon-europa-online-vasarlas\/","title":{"rendered":"Eur\u00f3p\u00e1ban is el\u00e9rhet\u0151ek lesznek az Amazon luxusruh\u00e1i"},"content":{"rendered":"<p>A szolg\u00e1ltat\u00e1s k\u00e9t \u00e9ve jelent meg az Egyes\u00fclt \u00c1llamokban, mostant\u00f3l pedig az Egyes\u00fclt Kir\u00e1lys\u00e1gban, N\u00e9metorsz\u00e1gban, Spanyolorsz\u00e1gban, Olaszorsz\u00e1gban \u00e9s Franciaorsz\u00e1gban lesz el\u00e9rhet\u0151 &#8211; \u00edrja a <a href=\"https:\/\/kosarertek.hu\/piac\/europaba-is-megerkezik-az-amazon-luxusruha-uzletaga\/\" target=\"_blank\" target=\"_blank\" rel=\"noopener noreferrer\">Kos\u00e1r\u00e9rt\u00e9k<\/a>.&nbsp;<\/p>\n<figure id=\"attachment_2222140\" aria-describedby=\"caption-attachment-2222140\" style=\"width: 755px\" class=\"wp-caption alignnone\"><img loading=\"lazy\" decoding=\"async\" class=\"size-article-size-large-image wp-image-2222140\" src=\"https:\/\/www.startlap.hu\/vasarlas\/uploads\/2022\/06\/amazon-755x504.jpg\" alt=\"Amazon app.\" width=\"755\" height=\"504\" srcset=\"https:\/\/www.startlap.hu\/vasarlas\/uploads\/2022\/06\/amazon-755x504.jpg 755w, https:\/\/www.startlap.hu\/vasarlas\/uploads\/2022\/06\/amazon-525x350.jpg 525w, https:\/\/www.startlap.hu\/vasarlas\/uploads\/2022\/06\/amazon.jpg 1024w\" sizes=\"auto, (max-width: 755px) 100vw, 755px\" \/><figcaption id=\"caption-attachment-2222140\" class=\"wp-caption-text\">Forr\u00e1s: Getty Images<\/figcaption><\/figure>\n<p>Az eur\u00f3paiak ezzel t\u00f6bb <a href=\"https:\/\/www.startlap.hu\/vasarlas\/oroszorszag-luxusmarka-ukrajna-haboru-bezaras-kivonulas\/\" target=\"_blank\" rel=\"noopener noreferrer\"><strong>luxusm\u00e1rk\u00e1hoz<\/strong><\/a> is hozz\u00e1f\u00e9rhetnek, k\u00f6zt\u00fck van Christopher Kane, a Dundas, az Elie Saab, a Mira Mikati, a Rianna+Nina, a Bogliogi, a Jonathan Cohen \u00e9s az Altazurra, a j\u00f6v\u0151ben pedig tov\u00e1bbiak ker\u00fclnek majd bevezet\u00e9sre. A kollekci\u00f3kat maguk a m\u00e1rk\u00e1k \u00e9rt\u00e9kes\u00edtik, m\u00edg a sz\u00e1ll\u00edt\u00e1sr\u00f3l az Amazon gondoskodik.<\/p>\n<blockquote><p>A divat egy olyan ter\u00fclet, ahol folyamatosan \u00faj\u00edtunk \u00e9s \u00faj aj\u00e1nlatokat tal\u00e1lunk ki, \u00e9s mindig keress\u00fck a m\u00f3dj\u00e1t, hogy a divatszeret\u0151 v\u00e1s\u00e1rl\u00f3inknak a kedvenc m\u00e1rk\u00e1ikat, \u00e9s a st\u00edlusuknak megfelel\u0151 term\u00e9keket k\u00edn\u00e1lhassuk<\/p><\/blockquote>\n<p>\u2013 mondta el Ruth Diaz, az Amazon Fashion Europe aleln\u00f6ke.<\/p>\n<p>Az Amazon egy\u00e9b ter\u00fcleteken is fejl\u0151dni akar, hamarosan meg akarja dupl\u00e1zni az egynapos kisz\u00e1ll\u00edt\u00e1sok sz\u00e1m\u00e1t, amivel m\u00e9g ink\u00e1bb cs\u00f6kkenten\u00e9 a k\u00fcl\u00f6nbs\u00e9get a hagyom\u00e1nyos szem\u00e9lyes v\u00e1s\u00e1rl\u00e1s \u00e9s az online rendel\u00e9sek k\u00f6z\u00f6tt, illetve a hirdet\u00e9si piacb\u00f3l is egyre nagyobb szeletet has\u00edtan\u00e1nak ki maguknak.<\/p>\n<div class=\"o-widget m-readMoreWidget -readMore u-shortDecorLineAfter row widget-container _ce_measure_widget bigdata-widget read-more\" data-ce-measure-widget=\"olvass tov\u00e1bb\">\n\t<div class=\"m-readMoreWidget__imgWrapper image-wrapper col-12 col-md-4 no-p\">\n\t\t<a class=\"m-readMoreWidget__imgLink\" href=\"https:\/\/www.startlap.hu\/vasarlas\/amazon-alapber-prime-elofizetes\/\" >\n\t\t\t<img decoding=\"async\" src=\"https:\/\/www.startlap.hu\/vasarlas\/uploads\/2022\/02\/amazon-350x285.jpg\" class=\"m-readMoreWidget__img\">\n\t\t<\/a>\n\t<\/div>\n\t<div class=\"m-readMoreWidget__titleWrapper title-wrapper col-12 col-md-8\">\n\t\t<span class=\"m-readMoreWidget__titleLabel u-shortDecorLineBefore label hidden-sm-up\">Ez is \u00e9rdekelhet:<\/span>\n\t\t<h3 class=\"m-readMoreWidget__title title\">\n\t\t\t<a class=\"m-readMoreWidget__titleLink -secondFont u-bold u-upperCase\" href=\"https:\/\/www.startlap.hu\/vasarlas\/amazon-alapber-prime-elofizetes\/\" >Dupl\u00e1zza a maxim\u00e1lisan kiadhat\u00f3 alapb\u00e9rt \u00e9s \u00e1rat is emel az Amazon<\/a>\n\t\t<\/h3>\n\t\t<a class=\"m-readMoreWidget__btn -coloredBack u-tC link\" href=\"https:\/\/www.startlap.hu\/vasarlas\/amazon-alapber-prime-elofizetes\/\" >Elolvasom<\/a>\n\t<\/div>\n<\/div>\n","protected":false},"excerpt":{"rendered":"<p>\u00d6t eur\u00f3pai orsz\u00e1gban ind\u00edtja \u00fatj\u00e1ra az Amazon a Fashion Luxury Stores-t. Magyarorsz\u00e1g m\u00e9g nincs ezen a list\u00e1n.<\/p>\n","protected":false},"author":56,"featured_media":2222140,"comment_status":"open","ping_status":"open","sticky":false,"template":"","format":"standard","meta":{"footnotes":""},"categories":[8180],"tags":[7087,17426,2076,17376,6592],"class_list":["post-2222138","post","type-post","status-publish","format-standard","has-post-thumbnail","hentry","category-trending","tag-amazon","tag-amazon-fashion-luxury-stores","tag-europa","tag-luxusmarkak","tag-online-vasarlas"],"aioseo_notices":[],"_links":{"self":[{"href":"https:\/\/www.startlap.hu\/vasarlas\/wp-json\/wp\/v2\/posts\/2222138","targetHints":{"allow":["GET"]}}],"collection":[{"href":"https:\/\/www.startlap.hu\/vasarlas\/wp-json\/wp\/v2\/posts"}],"about":[{"href":"https:\/\/www.startlap.hu\/vasarlas\/wp-json\/wp\/v2\/types\/post"}],"author":[{"embeddable":true,"href":"https:\/\/www.startlap.hu\/vasarlas\/wp-json\/wp\/v2\/users\/56"}],"replies":[{"embeddable":true,"href":"https:\/\/www.startlap.hu\/vasarlas\/wp-json\/wp\/v2\/comments?post=2222138"}],"version-history":[{"count":6,"href":"https:\/\/www.startlap.hu\/vasarlas\/wp-json\/wp\/v2\/posts\/2222138\/revisions"}],"predecessor-version":[{"id":2222151,"href":"https:\/\/www.startlap.hu\/vasarlas\/wp-json\/wp\/v2\/posts\/2222138\/revisions\/2222151"}],"wp:featuredmedia":[{"embeddable":true,"href":"https:\/\/www.startlap.hu\/vasarlas\/wp-json\/wp\/v2\/media\/2222140"}],"wp:attachment":[{"href":"https:\/\/www.startlap.hu\/vasarlas\/wp-json\/wp\/v2\/media?parent=2222138"}],"wp:term":[{"taxonomy":"category","embeddable":true,"href":"https:\/\/www.startlap.hu\/vasarlas\/wp-json\/wp\/v2\/categories?post=2222138"},{"taxonomy":"post_tag","embeddable":true,"href":"https:\/\/www.startlap.hu\/vasarlas\/wp-json\/wp\/v2\/tags?post=2222138"}],"curies":[{"name":"wp","href":"https:\/\/api.w.org\/{rel}","templated":true}]}}