{"id":2220378,"date":"2022-04-21T09:43:48","date_gmt":"2022-04-21T07:43:48","guid":{"rendered":"https:\/\/www.startlap.hu\/vasarlas\/?p=2220378"},"modified":"2022-04-21T09:43:48","modified_gmt":"2022-04-21T07:43:48","slug":"unios-oltalom-herendi-porcelan","status":"publish","type":"post","link":"https:\/\/www.startlap.hu\/vasarlas\/unios-oltalom-herendi-porcelan\/","title":{"rendered":"Uni\u00f3s oltalmat kaphat a herendi porcel\u00e1n"},"content":{"rendered":"<p>A vil\u00e1gszerte elismert k\u00e9zm\u0171vesipari term\u00e9kek eset\u00e9ben uni\u00f3s f\u00f6ldrajzi \u00e1rujelz\u0151 oltalom ig\u00e9nyl\u00e9s\u00e9re eddig nem volt lehet\u0151s\u00e9g, \u00edgy a gy\u00e1rt\u00f3k nem tudj\u00e1k uni\u00f3s szinten igazolni a term\u00e9kek min\u0151s\u00e9ge \u00e9s sz\u00e1rmaz\u00e1sa k\u00f6z\u00f6tti kapcsolatot &#8211; k\u00f6z\u00f6lte a Szellemi Tulajdon Nemzeti Hivatala szerd\u00e1n.<\/p>\n<p>Mint \u00edrt\u00e1k, a borokra, szeszes italokra \u00e9s mez\u0151gazdas\u00e1gi term\u00e9kekre vonatkoz\u00f3 f\u00f6ldrajzi \u00e1rujelz\u0151k rendszer\u00e9nek siker\u00e9re \u00e9p\u00edtve az Eur\u00f3pai Uni\u00f3 Bizotts\u00e1ga k\u00f6zz\u00e9tette a k\u00e9zm\u0171ves \u00e9s ipari term\u00e9kek f\u00f6ldrajzi jelz\u00e9seir\u0151l sz\u00f3l\u00f3 rendeletjavaslat\u00e1t.<\/p>\n<p>A javaslat lehet\u0151v\u00e9 tenn\u00e9 a r\u00e9gi\u00f3jukhoz \u00e9s hagyom\u00e1nyos szaktud\u00e1sukhoz kapcsol\u00f3d\u00f3 k\u00e9zm\u0171ves \u00e9s ipari term\u00e9kek el\u0151\u00e1ll\u00edt\u00f3inak, hogy eur\u00f3pai f\u00f6ldrajzi\u00e1rujelz\u0151-oltalmat kaphassanak.<\/p>\n<p><em>&#8222;Az <a href=\"https:\/\/www.startlap.hu\/vasarlas\/unios-oltalom-gyor-moson-sopron-megyei-csemege-sajt\/\" target=\"_blank\" rel=\"noopener noreferrer\"><strong>Eur\u00f3pai Uni\u00f3<\/strong><\/a> nem akar lemaradni a szellemitulajdon-v\u00e9delmi versenyben, amelynek K\u00edna \u00e9s az Egyes\u00fclt \u00c1llamok az \u00e9llovasai. Br\u00fcsszelben egyre t\u00f6bb olyan int\u00e9zked\u00e9st hoznak, amellyel az uni\u00f3s tag\u00e1llamok v\u00e1llalkoz\u00e1sainak seg\u00edtenek a saj\u00e1t m\u00e1rk\u00e1ik oltalmaz\u00e1s\u00e1ban&#8221;<\/em>&nbsp;&#8211; ennek egyik \u00fajabb \u00e1llom\u00e1sa lehet az uni\u00f3s f\u00f6ldrajzi \u00e1rujelz\u0151k bevezet\u00e9se.<\/p>\n<figure id=\"attachment_2220379\" aria-describedby=\"caption-attachment-2220379\" style=\"width: 755px\" class=\"wp-caption alignnone\"><img loading=\"lazy\" decoding=\"async\" class=\"size-article-size-large-image wp-image-2220379\" src=\"https:\/\/www.startlap.hu\/vasarlas\/uploads\/2022\/04\/herendi_porcelan-755x503.jpg\" alt=\"\" width=\"755\" height=\"503\" srcset=\"https:\/\/www.startlap.hu\/vasarlas\/uploads\/2022\/04\/herendi_porcelan-755x503.jpg 755w, https:\/\/www.startlap.hu\/vasarlas\/uploads\/2022\/04\/herendi_porcelan-525x350.jpg 525w, https:\/\/www.startlap.hu\/vasarlas\/uploads\/2022\/04\/herendi_porcelan.jpg 800w\" sizes=\"auto, (max-width: 755px) 100vw, 755px\" \/><figcaption id=\"caption-attachment-2220379\" class=\"wp-caption-text\">Fot\u00f3: MTI\/Mohai Bal\u00e1zs<\/figcaption><\/figure>\n<p><em>&#8222;B\u00edzom abban, hogy a nemzetk\u00f6zi, valamint hazai gazdas\u00e1gi \u00f6szt\u00f6nz\u0151k egyre t\u00f6bb magyar c\u00e9get sarkallnak szellemi tulajdonuk tudatosabb v\u00e9delm\u00e9re, amellyel m\u00e9g nagyobb versenyel\u0151nyt \u00e9s gazdas\u00e1gi hasznot szerezhetnek&#8221;<\/em> &#8211; id\u00e9zte Pom\u00e1zi Gyul\u00e1t, a Szellemi Tulajdon Nemzeti Hivatal eln\u00f6k\u00e9t a k\u00f6zlem\u00e9ny.<\/p>\n<p>A javaslat elfogad\u00e1sa eset\u00e9n a fogyaszt\u00f3k k\u00f6nnyebben tudj\u00e1k azonos\u00edtani a min\u0151s\u00e9gi \u00e1rucikkeket, \u00e9s megalapozottabb d\u00f6nt\u00e9seket tudnak hozni a v\u00e1s\u00e1rl\u00e1skor.<\/p>\n<p><strong>El\u0151rel\u00e9p\u00e9st jelent a foglalkoztat\u00e1sban is, hiszen a f\u00f6ldrajzi\u00e1rujelz\u0151-oltalom vonz\u00f3v\u00e1 teszi a r\u00e9gi\u00f3kat<\/strong>, seg\u00edt meg\u0151rizni a szak\u00e9rtelmet \u00e9s a munkahelyeket, ez\u00e1ltal hozz\u00e1j\u00e1rul ezeknek a r\u00e9gi\u00f3knak a gazdas\u00e1gi fejl\u0151d\u00e9s\u00e9hez.<\/p>\n<p>A rendelet azt is el\u0151 akarja seg\u00edteni, hogy a hagyom\u00e1nyos k\u00e9zm\u0171ves \u00e9s ipari \u00e1ruk egyenrang\u00faak legyenek a mez\u0151gazdas\u00e1gi term\u00e9kekn\u00e9l m\u00e1r l\u00e9tez\u0151, oltalom alatt \u00e1ll\u00f3 f\u00f6ldrajzi \u00e1rujelz\u0151kkel.<\/p>\n<p>&nbsp;<\/p>\n<div class=\"o-widget m-readMoreWidget -readMore u-shortDecorLineAfter row widget-container _ce_measure_widget bigdata-widget read-more\" data-ce-measure-widget=\"olvass tov\u00e1bb\">\n\t<div class=\"m-readMoreWidget__imgWrapper image-wrapper col-12 col-md-4 no-p\">\n\t\t<a class=\"m-readMoreWidget__imgLink\" href=\"https:\/\/www.startlap.hu\/vasarlas\/homokhati-palinka-oltalom\/\" >\n\t\t\t<img decoding=\"async\" src=\"https:\/\/www.startlap.hu\/vasarlas\/uploads\/2022\/03\/palinka_koccintas-350x285.jpg\" class=\"m-readMoreWidget__img\">\n\t\t<\/a>\n\t<\/div>\n\t<div class=\"m-readMoreWidget__titleWrapper title-wrapper col-12 col-md-8\">\n\t\t<span class=\"m-readMoreWidget__titleLabel u-shortDecorLineBefore label hidden-sm-up\">Ez is \u00e9rdekelhet:<\/span>\n\t\t<h3 class=\"m-readMoreWidget__title title\">\n\t\t\t<a class=\"m-readMoreWidget__titleLink -secondFont u-bold u-upperCase\" href=\"https:\/\/www.startlap.hu\/vasarlas\/homokhati-palinka-oltalom\/\" >\u00dajabb magyar p\u00e1linka kapott uni\u00f3s oltalmat<\/a>\n\t\t<\/h3>\n\t\t<a class=\"m-readMoreWidget__btn -coloredBack u-tC link\" href=\"https:\/\/www.startlap.hu\/vasarlas\/homokhati-palinka-oltalom\/\" >Elolvasom<\/a>\n\t<\/div>\n<\/div>\n<p>&nbsp;<\/p>\n<p>&nbsp;<\/p>\n<p><span style=\"font-size: 12px;\">(MTI)<\/span><\/p>\n","protected":false},"excerpt":{"rendered":"<p>Uni\u00f3s f\u00f6ldrajzi \u00e1rujelz\u0151 oltalmat kaphat a herendi porcel\u00e1n egy \u00faj, az Eur\u00f3pai Uni\u00f3 Bizotts\u00e1ga \u00e1ltal k\u00f6zz\u00e9tett rendeletjavaslat alapj\u00e1n. De oltalom al\u00e1 eshet a muran\u00f3i \u00fcveg, a donegali gyapj\u00fa, illetve a solingeni ac\u00e9l is.<\/p>\n","protected":false},"author":20,"featured_media":2220379,"comment_status":"open","ping_status":"open","sticky":false,"template":"","format":"standard","meta":{"footnotes":""},"categories":[8180],"tags":[17213,3674,17214],"class_list":["post-2220378","post","type-post","status-publish","format-standard","has-post-thumbnail","hentry","category-trending","tag-herendi-porcelan","tag-herendi-porcelanmanufaktura","tag-oldalom"],"aioseo_notices":[],"_links":{"self":[{"href":"https:\/\/www.startlap.hu\/vasarlas\/wp-json\/wp\/v2\/posts\/2220378","targetHints":{"allow":["GET"]}}],"collection":[{"href":"https:\/\/www.startlap.hu\/vasarlas\/wp-json\/wp\/v2\/posts"}],"about":[{"href":"https:\/\/www.startlap.hu\/vasarlas\/wp-json\/wp\/v2\/types\/post"}],"author":[{"embeddable":true,"href":"https:\/\/www.startlap.hu\/vasarlas\/wp-json\/wp\/v2\/users\/20"}],"replies":[{"embeddable":true,"href":"https:\/\/www.startlap.hu\/vasarlas\/wp-json\/wp\/v2\/comments?post=2220378"}],"version-history":[{"count":4,"href":"https:\/\/www.startlap.hu\/vasarlas\/wp-json\/wp\/v2\/posts\/2220378\/revisions"}],"predecessor-version":[{"id":2220400,"href":"https:\/\/www.startlap.hu\/vasarlas\/wp-json\/wp\/v2\/posts\/2220378\/revisions\/2220400"}],"wp:featuredmedia":[{"embeddable":true,"href":"https:\/\/www.startlap.hu\/vasarlas\/wp-json\/wp\/v2\/media\/2220379"}],"wp:attachment":[{"href":"https:\/\/www.startlap.hu\/vasarlas\/wp-json\/wp\/v2\/media?parent=2220378"}],"wp:term":[{"taxonomy":"category","embeddable":true,"href":"https:\/\/www.startlap.hu\/vasarlas\/wp-json\/wp\/v2\/categories?post=2220378"},{"taxonomy":"post_tag","embeddable":true,"href":"https:\/\/www.startlap.hu\/vasarlas\/wp-json\/wp\/v2\/tags?post=2220378"}],"curies":[{"name":"wp","href":"https:\/\/api.w.org\/{rel}","templated":true}]}}