{"id":2219927,"date":"2022-04-07T13:10:57","date_gmt":"2022-04-07T11:10:57","guid":{"rendered":"https:\/\/www.startlap.hu\/vasarlas\/?p=2219927"},"modified":"2022-04-07T13:10:57","modified_gmt":"2022-04-07T11:10:57","slug":"itm-akkumulatortolto-fogyasztovedelem","status":"publish","type":"post","link":"https:\/\/www.startlap.hu\/vasarlas\/itm-akkumulatortolto-fogyasztovedelem\/","title":{"rendered":"ITM: h\u00faszb\u00f3l tizenk\u00e9t akkumul\u00e1tort\u00f6lt\u0151t vesz\u00e9lyesnek tal\u00e1ltak"},"content":{"rendered":"<p>Kiemelt\u00e9k: a <a href=\"https:\/\/www.startlap.hu\/vasarlas\/hosszabbito-fogyasztovedelem-veszely-forgalmazas\/\" target=\"_blank\" rel=\"noopener noreferrer\">fogyaszt\u00f3v\u00e9delmi ellen\u0151rz\u00e9sen<\/a> kisz\u0171rt term\u00e9kek el\u00e9gtelen szigetel\u00e9s\u00fck miatt <strong>\u00e1ram\u00fct\u00e9st okozhatnak<\/strong>, azokat <strong>azonnal kivonj\u00e1k a forgalomb\u00f3l<\/strong>.<\/p>\n<p>Felh\u00edvt\u00e1k a figyelmet arra, hogy az akkumul\u00e1tort\u00f6lt\u0151k \u00e9lettartama jellemz\u0151en r\u00f6videbb, mint a t\u00f6rpefesz\u00fclts\u00e9g\u0171 k\u00e9sz\u00fcl\u00e9kek\u00e9, amelyek t\u00e1pl\u00e1l\u00e1s\u00e1ra \u00e9s t\u00f6lt\u00e9s\u00e9re szolg\u00e1lnak. Az otthon tartott gy\u00e1ri mell\u00e9 a munkahelyre, koll\u00e9giumba sokan v\u00e1s\u00e1rolnak m\u00e1sikat, hogy ne kelljen ide-oda hurcol\u00e1szniuk a t\u00e1pegys\u00e9geket. \u00cdgy folyamatosan n\u0151 a kereslet, \u00faj \u00e1rucikkekkel b\u0151v\u00fcl a k\u00edn\u00e1lat a gyakran gyatra min\u0151s\u00e9g\u0171 akkumul\u00e1tort\u00f6lt\u0151kb\u0151l.<\/p>\n<blockquote class=\"yellowbox\"><p>Az idei hat\u00f3s\u00e1gi ellen\u0151rz\u00e9s az USB csatlakoz\u00f3val szerelt t\u00f6lt\u0151kre ir\u00e1nyult.<\/p><\/blockquote>\n<p>A laborat\u00f3riumban vizsg\u00e1lt <strong>h\u00fasz term\u00e9k nagyobbik fele, tizenkett\u0151 nem tett eleget a k\u00f6vetelm\u00e9nyeknek<\/strong>. Az \u00e1ram\u00fct\u00e9s kock\u00e1zat\u00e1t minden esetben az el\u00e9gtelen szigetel\u00e9s okozta, egy esetben ezt m\u00e9g a csatlakoz\u00f3dug\u00f3 el\u0151\u00edrtn\u00e1l kisebb m\u00e9rete is tet\u00e9zte. A fogyaszt\u00f3v\u00e9delmi hat\u00f3s\u00e1g a vesz\u00e9lyes term\u00e9ket levetette az \u00fczletek polcair\u00f3l, megtiltotta tov\u00e1bbi forgalmaz\u00e1sukat. A r\u00e9szletes vizsg\u00e1lati eredm\u00e9nyek a <a href=\"https:\/\/fogyasztovedelem.kormany.hu\/api\/item\/file-preview\/16008\/2783915f5795ce6bf77e4f0a5da4e002.pdf\" target=\"_blank\" target=\"_blank\" rel=\"noopener noreferrer\"><strong>fogyaszt\u00f3v\u00e9delmi port\u00e1lon<\/strong><\/a> b\u00f6ng\u00e9szhet\u0151k &#8211; der\u00fcl ki a k\u00f6zlem\u00e9nyb\u0151l.<\/p>\n<figure id=\"attachment_2219928\" aria-describedby=\"caption-attachment-2219928\" style=\"width: 755px\" class=\"wp-caption alignnone\"><img loading=\"lazy\" decoding=\"async\" class=\"size-article-size-large-image wp-image-2219928\" src=\"https:\/\/www.startlap.hu\/vasarlas\/uploads\/2022\/04\/usb-kabel-755x439.jpg\" alt=\"\" width=\"755\" height=\"439\" srcset=\"https:\/\/www.startlap.hu\/vasarlas\/uploads\/2022\/04\/usb-kabel-755x439.jpg 755w, https:\/\/www.startlap.hu\/vasarlas\/uploads\/2022\/04\/usb-kabel-602x350.jpg 602w, https:\/\/www.startlap.hu\/vasarlas\/uploads\/2022\/04\/usb-kabel.jpg 1200w\" sizes=\"auto, (max-width: 755px) 100vw, 755px\" \/><figcaption id=\"caption-attachment-2219928\" class=\"wp-caption-text\">Illusztr\u00e1ci\u00f3 (Getty Images)<\/figcaption><\/figure>\n<h2>Szak\u00fczletben v\u00e1s\u00e1roljunk<\/h2>\n<p>A miniszt\u00e9rium szerint a t\u00f6lt\u0151k eset\u00e9ben c\u00e9lszer\u0171 ker\u00fclni a piacokat, alkalmi \u00e1rusokat, lehet\u0151s\u00e9g szerint szak\u00fczletben v\u00e1s\u00e1roljunk, magyar nyelv\u0171 haszn\u00e1lati utas\u00edt\u00e1ssal rendelkez\u0151 term\u00e9ket v\u00e1lasszunk.<\/p>\n<p>Keszthelyi Nikoletta fogyaszt\u00f3v\u00e9delem\u00e9rt felel\u0151s helyettes \u00e1llamtitk\u00e1r a k\u00f6zlem\u00e9ny szerint elmondta: &#8222;A labor tavaly \u00f6sszesen 665 villamoss\u00e1gi cikket vizsg\u00e1lt meg, t\u00f6bb mint fel\u00fck nem felelt meg a term\u00e9kbiztons\u00e1gi k\u00f6vetelm\u00e9nyeknek. A szakhat\u00f3s\u00e1g az elm\u00falt \u00e9vben 162 jelz\u00e9st k\u00fcld\u00f6tt az uni\u00f3s riaszt\u00e1si rendszerbe, ezek nagyobbik h\u00e1nyad\u00e1val villamoss\u00e1gi term\u00e9kek hi\u00e1nyoss\u00e1gaira h\u00edvtuk fel a t\u00e1rsszervezetek figyelm\u00e9t. 2022-ben egyebek mellett a hajsz\u00e1r\u00edt\u00f3k, v\u00edzforral\u00f3k, p\u00e1rologtat\u00f3k, keny\u00e9rpir\u00edt\u00f3k \u00e9s hosszabb\u00edt\u00f3k k\u00f6z\u00fcl sz\u0171rj\u00fck ki a veszedelmeseket&#8221;.<\/p>\n<div class=\"o-widget m-readMoreWidget -readMore u-shortDecorLineAfter row widget-container _ce_measure_widget bigdata-widget read-more\" data-ce-measure-widget=\"olvass tov\u00e1bb\">\n\t<div class=\"m-readMoreWidget__imgWrapper image-wrapper col-12 col-md-4 no-p\">\n\t\t<a class=\"m-readMoreWidget__imgLink\" href=\"https:\/\/www.startlap.hu\/vasarlas\/sberbank-kartalanitas-oba-mnb\/\" >\n\t\t\t<img decoding=\"async\" src=\"https:\/\/www.startlap.hu\/vasarlas\/uploads\/2022\/04\/sberbank-350x285.jpg\" class=\"m-readMoreWidget__img\">\n\t\t<\/a>\n\t<\/div>\n\t<div class=\"m-readMoreWidget__titleWrapper title-wrapper col-12 col-md-8\">\n\t\t<span class=\"m-readMoreWidget__titleLabel u-shortDecorLineBefore label hidden-sm-up\">Ez is \u00e9rdekelhet:<\/span>\n\t\t<h3 class=\"m-readMoreWidget__title title\">\n\t\t\t<a class=\"m-readMoreWidget__titleLink -secondFont u-bold u-upperCase\" href=\"https:\/\/www.startlap.hu\/vasarlas\/sberbank-kartalanitas-oba-mnb\/\" >Sberbank: k\u00f6zel 10 ezer \u00fcgyf\u00e9l nem jelentkezett a p\u00e9nz\u00e9\u00e9rt<\/a>\n\t\t<\/h3>\n\t\t<a class=\"m-readMoreWidget__btn -coloredBack u-tC link\" href=\"https:\/\/www.startlap.hu\/vasarlas\/sberbank-kartalanitas-oba-mnb\/\" >Elolvasom<\/a>\n\t<\/div>\n<\/div>\n","protected":false},"excerpt":{"rendered":"<p>A tavalyi vizsg\u00e1lati eredm\u00e9nyt darabra megism\u00e9telve ism\u00e9t h\u00faszb\u00f3l tizenkett\u0151 akkumul\u00e1tort\u00f6lt\u0151t tal\u00e1lt vesz\u00e9lyesnek az Innov\u00e1ci\u00f3s \u00e9s Technol\u00f3giai Miniszt\u00e9rium (ITM) akkredit\u00e1lt laborat\u00f3riuma &#8211; k\u00f6z\u00f6lt\u00e9k cs\u00fct\u00f6rt\u00f6k\u00f6n az MTI-vel.<\/p>\n","protected":false},"author":20,"featured_media":2219928,"comment_status":"open","ping_status":"open","sticky":false,"template":"","format":"standard","meta":{"footnotes":""},"categories":[8180],"tags":[15151,5952,10230],"class_list":["post-2219927","post","type-post","status-publish","format-standard","has-post-thumbnail","hentry","category-trending","tag-akkumulatortolto","tag-fogyasztovedelem","tag-itm"],"aioseo_notices":[],"_links":{"self":[{"href":"https:\/\/www.startlap.hu\/vasarlas\/wp-json\/wp\/v2\/posts\/2219927","targetHints":{"allow":["GET"]}}],"collection":[{"href":"https:\/\/www.startlap.hu\/vasarlas\/wp-json\/wp\/v2\/posts"}],"about":[{"href":"https:\/\/www.startlap.hu\/vasarlas\/wp-json\/wp\/v2\/types\/post"}],"author":[{"embeddable":true,"href":"https:\/\/www.startlap.hu\/vasarlas\/wp-json\/wp\/v2\/users\/20"}],"replies":[{"embeddable":true,"href":"https:\/\/www.startlap.hu\/vasarlas\/wp-json\/wp\/v2\/comments?post=2219927"}],"version-history":[{"count":1,"href":"https:\/\/www.startlap.hu\/vasarlas\/wp-json\/wp\/v2\/posts\/2219927\/revisions"}],"predecessor-version":[{"id":2219929,"href":"https:\/\/www.startlap.hu\/vasarlas\/wp-json\/wp\/v2\/posts\/2219927\/revisions\/2219929"}],"wp:featuredmedia":[{"embeddable":true,"href":"https:\/\/www.startlap.hu\/vasarlas\/wp-json\/wp\/v2\/media\/2219928"}],"wp:attachment":[{"href":"https:\/\/www.startlap.hu\/vasarlas\/wp-json\/wp\/v2\/media?parent=2219927"}],"wp:term":[{"taxonomy":"category","embeddable":true,"href":"https:\/\/www.startlap.hu\/vasarlas\/wp-json\/wp\/v2\/categories?post=2219927"},{"taxonomy":"post_tag","embeddable":true,"href":"https:\/\/www.startlap.hu\/vasarlas\/wp-json\/wp\/v2\/tags?post=2219927"}],"curies":[{"name":"wp","href":"https:\/\/api.w.org\/{rel}","templated":true}]}}