{"id":2218825,"date":"2022-03-03T16:33:52","date_gmt":"2022-03-03T15:33:52","guid":{"rendered":"https:\/\/www.startlap.hu\/vasarlas\/?p=2218825"},"modified":"2022-03-03T16:26:29","modified_gmt":"2022-03-03T15:26:29","slug":"rakuten-viber-orosz-ukran-konfliktus","status":"publish","type":"post","link":"https:\/\/www.startlap.hu\/vasarlas\/rakuten-viber-orosz-ukran-konfliktus\/","title":{"rendered":"H\u00e1bor\u00fa: a Viber fontos k\u00f6zlem\u00e9nyt adott ki"},"content":{"rendered":"<p>Az orosz-ukr\u00e1n helyzetre tekintettel a c\u00e9g ingyenes Viber Out funkci\u00f3t biztos\u00edt, amelynek keretein bel\u00fcl vil\u00e1gszerte 34 orsz\u00e1g vezet\u00e9kes vagy mobiltelefonsz\u00e1mait el\u00e9rhetik a felhaszn\u00e1l\u00f3k. Ezeket akkor is lehet kezdem\u00e9nyezni, ha a c\u00e9lorsz\u00e1gokban internet-zavarok \u00e9s kimarad\u00e1sok tapasztalhat\u00f3ak, amikor a Viber hagyom\u00e1nyos h\u00edv\u00e1s szolg\u00e1ltat\u00e1sa neh\u00e9zs\u00e9gekbe \u00fctk\u00f6zhetne &#8211; \u00edrja a <a href=\"https:\/\/markamonitor.hu\/2022\/03\/03\/nyilatkozatot-adott-ki-a-rakuten-viber-a-haborus-krizishelyzet-kapcsan\/\" target=\"_blank\" target=\"_blank\" rel=\"noopener noreferrer\">M\u00e1rkaMonitor<\/a>.<\/p>\n<p>Ukrajna \u00e9s Oroszorsz\u00e1g ter\u00fclet\u00e9n a hirdet\u00e9sek sem lesznek el\u00e9rhet\u0151k, hogy senki se profit\u00e1lhasson a kr\u00edzishelyzetben, emellett <strong>n\u00e9gy csatorn\u00e1t is ind\u00edtottak<\/strong> &#8211; Lengyelorsz\u00e1gban, Rom\u00e1ni\u00e1ban, Magyarorsz\u00e1gon \u00e9s Szlov\u00e1ki\u00e1ban -, hogy azonnali seg\u00edts\u00e9get ny\u00fajtsanak a menek\u00fclteknek. Ezeknek a csatorn\u00e1knak k\u00f6sz\u00f6nhet\u0151en regisztr\u00e1ci\u00f3val, sz\u00e1ll\u00e1ssal, els\u0151seg\u00e9lyny\u00fajt\u00e1ssal \u00e9s egyebekkel kapcsolatos inform\u00e1ci\u00f3hoz juthatnak az \u00e9rintettek ukr\u00e1n nyelven.<\/p>\n<figure id=\"attachment_2218830\" aria-describedby=\"caption-attachment-2218830\" style=\"width: 755px\" class=\"wp-caption alignnone\"><img loading=\"lazy\" decoding=\"async\" class=\"size-article-size-large-image wp-image-2218830\" src=\"https:\/\/www.startlap.hu\/vasarlas\/uploads\/2022\/03\/viber-755x502.jpg\" alt=\"\" width=\"755\" height=\"502\" srcset=\"https:\/\/www.startlap.hu\/vasarlas\/uploads\/2022\/03\/viber-755x502.jpg 755w, https:\/\/www.startlap.hu\/vasarlas\/uploads\/2022\/03\/viber-250x165.jpg 250w, https:\/\/www.startlap.hu\/vasarlas\/uploads\/2022\/03\/viber-526x350.jpg 526w, https:\/\/www.startlap.hu\/vasarlas\/uploads\/2022\/03\/viber.jpg 1024w\" sizes=\"auto, (max-width: 755px) 100vw, 755px\" \/><figcaption id=\"caption-attachment-2218830\" class=\"wp-caption-text\">Fot\u00f3: Damien MEYER \/ AFP)<\/figcaption><\/figure>\n<p>A Menek\u00fclt Csatorn\u00e1k el\u00e9rhet\u0151s\u00e9gei: <a href=\"https:\/\/invite.viber.com\/?g2=AQBTgLqUNUrl9E7OqETvH%2BvYebtMEudSQPe9mPeyVilxaY64t%2FNm%2Bs6s%2BEG2eguM\" target=\"_blank\" target=\"_blank\" rel=\"noopener noreferrer\">Magyarorsz\u00e1g<\/a>, <a href=\"https:\/\/invite.viber.com\/?g2=AQBZdIQuVdUXJE7Opkw5ZlRhi%2BCh%2FQji0t5SGLR3Lr8HztiEKMinWq1qOY32Luj9\" target=\"_blank\" target=\"_blank\" rel=\"noopener noreferrer\">Lengyelorsz\u00e1g<\/a>, <a href=\"https:\/\/invite.viber.com\/?g2=AQB2lKvU3ExV1U7Opp5ZM209DMPgcpO7%2FaF4Ce%2BXv2m6sNdI%2Fa49Z%2BwzTMdqQwhp\" target=\"_blank\" target=\"_blank\" rel=\"noopener noreferrer\">Rom\u00e1nia<\/a>, <a href=\"https:\/\/invite.viber.com\/?g2=AQATf2WOROBV2U7Op%2FE%2FAOTyPkRITWR1WtI4uKdgUGpCvo39Bg658%2F7PUqnrWpyx\" target=\"_blank\" target=\"_blank\" rel=\"noopener noreferrer\">Szlov\u00e1kia<\/a>. A V\u00f6r\u00f6skereszt Szervezetek Nemzetk\u00f6zi Sz\u00f6vets\u00e9ge (IFRC) \u00e9s a Rakuten Viber az \u00f6sszes el\u00e9rhet\u0151 Csatorn\u00e1n <strong>adom\u00e1nyoz\u00e1sra buzd\u00edt\u00f3 felh\u00edv\u00e1st tett k\u00f6zz\u00e9 az ukr\u00e1n V\u00f6r\u00f6skereszt jav\u00e1ra.<\/strong><\/p>\n<div class=\"o-widget m-readMoreWidget -readMore u-shortDecorLineAfter row widget-container _ce_measure_widget bigdata-widget read-more\" data-ce-measure-widget=\"olvass tov\u00e1bb\">\n\t<div class=\"m-readMoreWidget__imgWrapper image-wrapper col-12 col-md-4 no-p\">\n\t\t<a class=\"m-readMoreWidget__imgLink\" href=\"https:\/\/www.startlap.hu\/vasarlas\/tesco-dm-kaufland-lidl-orosz-ukran-konfliktus\/\" >\n\t\t\t<img decoding=\"async\" src=\"https:\/\/www.startlap.hu\/vasarlas\/uploads\/2022\/01\/lidl_bolt-350x285.jpg\" class=\"m-readMoreWidget__img\">\n\t\t<\/a>\n\t<\/div>\n\t<div class=\"m-readMoreWidget__titleWrapper title-wrapper col-12 col-md-8\">\n\t\t<span class=\"m-readMoreWidget__titleLabel u-shortDecorLineBefore label hidden-sm-up\">Ez is \u00e9rdekelhet:<\/span>\n\t\t<h3 class=\"m-readMoreWidget__title title\">\n\t\t\t<a class=\"m-readMoreWidget__titleLink -secondFont u-bold u-upperCase\" href=\"https:\/\/www.startlap.hu\/vasarlas\/tesco-dm-kaufland-lidl-orosz-ukran-konfliktus\/\" >Ukr\u00e1n-orosz konfliktus: fell\u00e9ptek a hazai boltl\u00e1ncok<\/a>\n\t\t<\/h3>\n\t\t<a class=\"m-readMoreWidget__btn -coloredBack u-tC link\" href=\"https:\/\/www.startlap.hu\/vasarlas\/tesco-dm-kaufland-lidl-orosz-ukran-konfliktus\/\" >Elolvasom<\/a>\n\t<\/div>\n<\/div>\n","protected":false},"excerpt":{"rendered":"<p>A Viber ebben a h\u00e1bor\u00fas kr\u00edzishelyzetben a r\u00e1szorul\u00f3k t\u00e1mogat\u00e1sra ind\u00edt n\u00e9h\u00e1ny fontos kezdem\u00e9nyez\u00e9st.<\/p>\n","protected":false},"author":43,"featured_media":2218830,"comment_status":"open","ping_status":"open","sticky":false,"template":"","format":"standard","meta":{"footnotes":""},"categories":[8180],"tags":[17036,16979,17035,4693],"class_list":["post-2218825","post","type-post","status-publish","format-standard","has-post-thumbnail","hentry","category-trending","tag-csatornak","tag-orosz-ukran-haboru","tag-rakuten-viber","tag-viber"],"aioseo_notices":[],"_links":{"self":[{"href":"https:\/\/www.startlap.hu\/vasarlas\/wp-json\/wp\/v2\/posts\/2218825","targetHints":{"allow":["GET"]}}],"collection":[{"href":"https:\/\/www.startlap.hu\/vasarlas\/wp-json\/wp\/v2\/posts"}],"about":[{"href":"https:\/\/www.startlap.hu\/vasarlas\/wp-json\/wp\/v2\/types\/post"}],"author":[{"embeddable":true,"href":"https:\/\/www.startlap.hu\/vasarlas\/wp-json\/wp\/v2\/users\/43"}],"replies":[{"embeddable":true,"href":"https:\/\/www.startlap.hu\/vasarlas\/wp-json\/wp\/v2\/comments?post=2218825"}],"version-history":[{"count":6,"href":"https:\/\/www.startlap.hu\/vasarlas\/wp-json\/wp\/v2\/posts\/2218825\/revisions"}],"predecessor-version":[{"id":2218863,"href":"https:\/\/www.startlap.hu\/vasarlas\/wp-json\/wp\/v2\/posts\/2218825\/revisions\/2218863"}],"wp:featuredmedia":[{"embeddable":true,"href":"https:\/\/www.startlap.hu\/vasarlas\/wp-json\/wp\/v2\/media\/2218830"}],"wp:attachment":[{"href":"https:\/\/www.startlap.hu\/vasarlas\/wp-json\/wp\/v2\/media?parent=2218825"}],"wp:term":[{"taxonomy":"category","embeddable":true,"href":"https:\/\/www.startlap.hu\/vasarlas\/wp-json\/wp\/v2\/categories?post=2218825"},{"taxonomy":"post_tag","embeddable":true,"href":"https:\/\/www.startlap.hu\/vasarlas\/wp-json\/wp\/v2\/tags?post=2218825"}],"curies":[{"name":"wp","href":"https:\/\/api.w.org\/{rel}","templated":true}]}}