{"id":2217587,"date":"2022-02-11T16:03:03","date_gmt":"2022-02-11T15:03:03","guid":{"rendered":"https:\/\/www.startlap.hu\/vasarlas\/?p=2217587"},"modified":"2022-02-11T12:20:01","modified_gmt":"2022-02-11T11:20:01","slug":"amazon-alapber-prime-elofizetes","status":"publish","type":"post","link":"https:\/\/www.startlap.hu\/vasarlas\/amazon-alapber-prime-elofizetes\/","title":{"rendered":"Dupl\u00e1zza a maxim\u00e1lisan kiadhat\u00f3 alapb\u00e9rt \u00e9s \u00e1rat is emel az Amazon"},"content":{"rendered":"<p>A j\u00e1rv\u00e1nyhelyzetben az <a href=\"https:\/\/www.startlap.hu\/vasarlas\/amazon-szallitas-karacsonyi-idoszak\/\" target=\"_blank\" rel=\"noopener noreferrer\">Amazon<\/a> is k\u00fczd\u00f6tt azzal, hogyan tartsa meg a dolgoz\u00f3it, \u00e9s az els\u0151 hull\u00e1mban megn\u00f6vekedett kereslet miatt mik\u00e9nt szerezzen \u00fajakat. A v\u00e1llalat r\u00e9g\u00f3ta t\u00e1maszkodik r\u00e9szv\u00e9nyjuttat\u00e1sokra &#8211; \u00fagy v\u00e9lt\u00e9k, m\u00e9g alacsony alapfizet\u00e9s eset\u00e9n is k\u00f6nnyen tudnak munkaer\u0151t toborozni. A pletyk\u00e1k szerint azonban az Amazonon bel\u00fcli magas fluktu\u00e1ci\u00f3 tarthatatlan m\u00e9rt\u00e9ket \u00f6lt\u00f6tt, tavaly p\u00e9ld\u00e1ul rekordsz\u00e1m\u00fa, 50 aleln\u00f6k t\u00e1vozott a c\u00e9gt\u0151l.<\/p>\n<figure id=\"attachment_2217594\" aria-describedby=\"caption-attachment-2217594\" style=\"width: 755px\" class=\"wp-caption alignnone\"><img loading=\"lazy\" decoding=\"async\" class=\"size-article-size-large-image wp-image-2217594\" src=\"https:\/\/www.startlap.hu\/vasarlas\/uploads\/2022\/02\/amazon-755x503.jpg\" alt=\"\" width=\"755\" height=\"503\" srcset=\"https:\/\/www.startlap.hu\/vasarlas\/uploads\/2022\/02\/amazon-755x503.jpg 755w, https:\/\/www.startlap.hu\/vasarlas\/uploads\/2022\/02\/amazon-526x350.jpg 526w, https:\/\/www.startlap.hu\/vasarlas\/uploads\/2022\/02\/amazon.jpg 1024w\" sizes=\"auto, (max-width: 755px) 100vw, 755px\" \/><figcaption id=\"caption-attachment-2217594\" class=\"wp-caption-text\">Fot\u00f3: Frank Hoermann \/ SVEN SIMON \/ SVEN SIMON \/ dpa Picture-Alliance via AFP<\/figcaption><\/figure>\n<p>A c\u00e9g december 31-i adatok szerint 1,6 milli\u00f3 embert foglalkoztatott vil\u00e1gszerte, bele\u00e9rtve a rakt\u00e1ri dolgoz\u00f3kat is, \u00e1m azt m\u00e9g nem tudni, h\u00e1ny alkalmazottat \u00e9rint a h\u00e9tf\u0151n bejelentett b\u00e9remel\u00e9s &#8211; \u00edrja a a&nbsp;<a href=\"https:\/\/www.seattletimes.com\/business\/amazon-is-raising-base-salary-cap-to-350000-from-160000\/\" target=\"_blank\">Seattle Times<\/a> cikk\u00e9re hivatkozva a <a href=\"https:\/\/www.vg.hu\/penz-es-tokepiac\/2022\/02\/megduplazza-a-dolgozoknak-maximalisan-kiadhato-alapbert-es-arat-is-emel-az-amazon\" target=\"_blank\" target=\"_blank\" rel=\"noopener noreferrer\">vg.hu<\/a>. Az Amazon egy\u00e9bk\u00e9nt \u00f3r\u00e1nk\u00e9nt 15 doll\u00e1rt fizet a rakt\u00e1ri dolgoz\u00f3knak, szeptemberben ezt az \u00f6sszeget 18 doll\u00e1rra emelte. A kiad\u00e1sok azonban itt nem \u00e9rtek v\u00e9get, ugyanis a vil\u00e1gj\u00e1rv\u00e1ny k\u00f6zepette a v\u00e1llalat sokat k\u00f6lt\u00f6tt logisztikai tev\u00e9kenys\u00e9g\u00e9re, <strong>t\u00f6bb sz\u00e1zezer embert vett fel, \u00e9s b\u00f3nuszt fizetett az \u00fajoncoknak<\/strong>. A befektet\u0151k persze nem voltak elragadtatva az Amazon n\u00f6vekv\u0151 k\u00f6lts\u00e9geit\u0151l, \u00e1m megk\u00f6nnyebb\u00fclhettek, ugyanis a v\u00e1llalat a er\u0151s negyedik negyed\u00e9vr\u0151l sz\u00e1molt be.&nbsp;<\/p>\n<div class=\"o-widget m-readMoreWidget -readMore u-shortDecorLineAfter row widget-container _ce_measure_widget bigdata-widget read-more\" data-ce-measure-widget=\"olvass tov\u00e1bb\">\n\t<div class=\"m-readMoreWidget__imgWrapper image-wrapper col-12 col-md-4 no-p\">\n\t\t<a class=\"m-readMoreWidget__imgLink\" href=\"https:\/\/www.startlap.hu\/vasarlas\/az-amazon-hazai-megjelenesere-mar-most-erdemes-felkeszulni\/\" >\n\t\t\t<img decoding=\"async\" src=\"https:\/\/www.startlap.hu\/vasarlas\/uploads\/2021\/10\/amazon_logo-350x285.jpg\" class=\"m-readMoreWidget__img\">\n\t\t<\/a>\n\t<\/div>\n\t<div class=\"m-readMoreWidget__titleWrapper title-wrapper col-12 col-md-8\">\n\t\t<span class=\"m-readMoreWidget__titleLabel u-shortDecorLineBefore label hidden-sm-up\">Ez is \u00e9rdekelhet:<\/span>\n\t\t<h3 class=\"m-readMoreWidget__title title\">\n\t\t\t<a class=\"m-readMoreWidget__titleLink -secondFont u-bold u-upperCase\" href=\"https:\/\/www.startlap.hu\/vasarlas\/az-amazon-hazai-megjelenesere-mar-most-erdemes-felkeszulni\/\" >Az Amazon hazai megjelen\u00e9s\u00e9re m\u00e1r most \u00e9rdemes felk\u00e9sz\u00fclni<\/a>\n\t\t<\/h3>\n\t\t<a class=\"m-readMoreWidget__btn -coloredBack u-tC link\" href=\"https:\/\/www.startlap.hu\/vasarlas\/az-amazon-hazai-megjelenesere-mar-most-erdemes-felkeszulni\/\" >Elolvasom<\/a>\n\t<\/div>\n<\/div>\n<p>Egy\u00fattal kider\u00fclt: az \u00e9ves Prime-el\u0151fizet\u00e9s k\u00f6lts\u00e9ge 20 doll\u00e1rral 139 doll\u00e1rra emelkedik.<\/p>\n","protected":false},"excerpt":{"rendered":"<p>Az Amazon 160 ezer doll\u00e1rr\u00f3l 350 ezer  doll\u00e1rra, azaz t\u00f6bb mint a k\u00e9tszeres\u00e9re emeli az alkalmazottaknak maxim\u00e1lisan kiadhat\u00f3 alapb\u00e9rt.<\/p>\n","protected":false},"author":43,"featured_media":2217594,"comment_status":"open","ping_status":"open","sticky":false,"template":"","format":"standard","meta":{"footnotes":""},"categories":[8180],"tags":[7087,13],"class_list":["post-2217587","post","type-post","status-publish","format-standard","has-post-thumbnail","hentry","category-trending","tag-amazon","tag-beremeles"],"aioseo_notices":[],"_links":{"self":[{"href":"https:\/\/www.startlap.hu\/vasarlas\/wp-json\/wp\/v2\/posts\/2217587","targetHints":{"allow":["GET"]}}],"collection":[{"href":"https:\/\/www.startlap.hu\/vasarlas\/wp-json\/wp\/v2\/posts"}],"about":[{"href":"https:\/\/www.startlap.hu\/vasarlas\/wp-json\/wp\/v2\/types\/post"}],"author":[{"embeddable":true,"href":"https:\/\/www.startlap.hu\/vasarlas\/wp-json\/wp\/v2\/users\/43"}],"replies":[{"embeddable":true,"href":"https:\/\/www.startlap.hu\/vasarlas\/wp-json\/wp\/v2\/comments?post=2217587"}],"version-history":[{"count":3,"href":"https:\/\/www.startlap.hu\/vasarlas\/wp-json\/wp\/v2\/posts\/2217587\/revisions"}],"predecessor-version":[{"id":2217597,"href":"https:\/\/www.startlap.hu\/vasarlas\/wp-json\/wp\/v2\/posts\/2217587\/revisions\/2217597"}],"wp:featuredmedia":[{"embeddable":true,"href":"https:\/\/www.startlap.hu\/vasarlas\/wp-json\/wp\/v2\/media\/2217594"}],"wp:attachment":[{"href":"https:\/\/www.startlap.hu\/vasarlas\/wp-json\/wp\/v2\/media?parent=2217587"}],"wp:term":[{"taxonomy":"category","embeddable":true,"href":"https:\/\/www.startlap.hu\/vasarlas\/wp-json\/wp\/v2\/categories?post=2217587"},{"taxonomy":"post_tag","embeddable":true,"href":"https:\/\/www.startlap.hu\/vasarlas\/wp-json\/wp\/v2\/tags?post=2217587"}],"curies":[{"name":"wp","href":"https:\/\/api.w.org\/{rel}","templated":true}]}}