{"id":2216768,"date":"2022-01-25T10:03:39","date_gmt":"2022-01-25T09:03:39","guid":{"rendered":"https:\/\/www.startlap.hu\/vasarlas\/?p=2216768"},"modified":"2022-01-25T10:03:39","modified_gmt":"2022-01-25T09:03:39","slug":"arstop-elelmiszer-boltok-vasarlas","status":"publish","type":"post","link":"https:\/\/www.startlap.hu\/vasarlas\/arstop-elelmiszer-boltok-vasarlas\/","title":{"rendered":"Febru\u00e1r elsej\u00e9n nagy rohamra sz\u00e1m\u00edtanak a boltok"},"content":{"rendered":"<p>A Magyar Nemzeti Kereskedelmi Sz\u00f6vets\u00e9g (MNKSZ) szerint, ha febru\u00e1r 1-j\u00e9n, a <strong><a href=\"https:\/\/www.startlap.hu\/vasarlas\/__trashed\/\" target=\"_blank\" rel=\"noopener noreferrer\">hat\u00f3s\u00e1gi \u00e1rak<\/a> hat\u00e1lyba l\u00e9p\u00e9s\u00e9nek napj\u00e1n<\/strong> hirtelen megugrik a fogyaszt\u00f3i kereslet, el\u0151fordulhat, hogy sem a termel\u00e9s, sem a beszerz\u00e9s nem fog tudni l\u00e9p\u00e9st tartani a t\u00f6megese ig\u00e9nyekkel \u2013 \u00edrja a Vil\u00e1ggazdas\u00e1g.<\/p>\n<p>Mint kor\u00e1bban meg\u00edrtuk, az \u00e9lelmiszer\u00e1rak emelked\u00e9se miatt a korm\u00e1ny \u00fagy d\u00f6nt\u00f6tt, hogy <strong>h\u00e9t term\u00e9k<\/strong> \u2013 a krist\u00e1lycukor, a b\u00fazafinomliszt, a napraforg\u00f3-\u00e9tolaj, a sert\u00e9scomb, a&nbsp;csirkemell, a csirke far-h\u00e1t&nbsp;\u00e9s a 2,8 sz\u00e1zal\u00e9kos teh\u00e9ntej \u2013 eset\u00e9ben&nbsp;<a href=\"https:\/\/www.startlap.hu\/vasarlas\/arstop-rendelet-magyar-kozlony\/\" target=\"_blank\" rel=\"noopener noreferrer\">beavatkozik az \u00e1rak alakul\u00e1s\u00e1ba<\/a>. Febru\u00e1r elsej\u00e9t\u0151l az eml\u00edtett term\u00e9kek \u00e1r\u00e1t visszaviszik arra a szintre,&nbsp;ahol a m\u00falt \u00e9v okt\u00f3ber 15-\u00e9n \u00e1lltak, \u00e9s ennek minden \u00fczletben meg kell t\u00f6rt\u00e9nnie.&nbsp;<\/p>\n<p>A keresked\u0151k azt \u00e9rz\u00e9kelik, hogy janu\u00e1rban bef\u00e9kez\u0151d\u00f6tt a fogyaszt\u00f3i kereslet, mert a t\u00f6bbs\u00e9g sokkal <strong>kedvez\u0151bb \u00e1rakra sz\u00e1m\u00edt febru\u00e1r 1-j\u00e9t\u0151l<\/strong>, ez\u00e9rt fontos eml\u00e9keztetni a lakoss\u00e1got a tavaly okt\u00f3beri pontos \u00e1rakra \u2013 h\u00edvta fel a figyelmet a Magyar Nemzeti Kereskedelmi Sz\u00f6vets\u00e9g.<\/p>\n<p>A korm\u00e1nyrendelet szerint ugyanis ha a 2021. okt\u00f3ber 15-ei \u00e1r nem \u00e1llap\u00edthat\u00f3 meg, akkor a K\u00f6zponti Statisztikai Hivatal (KSH) honlapj\u00e1n tavaly okt\u00f3berre vonatkoz\u00f3an k\u00f6zz\u00e9tett \u00e1tlagos fogyaszt\u00f3i \u00e1rat kell alkalmazni.&nbsp;<\/p>\n<p><strong>A KSH honlapj\u00e1n tavaly okt\u00f3berre vonatkoz\u00f3an k\u00f6zz\u00e9tett \u00e1tlagos fogyaszt\u00f3i \u00e1rak a k\u00f6vetkez\u0151k voltak:<\/strong><\/p>\n<ul>\n<li>csirkemellfil\u00e9 1600 ft \/ kg,<\/li>\n<li>sert\u00e9scomb 1420 ft \/ kg,<\/li>\n<li>napraforg\u00f3-\u00e9tolaj 713 ft \/ l,<\/li>\n<li>2,8 sz\u00e1zal\u00e9k zs\u00edrtartalm\u00fa, dobozos UHT tej 268 ft \/ l,<\/li>\n<li>krist\u00e1lycukor 261 ft \/ kg,<\/li>\n<li>liszt &nbsp;203 ft \/ kg.&nbsp;<\/li>\n<\/ul>\n<p>A KSH nem m\u00e9ri csirke far-h\u00e1t \u00e1r\u00e1t.<\/p>\n<figure id=\"attachment_2216770\" aria-describedby=\"caption-attachment-2216770\" style=\"width: 755px\" class=\"wp-caption alignnone\"><img loading=\"lazy\" decoding=\"async\" class=\"size-article-size-large-image wp-image-2216770\" src=\"https:\/\/www.startlap.hu\/vasarlas\/uploads\/2022\/01\/bolt_bevasarlokocsi-755x459.jpg\" alt=\"\" width=\"755\" height=\"459\" srcset=\"https:\/\/www.startlap.hu\/vasarlas\/uploads\/2022\/01\/bolt_bevasarlokocsi-755x459.jpg 755w, https:\/\/www.startlap.hu\/vasarlas\/uploads\/2022\/01\/bolt_bevasarlokocsi-576x350.jpg 576w, https:\/\/www.startlap.hu\/vasarlas\/uploads\/2022\/01\/bolt_bevasarlokocsi.jpg 1200w\" sizes=\"auto, (max-width: 755px) 100vw, 755px\" \/><figcaption id=\"caption-attachment-2216770\" class=\"wp-caption-text\">Getty Images<\/figcaption><\/figure>\n<p>A napokban a P\u00e9nzcentrum k\u00e9rdezte meg az olvas\u00f3it, tervezik-e, hogy az \u00e1rstop alatt besp\u00e1jzolnak a nyomott \u00e1r\u00fa term\u00e9kekb\u0151l. A nem reprezentat\u00edv felm\u00e9r\u00e9s\u00fck eredm\u00e9ny\u00e9t <a href=\"https:\/\/www.startlap.hu\/vasarlas\/arstop-inflacio-felvasarlas\/\" target=\"_blank\" rel=\"noopener noreferrer\">itt tal\u00e1lod<\/a>.<\/p>\n<div class=\"o-widget m-readMoreWidget -readMore u-shortDecorLineAfter row widget-container _ce_measure_widget bigdata-widget read-more\" data-ce-measure-widget=\"olvass tov\u00e1bb\">\n\t<div class=\"m-readMoreWidget__imgWrapper image-wrapper col-12 col-md-4 no-p\">\n\t\t<a class=\"m-readMoreWidget__imgLink\" href=\"https:\/\/www.startlap.hu\/vasarlas\/arstop-csirkemell-sertescomb-tej-liszt-cukor-etolaj-arak-inflacio\/\" >\n\t\t\t<img decoding=\"async\" src=\"https:\/\/www.startlap.hu\/vasarlas\/uploads\/2022\/01\/Bevasarlas-350x285.jpg\" class=\"m-readMoreWidget__img\">\n\t\t<\/a>\n\t<\/div>\n\t<div class=\"m-readMoreWidget__titleWrapper title-wrapper col-12 col-md-8\">\n\t\t<span class=\"m-readMoreWidget__titleLabel u-shortDecorLineBefore label hidden-sm-up\">Ez is \u00e9rdekelhet:<\/span>\n\t\t<h3 class=\"m-readMoreWidget__title title\">\n\t\t\t<a class=\"m-readMoreWidget__titleLink -secondFont u-bold u-upperCase\" href=\"https:\/\/www.startlap.hu\/vasarlas\/arstop-csirkemell-sertescomb-tej-liszt-cukor-etolaj-arak-inflacio\/\" >\u00c1rstop: eddigin\u00e9l is nagyobb \u00e9lelmiszer-dr\u00e1gul\u00e1s j\u00f6het<\/a>\n\t\t<\/h3>\n\t\t<a class=\"m-readMoreWidget__btn -coloredBack u-tC link\" href=\"https:\/\/www.startlap.hu\/vasarlas\/arstop-csirkemell-sertescomb-tej-liszt-cukor-etolaj-arak-inflacio\/\" >Elolvasom<\/a>\n\t<\/div>\n<\/div>\n","protected":false},"excerpt":{"rendered":"<p>El\u0151fordulhat, hogy sem a termel\u00e9s, sem a beszerz\u00e9s nem fog tudni l\u00e9p\u00e9st tartani a t\u00f6megese ig\u00e9nyekkel.<\/p>\n","protected":false},"author":20,"featured_media":2216770,"comment_status":"open","ping_status":"open","sticky":false,"template":"","format":"standard","meta":{"footnotes":""},"categories":[8180],"tags":[16701,13360,245],"class_list":["post-2216768","post","type-post","status-publish","format-standard","has-post-thumbnail","hentry","category-trending","tag-arstop","tag-boltok","tag-elelmiszer"],"aioseo_notices":[],"_links":{"self":[{"href":"https:\/\/www.startlap.hu\/vasarlas\/wp-json\/wp\/v2\/posts\/2216768","targetHints":{"allow":["GET"]}}],"collection":[{"href":"https:\/\/www.startlap.hu\/vasarlas\/wp-json\/wp\/v2\/posts"}],"about":[{"href":"https:\/\/www.startlap.hu\/vasarlas\/wp-json\/wp\/v2\/types\/post"}],"author":[{"embeddable":true,"href":"https:\/\/www.startlap.hu\/vasarlas\/wp-json\/wp\/v2\/users\/20"}],"replies":[{"embeddable":true,"href":"https:\/\/www.startlap.hu\/vasarlas\/wp-json\/wp\/v2\/comments?post=2216768"}],"version-history":[{"count":2,"href":"https:\/\/www.startlap.hu\/vasarlas\/wp-json\/wp\/v2\/posts\/2216768\/revisions"}],"predecessor-version":[{"id":2216772,"href":"https:\/\/www.startlap.hu\/vasarlas\/wp-json\/wp\/v2\/posts\/2216768\/revisions\/2216772"}],"wp:featuredmedia":[{"embeddable":true,"href":"https:\/\/www.startlap.hu\/vasarlas\/wp-json\/wp\/v2\/media\/2216770"}],"wp:attachment":[{"href":"https:\/\/www.startlap.hu\/vasarlas\/wp-json\/wp\/v2\/media?parent=2216768"}],"wp:term":[{"taxonomy":"category","embeddable":true,"href":"https:\/\/www.startlap.hu\/vasarlas\/wp-json\/wp\/v2\/categories?post=2216768"},{"taxonomy":"post_tag","embeddable":true,"href":"https:\/\/www.startlap.hu\/vasarlas\/wp-json\/wp\/v2\/tags?post=2216768"}],"curies":[{"name":"wp","href":"https:\/\/api.w.org\/{rel}","templated":true}]}}