{"id":2215847,"date":"2022-01-08T13:04:36","date_gmt":"2022-01-08T12:04:36","guid":{"rendered":"https:\/\/www.startlap.hu\/vasarlas\/?p=2215847"},"modified":"2022-01-08T15:19:44","modified_gmt":"2022-01-08T14:19:44","slug":"ematrica-m1-autopalya","status":"publish","type":"post","link":"https:\/\/www.startlap.hu\/vasarlas\/ematrica-m1-autopalya\/","title":{"rendered":"Plusz e-matric\u00e1t kell v\u00e1s\u00e1rolniuk az M1-en aut\u00f3z\u00f3knak"},"content":{"rendered":"<p>2022. janu\u00e1r 1-t\u0151l Fej\u00e9r megyei e-matric\u00e1ra is sz\u00fcks\u00e9g\u00fck van a k\u00e9t csom\u00f3pont (Sz\u00e1rliget \u00e9s Bicske) k\u00f6z\u00f6tt \u00e1thalad\u00f3knak &#8211; \u00edrja a <a href=\"https:\/\/simple.hu\/valtozas-az-uj-ev-kezdeten-az-m1-es-autopalyan\/\" target=\"_blank\" target=\"_blank\" rel=\"noopener noreferrer\"><strong>Simple.hu<\/strong><\/a>.&nbsp;<\/p>\n<p>Az \u00e9rv\u00e9nyben l\u00e9v\u0151 szab\u00e1lyoz\u00e1s alapj\u00e1n minden megyematrica a szomsz\u00e9dos megye els\u0151 lehajt\u00f3j\u00e1ig \u00e9rv\u00e9nyes, \u00e9s Fej\u00e9r megy\u00e9nek eddig csak egy lehajt\u00f3ja volt az M1-es aut\u00f3p\u00e1ly\u00e1r\u00f3l.<\/p>\n<p>Az M1-en \u00f6nmag\u00e1ban a Fej\u00e9r megyei e-matrica a Herceghalom csom\u00f3pont \u00e9s a Tatab\u00e1nya-\u00d3v\u00e1ros csom\u00f3pont k\u00f6z\u00f6tt jogos\u00edt fel aut\u00f3p\u00e1lya-haszn\u00e1latra.<\/p>\n<figure id=\"attachment_2215848\" aria-describedby=\"caption-attachment-2215848\" style=\"width: 755px\" class=\"wp-caption alignnone\"><img loading=\"lazy\" decoding=\"async\" class=\"size-article-size-large-image wp-image-2215848\" src=\"https:\/\/www.startlap.hu\/vasarlas\/uploads\/2022\/01\/autopalya-755x504.jpg\" alt=\"\" width=\"755\" height=\"504\" srcset=\"https:\/\/www.startlap.hu\/vasarlas\/uploads\/2022\/01\/autopalya-755x504.jpg 755w, https:\/\/www.startlap.hu\/vasarlas\/uploads\/2022\/01\/autopalya-524x350.jpg 524w, https:\/\/www.startlap.hu\/vasarlas\/uploads\/2022\/01\/autopalya.jpg 800w\" sizes=\"auto, (max-width: 755px) 100vw, 755px\" \/><figcaption id=\"caption-attachment-2215848\" class=\"wp-caption-text\">Fot\u00f3: Getty Images<\/figcaption><\/figure>\n<p>Ezen k\u00edv\u00fcl a Fej\u00e9r megyei aut\u00f3p\u00e1lya-matric\u00e1val nem csak az M1-es adott szakasz\u00e1t lehet ig\u00e9nybe venni, hanem az M7-es Balatonig tart\u00f3 r\u00e9sz\u00e9t, \u00e9s az M6-oson is el lehet jutni eg\u00e9szen Dunaf\u00f6ldv\u00e1rig.<\/p>\n<div class=\"o-widget m-readMoreWidget -readMore u-shortDecorLineAfter row widget-container _ce_measure_widget bigdata-widget read-more\" data-ce-measure-widget=\"olvass tov\u00e1bb\">\n\t<div class=\"m-readMoreWidget__imgWrapper image-wrapper col-12 col-md-4 no-p\">\n\t\t<a class=\"m-readMoreWidget__imgLink\" href=\"https:\/\/www.startlap.hu\/vasarlas\/elektromos-auto-tesla-bmw-nissan-skoda-hyundai\/\" >\n\t\t\t<img decoding=\"async\" src=\"https:\/\/www.startlap.hu\/vasarlas\/uploads\/2021\/09\/elektromos-auto-350x285.jpg\" class=\"m-readMoreWidget__img\">\n\t\t<\/a>\n\t<\/div>\n\t<div class=\"m-readMoreWidget__titleWrapper title-wrapper col-12 col-md-8\">\n\t\t<span class=\"m-readMoreWidget__titleLabel u-shortDecorLineBefore label hidden-sm-up\">Ez is \u00e9rdekelhet:<\/span>\n\t\t<h3 class=\"m-readMoreWidget__title title\">\n\t\t\t<a class=\"m-readMoreWidget__titleLink -secondFont u-bold u-upperCase\" href=\"https:\/\/www.startlap.hu\/vasarlas\/elektromos-auto-tesla-bmw-nissan-skoda-hyundai\/\" >Ez a magyarok kedvenc elektromos aut\u00f3ja<\/a>\n\t\t<\/h3>\n\t\t<a class=\"m-readMoreWidget__btn -coloredBack u-tC link\" href=\"https:\/\/www.startlap.hu\/vasarlas\/elektromos-auto-tesla-bmw-nissan-skoda-hyundai\/\" >Elolvasom<\/a>\n\t<\/div>\n<\/div>\n<p>Ha valaki teljes hossz\u00e1ban, rendszeresen haszn\u00e1lja az M1-es aut\u00f3p\u00e1ly\u00e1t, de nem szeretne \u00e9ves orsz\u00e1gos e-matric\u00e1t v\u00e1s\u00e1rolni, ebben az esetben Pest, Fej\u00e9r, Kom\u00e1rom-Esztergom \u00e9s Gy\u0151r-Moson-Sopron megyei <a href=\"https:\/\/www.startlap.hu\/vasarlas\/mar-megvasarolhatok-2022-es-autopalya-matricak\/\" target=\"_blank\" rel=\"noopener noreferrer\"><strong>e-matric\u00e1kkal<\/strong><\/a> is le lehet fedni az M1-et.<\/p>\n","protected":false},"excerpt":{"rendered":"<p>Aut\u00f3p\u00e1lya-matrica kell imm\u00e1r a Fej\u00e9r megyei szakaszra is: v\u00e1ltoz\u00e1s k\u00f6vetkezett be az M1-es aut\u00f3p\u00e1ly\u00e1n, miut\u00e1n a sz\u00e1rligeti csom\u00f3pont \u00e1tad\u00e1s\u00e1t k\u00f6vet\u0151 t\u00fcrelmi id\u0151szak lej\u00e1rt.<\/p>\n","protected":false},"author":20,"featured_media":2215848,"comment_status":"open","ping_status":"open","sticky":false,"template":"","format":"standard","meta":{"footnotes":""},"categories":[8180],"tags":[3454,537,1959],"class_list":["post-2215847","post","type-post","status-publish","format-standard","has-post-thumbnail","hentry","category-trending","tag-autopalya-matrica","tag-e-matrica","tag-m1-autopalya"],"aioseo_notices":[],"_links":{"self":[{"href":"https:\/\/www.startlap.hu\/vasarlas\/wp-json\/wp\/v2\/posts\/2215847","targetHints":{"allow":["GET"]}}],"collection":[{"href":"https:\/\/www.startlap.hu\/vasarlas\/wp-json\/wp\/v2\/posts"}],"about":[{"href":"https:\/\/www.startlap.hu\/vasarlas\/wp-json\/wp\/v2\/types\/post"}],"author":[{"embeddable":true,"href":"https:\/\/www.startlap.hu\/vasarlas\/wp-json\/wp\/v2\/users\/20"}],"replies":[{"embeddable":true,"href":"https:\/\/www.startlap.hu\/vasarlas\/wp-json\/wp\/v2\/comments?post=2215847"}],"version-history":[{"count":3,"href":"https:\/\/www.startlap.hu\/vasarlas\/wp-json\/wp\/v2\/posts\/2215847\/revisions"}],"predecessor-version":[{"id":2215851,"href":"https:\/\/www.startlap.hu\/vasarlas\/wp-json\/wp\/v2\/posts\/2215847\/revisions\/2215851"}],"wp:featuredmedia":[{"embeddable":true,"href":"https:\/\/www.startlap.hu\/vasarlas\/wp-json\/wp\/v2\/media\/2215848"}],"wp:attachment":[{"href":"https:\/\/www.startlap.hu\/vasarlas\/wp-json\/wp\/v2\/media?parent=2215847"}],"wp:term":[{"taxonomy":"category","embeddable":true,"href":"https:\/\/www.startlap.hu\/vasarlas\/wp-json\/wp\/v2\/categories?post=2215847"},{"taxonomy":"post_tag","embeddable":true,"href":"https:\/\/www.startlap.hu\/vasarlas\/wp-json\/wp\/v2\/tags?post=2215847"}],"curies":[{"name":"wp","href":"https:\/\/api.w.org\/{rel}","templated":true}]}}