{"id":2215198,"date":"2021-12-18T14:14:29","date_gmt":"2021-12-18T13:14:29","guid":{"rendered":"https:\/\/www.startlap.hu\/vasarlas\/?p=2215198"},"modified":"2021-12-18T14:14:29","modified_gmt":"2021-12-18T13:14:29","slug":"ozd-mcdonalds-nyitas","status":"publish","type":"post","link":"https:\/\/www.startlap.hu\/vasarlas\/ozd-mcdonalds-nyitas\/","title":{"rendered":"Megny\u00edlt \u00d3zd els\u0151 McDonald&#8217;s \u00e9tterme, sorban \u00e1lltak a helyiek"},"content":{"rendered":"<p>Mintegy \u00f6t \u00e9ve pr\u00f3b\u00e1lt\u00e1k m\u00e1r \u00d3zdra cs\u00e1b\u00edtani a <a href=\"https:\/\/www.startlap.hu\/vasarlas\/mcdonalds-zero-kibocsatas-novenyi-alapu-kinalat\/\">gyors\u00e9ttereml\u00e1ncot<\/a>, a lakosok ugyanis sz\u00e1mos alkalommal jelezt\u00e9k, hogy ig\u00e9ny lenne r\u00e1. P\u00e9nteken v\u00e9gre megt\u00f6rt\u00e9nt a v\u00e1rva v\u00e1rt alkalom, \u00e9s megny\u00edlt a v\u00e1ros els\u0151 McDonald&#8217;s \u00e9tterme.<\/p>\n<p>A <a href=\"https:\/\/www.napi.hu\/magyar-vallalatok\/mcdolads-gyorsetterem-nyitas-ozd-borsod.742432.html\" target=\"_blank\"><strong>Napi.hu<\/strong><\/a> id\u00e9zi <strong>Janiczak D\u00e1vid<\/strong> polg\u00e1rmestert, aki az \u00e1tad\u00e1s kapcs\u00e1n elmondta, az \u00e9tterem megnyit\u00e1s\u00e1val <strong>k\u00f6zel 70 vend\u00e9gl\u00e1t\u00f3 munkahely j\u00f6tt l\u00e9tre a v\u00e1rosban<\/strong>. Ez a helyi vend\u00e9gl\u00e1t\u00f3 k\u00e9pz\u00e9sben r\u00e9sztvev\u0151 fiatalok elhelyezked\u00e9s\u00e9t seg\u00edti majd, \u00e9s k\u00f6zel 70 \u00f3zdi lakos sz\u00e1m\u00e1ra biztos\u00edt munkahelyet \u00e9s meg\u00e9lhet\u00e9st.<\/p>\n<figure id=\"attachment_2215199\" aria-describedby=\"caption-attachment-2215199\" style=\"width: 755px\" class=\"wp-caption alignnone\"><img loading=\"lazy\" decoding=\"async\" class=\"size-article-size-large-image wp-image-2215199\" src=\"https:\/\/www.startlap.hu\/vasarlas\/uploads\/2021\/12\/mc_donalds_etterem-755x503.jpg\" alt=\"McDonald's ny\u00edlt \u00d3zdon\" width=\"755\" height=\"503\" srcset=\"https:\/\/www.startlap.hu\/vasarlas\/uploads\/2021\/12\/mc_donalds_etterem-755x503.jpg 755w, https:\/\/www.startlap.hu\/vasarlas\/uploads\/2021\/12\/mc_donalds_etterem-526x350.jpg 526w, https:\/\/www.startlap.hu\/vasarlas\/uploads\/2021\/12\/mc_donalds_etterem.jpg 1024w\" sizes=\"auto, (max-width: 755px) 100vw, 755px\" \/><figcaption id=\"caption-attachment-2215199\" class=\"wp-caption-text\">Illusztr\u00e1ci\u00f3. Fot\u00f3: AFP<\/figcaption><\/figure>\n<p>A polg\u00e1rmester hozz\u00e1tette, abban is b\u00edznak, hogy a k\u00f6rnyez\u0151 telep\u00fcl\u00e9seken \u00e9l\u0151k is gyakrabban l\u00e1togatnak majd \u00d3zdra a Meki nyit\u00e1sa ut\u00e1n, aminek <strong>a v\u00e1ros m\u00e1s szolg\u00e1ltat\u00f3i sz\u00e1m\u00e1ra is pozit\u00edv hozad\u00e9ka lehet<\/strong>.<\/p>\n<p>A <strong><a href=\"https:\/\/telex.hu\/belfold\/2021\/12\/18\/ozd-elso-mcdonalds-megnyitas-tomott-sor-bochkor-gabor\" target=\"_blank\">Telex<\/a><\/strong> a megnyit\u00f3 helysz\u00edn\u00e9n j\u00e1rt, riportjukban arr\u00f3l sz\u00e1moltak be, hogy a szalag\u00e1tv\u00e1g\u00e1s el\u0151tt <strong>az \u00f3zdiak m\u00e1r sorban \u00e1lltak a gyors\u00e9tterem mellett<\/strong>. T\u00f6bbnyire fiatalokat lehetett l\u00e1tni, de az\u00e9rt n\u00e9h\u00e1ny id\u0151sebb helyb\u00e9li is elj\u00f6tt.<\/p>\n<blockquote><p>Ez a McDonald&#8217;s b\u00fcszkes\u00e9g a v\u00e1rosnak!<\/p><\/blockquote>\n<p>\u2013 mondta a lapnak egy sajtburgert falatoz\u00f3 64 \u00e9ves h\u00f6lgy.<\/p>\n","protected":false},"excerpt":{"rendered":"<p>Az \u00e9tterem megnyit\u00e1s\u00e1val k\u00f6zel 70 munkahely j\u00f6tt l\u00e9tre a v\u00e1rosban, ahol m\u00e1r \u00e9vek \u00f3ta nagyon v\u00e1rt\u00e1k, hogy helyben is be\u00fclhessenek egy Mekibe.<\/p>\n","protected":false},"author":20,"featured_media":2215199,"comment_status":"open","ping_status":"open","sticky":false,"template":"","format":"standard","meta":{"footnotes":""},"categories":[8180],"tags":[13098,1831,8416,15699],"class_list":["post-2215198","post","type-post","status-publish","format-standard","has-post-thumbnail","hentry","category-trending","tag-gyorsetterem","tag-mcdonalds","tag-ozd","tag-uzletnyitas"],"aioseo_notices":[],"_links":{"self":[{"href":"https:\/\/www.startlap.hu\/vasarlas\/wp-json\/wp\/v2\/posts\/2215198","targetHints":{"allow":["GET"]}}],"collection":[{"href":"https:\/\/www.startlap.hu\/vasarlas\/wp-json\/wp\/v2\/posts"}],"about":[{"href":"https:\/\/www.startlap.hu\/vasarlas\/wp-json\/wp\/v2\/types\/post"}],"author":[{"embeddable":true,"href":"https:\/\/www.startlap.hu\/vasarlas\/wp-json\/wp\/v2\/users\/20"}],"replies":[{"embeddable":true,"href":"https:\/\/www.startlap.hu\/vasarlas\/wp-json\/wp\/v2\/comments?post=2215198"}],"version-history":[{"count":1,"href":"https:\/\/www.startlap.hu\/vasarlas\/wp-json\/wp\/v2\/posts\/2215198\/revisions"}],"predecessor-version":[{"id":2215200,"href":"https:\/\/www.startlap.hu\/vasarlas\/wp-json\/wp\/v2\/posts\/2215198\/revisions\/2215200"}],"wp:featuredmedia":[{"embeddable":true,"href":"https:\/\/www.startlap.hu\/vasarlas\/wp-json\/wp\/v2\/media\/2215199"}],"wp:attachment":[{"href":"https:\/\/www.startlap.hu\/vasarlas\/wp-json\/wp\/v2\/media?parent=2215198"}],"wp:term":[{"taxonomy":"category","embeddable":true,"href":"https:\/\/www.startlap.hu\/vasarlas\/wp-json\/wp\/v2\/categories?post=2215198"},{"taxonomy":"post_tag","embeddable":true,"href":"https:\/\/www.startlap.hu\/vasarlas\/wp-json\/wp\/v2\/tags?post=2215198"}],"curies":[{"name":"wp","href":"https:\/\/api.w.org\/{rel}","templated":true}]}}