{"id":2215077,"date":"2021-12-16T06:51:44","date_gmt":"2021-12-16T05:51:44","guid":{"rendered":"https:\/\/www.startlap.hu\/vasarlas\/?p=2215077"},"modified":"2021-12-16T06:51:44","modified_gmt":"2021-12-16T05:51:44","slug":"hamisitas-mez-szigoritas-magyar-elelmiszerkonyv","status":"publish","type":"post","link":"https:\/\/www.startlap.hu\/vasarlas\/hamisitas-mez-szigoritas-magyar-elelmiszerkonyv\/","title":{"rendered":"Elt\u0171nik a hamis\u00edtott m\u00e9z a magyar piacr\u00f3l"},"content":{"rendered":"<p>A Magyar \u00e9lelmiszerk\u00f6nyv hamarosan \u00e9letbe l\u00e9p\u0151 <a href=\"https:\/\/www.startlap.hu\/vasarlas\/mezkeverek-szarmazasi-orszag-boltok-vasarlas\/\" target=\"_blank\" rel=\"noopener noreferrer\">szigor\u00edt\u00e1sai<\/a> v\u00e9gre rendet tehetnek a piacon &#8211; olvashat\u00f3 a Magyar Nemzet cs\u00fct\u00f6rt\u00f6ki sz\u00e1m\u00e1ban.<\/p>\n<p>B\u00e1r az el\u0151z\u0151 \u00e9vekben \u00fagy t\u0171nt, hogy siker\u00fclt megtiszt\u00edtani a magyar m\u00e9zpiacot, id\u00e9n \u00fajra t\u00f6bb szab\u00e1lytalans\u00e1got t\u00e1rtak fel a hat\u00f3s\u00e1gi vizsg\u00e1latok. Nemr\u00e9g egy hazai m\u00e9zcsomagol\u00f3 \u00fczem term\u00e9k\u00e9r\u0151l der\u00fclt ki, hogy nem az van az \u00fcvegben, ami a c\u00edmk\u00e9n olvashat\u00f3, a hamis\u00edt\u00e1s\u00e9rt t\u00f6bb milli\u00f3 forintos b\u00edrs\u00e1gra sz\u00e1m\u00edthat a v\u00e1llalkoz\u00e1s &#8211; \u00edrta a lap.<\/p>\n<p>K\u00f6z\u00f6lte: <strong>id\u00e9n 424 m\u00e9zet ellen\u0151rz\u00f6tt<\/strong> a Nemzeti \u00c9lelmiszerl\u00e1nc-biztons\u00e1gi Hivatal (N\u00e9bih).<\/p>\n<figure id=\"attachment_2215078\" aria-describedby=\"caption-attachment-2215078\" style=\"width: 755px\" class=\"wp-caption alignnone\"><img loading=\"lazy\" decoding=\"async\" class=\"size-article-size-large-image wp-image-2215078\" src=\"https:\/\/www.startlap.hu\/vasarlas\/uploads\/2021\/12\/mez_01-755x514.jpg\" alt=\"\" width=\"755\" height=\"514\" srcset=\"https:\/\/www.startlap.hu\/vasarlas\/uploads\/2021\/12\/mez_01-755x514.jpg 755w, https:\/\/www.startlap.hu\/vasarlas\/uploads\/2021\/12\/mez_01-514x350.jpg 514w, https:\/\/www.startlap.hu\/vasarlas\/uploads\/2021\/12\/mez_01.jpg 1200w\" sizes=\"auto, (max-width: 755px) 100vw, 755px\" \/><figcaption id=\"caption-attachment-2215078\" class=\"wp-caption-text\">Getty Images<\/figcaption><\/figure>\n<p>B\u00e1r az elm\u00falt \u00e9vekben \u00e9s 2021 els\u0151 fel\u00e9ben is egyre kevesebb vissza\u00e9l\u00e9sre \u00e9s hib\u00e1ra der\u00fclt f\u00e9ny ezen a ter\u00fcleten, az \u00e9v m\u00e1sodik fel\u00e9ben t\u00f6bb esetben is int\u00e9zkednie kellett a hat\u00f3s\u00e1gnak &#8211; \u00e1ll a cikkben.<\/p>\n<p>&#8222;T\u00f6bb alkalommal is l\u00e1t\u00f3k\u00f6r\u00fcnkbe ker\u00fcltek olyan t\u00e9telek, amelyek n\u00f6v\u00e9nyi eredete elt\u00e9r a term\u00e9k megnevez\u00e9s\u00e9ben megjel\u00f6lt n\u00f6v\u00e9nyt\u0151l. Ez a jogs\u00e9rt\u00e9s hamis\u00edt\u00e1snak min\u0151s\u00fcl&#8221; &#8211; id\u00e9zte az \u00fajs\u00e1g a N\u00e9bih-et.<\/p>\n<p>(MTI)<\/p>\n<div class=\"o-widget m-readMoreWidget -readMore u-shortDecorLineAfter row widget-container _ce_measure_widget bigdata-widget read-more\" data-ce-measure-widget=\"olvass tov\u00e1bb\">\n\t<div class=\"m-readMoreWidget__imgWrapper image-wrapper col-12 col-md-4 no-p\">\n\t\t<a class=\"m-readMoreWidget__imgLink\" href=\"https:\/\/www.startlap.hu\/vasarlas\/zseles-szaloncukor-vakteszt-2021\/\" >\n\t\t\t<img decoding=\"async\" src=\"https:\/\/www.startlap.hu\/vasarlas\/uploads\/2021\/12\/szaloncukor-2-350x285.jpg\" class=\"m-readMoreWidget__img\">\n\t\t<\/a>\n\t<\/div>\n\t<div class=\"m-readMoreWidget__titleWrapper title-wrapper col-12 col-md-8\">\n\t\t<span class=\"m-readMoreWidget__titleLabel u-shortDecorLineBefore label hidden-sm-up\">Ez is \u00e9rdekelhet:<\/span>\n\t\t<h3 class=\"m-readMoreWidget__title title\">\n\t\t\t<a class=\"m-readMoreWidget__titleLink -secondFont u-bold u-upperCase\" href=\"https:\/\/www.startlap.hu\/vasarlas\/zseles-szaloncukor-vakteszt-2021\/\" >Teszt: ezek a legjobb zsel\u00e9s szaloncukrok 2021-ben<\/a>\n\t\t<\/h3>\n\t\t<a class=\"m-readMoreWidget__btn -coloredBack u-tC link\" href=\"https:\/\/www.startlap.hu\/vasarlas\/zseles-szaloncukor-vakteszt-2021\/\" >Elolvasom<\/a>\n\t<\/div>\n<\/div>\n","protected":false},"excerpt":{"rendered":"<p>Az elm\u00falt id\u0151szakban t\u00f6bb szab\u00e1lytalans\u00e1got is felt\u00e1rtak a hat\u00f3s\u00e1gok a m\u00e9zpiacon. A helyzet rendez\u00e9se \u00e9rdek\u00e9ben hamarosan \u00e9letbe l\u00e9pnek a Magyar \u00e9lelmiszerk\u00f6nyv szigor\u00edt\u00e1sai.<\/p>\n","protected":false},"author":20,"featured_media":2215078,"comment_status":"open","ping_status":"open","sticky":false,"template":"","format":"standard","meta":{"footnotes":""},"categories":[8086],"tags":[2808,16482,12436,244],"class_list":["post-2215077","post","type-post","status-publish","format-standard","has-post-thumbnail","hentry","category-vasarlas","tag-hamisitas","tag-magyar-elelmiszerkonyv","tag-mez","tag-nebih"],"aioseo_notices":[],"_links":{"self":[{"href":"https:\/\/www.startlap.hu\/vasarlas\/wp-json\/wp\/v2\/posts\/2215077","targetHints":{"allow":["GET"]}}],"collection":[{"href":"https:\/\/www.startlap.hu\/vasarlas\/wp-json\/wp\/v2\/posts"}],"about":[{"href":"https:\/\/www.startlap.hu\/vasarlas\/wp-json\/wp\/v2\/types\/post"}],"author":[{"embeddable":true,"href":"https:\/\/www.startlap.hu\/vasarlas\/wp-json\/wp\/v2\/users\/20"}],"replies":[{"embeddable":true,"href":"https:\/\/www.startlap.hu\/vasarlas\/wp-json\/wp\/v2\/comments?post=2215077"}],"version-history":[{"count":1,"href":"https:\/\/www.startlap.hu\/vasarlas\/wp-json\/wp\/v2\/posts\/2215077\/revisions"}],"predecessor-version":[{"id":2215079,"href":"https:\/\/www.startlap.hu\/vasarlas\/wp-json\/wp\/v2\/posts\/2215077\/revisions\/2215079"}],"wp:featuredmedia":[{"embeddable":true,"href":"https:\/\/www.startlap.hu\/vasarlas\/wp-json\/wp\/v2\/media\/2215078"}],"wp:attachment":[{"href":"https:\/\/www.startlap.hu\/vasarlas\/wp-json\/wp\/v2\/media?parent=2215077"}],"wp:term":[{"taxonomy":"category","embeddable":true,"href":"https:\/\/www.startlap.hu\/vasarlas\/wp-json\/wp\/v2\/categories?post=2215077"},{"taxonomy":"post_tag","embeddable":true,"href":"https:\/\/www.startlap.hu\/vasarlas\/wp-json\/wp\/v2\/tags?post=2215077"}],"curies":[{"name":"wp","href":"https:\/\/api.w.org\/{rel}","templated":true}]}}