{"id":2212858,"date":"2021-11-05T16:35:01","date_gmt":"2021-11-05T15:35:01","guid":{"rendered":"https:\/\/www.startlap.hu\/vasarlas\/?p=2212858"},"modified":"2021-11-05T15:50:10","modified_gmt":"2021-11-05T14:50:10","slug":"kiskereskedelem-csomagkuldes-benzin-ruha","status":"publish","type":"post","link":"https:\/\/www.startlap.hu\/vasarlas\/kiskereskedelem-csomagkuldes-benzin-ruha\/","title":{"rendered":"A ruha, a csomagk\u00fcld\u00e9s \u00e9s a benzin megdobta a kiskereskedelem forgalm\u00e1t"},"content":{"rendered":"<p>2021. szeptemberben a <a href=\"https:\/\/www.startlap.hu\/vasarlas\/jo-nyarat-zart-a-kiskereskedelem\/\" target=\"_blank\" rel=\"noopener noreferrer\">kiskereskedelem<\/a> forgalm\u00e1nak volumene a nyers \u00e9s a napt\u00e1rhat\u00e1st\u00f3l megtiszt\u00edtott adatok szerint egyar\u00e1nt 5,8%-kal haladta meg az el\u0151z\u0151 \u00e9v azonos id\u0151szakit.&nbsp;Az&nbsp;\u00e9lelmiszer- \u00e9s \u00e9lelmiszer jelleg\u0171 vegyes kiskereskedelemben a forgalom volumene 3,0%-kal n\u00f6vekedett. Az&nbsp;\u00e9lelmiszer-kiskereskedelem 74%-\u00e1t ad\u00f3 \u00e9lelmiszer jelleg\u0171 vegyes \u00fczletek \u00e9rt\u00e9kes\u00edt\u00e9si volumene 3,6%-kal, az \u00e9lelmiszer-, ital-, doh\u00e1ny\u00e1ru-szak\u00fczletek\u00e9 1,4%-kal n\u0151tt.&nbsp;A&nbsp;nem \u00e9lelmiszer-kiskereskedelem forgalma \u00f6sszess\u00e9g\u00e9ben 8,1%-kal b\u0151v\u00fclt. Az&nbsp;elad\u00e1sok volumene<strong> a textil-, ruh\u00e1zati \u00e9s l\u00e1bbeli\u00fczletekben 23, a haszn\u00e1ltcikk-\u00fczletekben 16,<\/strong> a gy\u00f3gyszer-, gy\u00f3gy\u00e1szatiterm\u00e9k-, illatszer\u00fczletekben 8,8, a k\u00f6nyv-, sz\u00e1m\u00edt\u00e1stechnika-, egy\u00e9biparcikk-\u00fczletekben 5,0, az iparcikk jelleg\u0171 vegyes \u00fczletekben 2,1%-kal emelkedett. A&nbsp;forgalom volumene 6,2%-kal kisebb lett a b\u00fator-, m\u0171szakicikk-\u00fczletekben.<\/p>\n<figure id=\"attachment_2212861\" aria-describedby=\"caption-attachment-2212861\" style=\"width: 755px\" class=\"wp-caption alignnone\"><img loading=\"lazy\" decoding=\"async\" class=\"size-article-size-large-image wp-image-2212861\" src=\"https:\/\/www.startlap.hu\/vasarlas\/uploads\/2021\/11\/vasarlas-755x504.jpg\" alt=\"\" width=\"755\" height=\"504\" srcset=\"https:\/\/www.startlap.hu\/vasarlas\/uploads\/2021\/11\/vasarlas-755x504.jpg 755w, https:\/\/www.startlap.hu\/vasarlas\/uploads\/2021\/11\/vasarlas-525x350.jpg 525w, https:\/\/www.startlap.hu\/vasarlas\/uploads\/2021\/11\/vasarlas.jpg 1124w\" sizes=\"auto, (max-width: 755px) 100vw, 755px\" \/><figcaption id=\"caption-attachment-2212861\" class=\"wp-caption-text\">Illusztr\u00e1ci\u00f3: Getty Images<\/figcaption><\/figure>\n<p>Az&nbsp;\u00e1rucikkek sz\u00e9les k\u00f6r\u00e9re kiterjed\u0151, a kiskereskedelmi forgalomb\u00f3l 8,9%-kal r\u00e9szesed\u0151 csomagk\u00fcld\u0151 \u00e9s internetes kiskereskedelem volumene 19%-kal tov\u00e1bb b\u0151v\u00fclt.&nbsp;Az&nbsp;\u00fczemanyagt\u00f6lt\u0151 \u00e1llom\u00e1sok forgalm\u00e1nak volumene 8,4%-kal n\u00f6vekedett.&nbsp;A&nbsp;kiskereskedelmi adatokba nem tartoz\u00f3 g\u00e9pj\u00e1rm\u0171- \u00e9s j\u00e1rm\u0171alkatr\u00e9sz-\u00fczletek elad\u00e1sai 5,5%-kal cs\u00f6kkentek &#8211; der\u00fcl ki a <a href=\"https:\/\/www.ksh.hu\/docs\/hun\/xftp\/gyor\/kis\/kis2109.html\" target=\"_blank\" target=\"_blank\" rel=\"noopener noreferrer\">KSH adataib\u00f3l<\/a>.&nbsp;Az \u00e9v kilencedik h\u00f3napj\u00e1ban az&nbsp;orsz\u00e1gos kiskereskedelem forgalma foly\u00f3 \u00e1ron 1194 milli\u00e1rd forint volt.<\/p>\n<blockquote class=\"article__extraTxt\"><p>Az&nbsp;orsz\u00e1gos kiskereskedelmi forgalom 45%-a az \u00e9lelmiszer- \u00e9s \u00e9lelmiszer jelleg\u0171 vegyes \u00fczletekben, 38%-a a nem \u00e9lelmiszer-kiskereskedelemben, 17%-a az \u00fczemanyagt\u00f6lt\u0151 \u00e1llom\u00e1sok \u00fczemanyag-forgalm\u00e1ban realiz\u00e1l\u00f3dott.<\/p><\/blockquote>\n<p>2021. janu\u00e1r\u2013szeptemberben az el\u0151z\u0151 \u00e9v azonos id\u0151szak\u00e1hoz k\u00e9pest, napt\u00e1rhat\u00e1st\u00f3l megtiszt\u00edtva a&nbsp;kiskereskedelem forgalm\u00e1nak volumene 2,8%-kal emelkedett.&nbsp;Az&nbsp;\u00e9lelmiszer- \u00e9s \u00e9lelmiszer jelleg\u0171 vegyes kiskereskedelemben 1,9, a nem \u00e9lelmiszer-kiskereskedelemben 4,2, az \u00fczemanyag-kiskereskedelemben 3,3%-kal n\u0151tt az \u00e9rt\u00e9kes\u00edt\u00e9s volumene.<\/p>\n<div class=\"o-widget m-readMoreWidget -readMore u-shortDecorLineAfter row widget-container _ce_measure_widget bigdata-widget read-more\" data-ce-measure-widget=\"olvass tov\u00e1bb\">\n\t<div class=\"m-readMoreWidget__imgWrapper image-wrapper col-12 col-md-4 no-p\">\n\t\t<a class=\"m-readMoreWidget__imgLink\" href=\"https:\/\/www.startlap.hu\/vasarlas\/kiskereskedelem-forgalom-drogeria-augusztus\/\" >\n\t\t\t<img decoding=\"async\" src=\"https:\/\/www.startlap.hu\/vasarlas\/uploads\/2021\/10\/drogeria-350x285.jpg\" class=\"m-readMoreWidget__img\">\n\t\t<\/a>\n\t<\/div>\n\t<div class=\"m-readMoreWidget__titleWrapper title-wrapper col-12 col-md-8\">\n\t\t<span class=\"m-readMoreWidget__titleLabel u-shortDecorLineBefore label hidden-sm-up\">Ez is \u00e9rdekelhet:<\/span>\n\t\t<h3 class=\"m-readMoreWidget__title title\">\n\t\t\t<a class=\"m-readMoreWidget__titleLink -secondFont u-bold u-upperCase\" href=\"https:\/\/www.startlap.hu\/vasarlas\/kiskereskedelem-forgalom-drogeria-augusztus\/\" >Megugrott a boltok forgalma, taroltak a drog\u00e9ri\u00e1k<\/a>\n\t\t<\/h3>\n\t\t<a class=\"m-readMoreWidget__btn -coloredBack u-tC link\" href=\"https:\/\/www.startlap.hu\/vasarlas\/kiskereskedelem-forgalom-drogeria-augusztus\/\" >Elolvasom<\/a>\n\t<\/div>\n<\/div>\n","protected":false},"excerpt":{"rendered":"<p>Az \u00e9lelmiszer-kiskereskedelem forgalma nem n\u0151tt jelent\u0151sen, ellenben a textil-, ruh\u00e1zati \u00e9s l\u00e1bbeli\u00fczletek, csomagk\u00fcld\u00e9s \u00e9s \u00fczemanyagt\u00f6lt\u0151 \u00e1llom\u00e1sok forgalm\u00e1val.<\/p>\n","protected":false},"author":20,"featured_media":2212861,"comment_status":"open","ping_status":"open","sticky":false,"template":"","format":"standard","meta":{"footnotes":""},"categories":[8180],"tags":[3897,13457,548,1046,1687],"class_list":["post-2212858","post","type-post","status-publish","format-standard","has-post-thumbnail","hentry","category-trending","tag-csomagkuldes","tag-kiskereskedelem","tag-ksh","tag-ruha","tag-uzemanyag"],"aioseo_notices":[],"_links":{"self":[{"href":"https:\/\/www.startlap.hu\/vasarlas\/wp-json\/wp\/v2\/posts\/2212858","targetHints":{"allow":["GET"]}}],"collection":[{"href":"https:\/\/www.startlap.hu\/vasarlas\/wp-json\/wp\/v2\/posts"}],"about":[{"href":"https:\/\/www.startlap.hu\/vasarlas\/wp-json\/wp\/v2\/types\/post"}],"author":[{"embeddable":true,"href":"https:\/\/www.startlap.hu\/vasarlas\/wp-json\/wp\/v2\/users\/20"}],"replies":[{"embeddable":true,"href":"https:\/\/www.startlap.hu\/vasarlas\/wp-json\/wp\/v2\/comments?post=2212858"}],"version-history":[{"count":4,"href":"https:\/\/www.startlap.hu\/vasarlas\/wp-json\/wp\/v2\/posts\/2212858\/revisions"}],"predecessor-version":[{"id":2212863,"href":"https:\/\/www.startlap.hu\/vasarlas\/wp-json\/wp\/v2\/posts\/2212858\/revisions\/2212863"}],"wp:featuredmedia":[{"embeddable":true,"href":"https:\/\/www.startlap.hu\/vasarlas\/wp-json\/wp\/v2\/media\/2212861"}],"wp:attachment":[{"href":"https:\/\/www.startlap.hu\/vasarlas\/wp-json\/wp\/v2\/media?parent=2212858"}],"wp:term":[{"taxonomy":"category","embeddable":true,"href":"https:\/\/www.startlap.hu\/vasarlas\/wp-json\/wp\/v2\/categories?post=2212858"},{"taxonomy":"post_tag","embeddable":true,"href":"https:\/\/www.startlap.hu\/vasarlas\/wp-json\/wp\/v2\/tags?post=2212858"}],"curies":[{"name":"wp","href":"https:\/\/api.w.org\/{rel}","templated":true}]}}