{"id":2211561,"date":"2021-10-08T12:02:16","date_gmt":"2021-10-08T10:02:16","guid":{"rendered":"https:\/\/www.startlap.hu\/vasarlas\/?p=2211561"},"modified":"2021-10-08T12:02:16","modified_gmt":"2021-10-08T10:02:16","slug":"asos-fizetett-szabadsag-menopauza","status":"publish","type":"post","link":"https:\/\/www.startlap.hu\/vasarlas\/asos-fizetett-szabadsag-menopauza\/","title":{"rendered":"Fizetett szabads\u00e1gra mehetnek az Asos menopauz\u00e1n \u00e1tesett dolgoz\u00f3i"},"content":{"rendered":"<p>Rugalmas munkabeoszt\u00e1st \u00e9s fizetett szabads\u00e1got k\u00edn\u00e1l a menopauz\u00e1n \u00e1tes\u0151 munkat\u00e1rsainak a brit Asos online divat- \u00e9s kozmetikai kiskeresked\u0151. A m\u00e1r eml\u00edtett program r\u00e9szek\u00e9nt ugyancsak fizetett szabads\u00e1got adnak azoknak az alkalmazottaknak, akik<strong> elvet\u00e9ltek, abortuszon vagy term\u00e9kenys\u00e9gi kezel\u00e9sen esnek \u00e1t<\/strong>, de a r\u00e1kkezel\u00e9sen vagy nem\u00e1talak\u00edt\u00f3 m\u0171t\u00e9ten \u00e1tes\u0151k is ig\u00e9nyelhetik &#8211; \u00edrja a <a href=\"https:\/\/telex.hu\/kulfold\/2021\/10\/07\/asos-brit-online-divataruhaz-menopauza-rugalmas-munkabeosztas-fizetett-szabadsag\" target=\"_blank\" target=\"_blank\" rel=\"noopener noreferrer\">Telex<\/a>.<\/p>\n<h2>A dolgoz\u00f3k mellett \u00e1llnak<\/h2>\n<p>A c\u00e9g vez\u00e9rigazgat\u00f3ja, Nick Beighton kiemelte: az \u00faj int\u00e9zked\u00e9sek nemek szerint semlegesek, <strong>a dolgoz\u00f3ikat szem\u00e9lyesen \u00e9s anyagilag is t\u00e1mogatni fogj\u00e1k.<\/strong> \u201eMindannyian szembes\u00fclhet\u00fcnk v\u00e1ratlan kih\u00edv\u00e1sokkal az \u00e9letben, \u00e9s ezek n\u00e9ha nagyon neh\u00e9z helyzetbe hozhatnak minket, ami ak\u00e1r azt is eredm\u00e9nyezheti, hogy ott kell hagynunk a munkahely\u00fcnket\u201d \u2013 tettel hozz\u00e1.<\/p>\n<figure id=\"attachment_2211563\" aria-describedby=\"caption-attachment-2211563\" style=\"width: 755px\" class=\"wp-caption alignnone\"><a href=\"https:\/\/www.startlap.hu\/vasarlas\/uploads\/2021\/10\/asos.jpg\"><img loading=\"lazy\" decoding=\"async\" class=\"size-article-size-large-image wp-image-2211563\" src=\"https:\/\/www.startlap.hu\/vasarlas\/uploads\/2021\/10\/asos-755x504.jpg\" alt=\"\" width=\"755\" height=\"504\" srcset=\"https:\/\/www.startlap.hu\/vasarlas\/uploads\/2021\/10\/asos-755x504.jpg 755w, https:\/\/www.startlap.hu\/vasarlas\/uploads\/2021\/10\/asos-525x350.jpg 525w, https:\/\/www.startlap.hu\/vasarlas\/uploads\/2021\/10\/asos.jpg 1024w\" sizes=\"auto, (max-width: 755px) 100vw, 755px\" \/><\/a><figcaption id=\"caption-attachment-2211563\" class=\"wp-caption-text\">Fot\u00f3: Dinendra Haria\/SOPA Images\/LightRocket via Getty Images<\/figcaption><\/figure>\n<p>Legfeljebb hat h\u00e9t fizetett szabads\u00e1got biztos\u00edt ilyen esetekben a t\u00f6bb mint 3800, t\u00f6bbs\u00e9g\u00e9ben Nagy-Britanni\u00e1ban \u00e9l\u0151 dolgoz\u00f3j\u00e1nak. Az etnikai b\u00e9radataikat is nyilv\u00e1noss\u00e1gra hozt\u00e1k, amib\u0151l kider\u00fclt: a kisebbs\u00e9ghez tartoz\u00f3 alkalmazottaik medi\u00e1n keresete \u00e1tlagosan 5,9 sz\u00e1zal\u00e9kkal magasabb, mint a feh\u00e9r koll\u00e9g\u00e1ik\u00e9.<\/p>\n<div class=\"o-widget m-readMoreWidget -readMore u-shortDecorLineAfter row widget-container _ce_measure_widget bigdata-widget read-more\" data-ce-measure-widget=\"olvass tov\u00e1bb\">\n\t<div class=\"m-readMoreWidget__imgWrapper image-wrapper col-12 col-md-4 no-p\">\n\t\t<a class=\"m-readMoreWidget__imgLink\" href=\"https:\/\/www.startlap.hu\/vasarlas\/megerkezett-az-online-probafulke\/\" >\n\t\t\t<img decoding=\"async\" src=\"https:\/\/www.startlap.hu\/vasarlas\/uploads\/2020\/01\/asos_divat_ruha_proba-350x285.jpg\" class=\"m-readMoreWidget__img\">\n\t\t<\/a>\n\t<\/div>\n\t<div class=\"m-readMoreWidget__titleWrapper title-wrapper col-12 col-md-8\">\n\t\t<span class=\"m-readMoreWidget__titleLabel u-shortDecorLineBefore label hidden-sm-up\">Ez is \u00e9rdekelhet:<\/span>\n\t\t<h3 class=\"m-readMoreWidget__title title\">\n\t\t\t<a class=\"m-readMoreWidget__titleLink -secondFont u-bold u-upperCase\" href=\"https:\/\/www.startlap.hu\/vasarlas\/megerkezett-az-online-probafulke\/\" >Meg\u00e9rkezett az online pr\u00f3baf\u00fclke<\/a>\n\t\t<\/h3>\n\t\t<a class=\"m-readMoreWidget__btn -coloredBack u-tC link\" href=\"https:\/\/www.startlap.hu\/vasarlas\/megerkezett-az-online-probafulke\/\" >Elolvasom<\/a>\n\t<\/div>\n<\/div>\n","protected":false},"excerpt":{"rendered":"<p>T\u00f6bbek k\u00f6zt \u00edgy t\u00e1mogatj\u00e1k az \u201eeg\u00e9szs\u00e9g\u00fcket \u00e9rint\u0151 esem\u00e9nyeken kereszt\u00fclmen\u0151\u201d dolgoz\u00f3ikat. <\/p>\n","protected":false},"author":43,"featured_media":2211563,"comment_status":"open","ping_status":"open","sticky":false,"template":"","format":"standard","meta":{"footnotes":""},"categories":[8180],"tags":[12218,15901,7617],"class_list":["post-2211561","post","type-post","status-publish","format-standard","has-post-thumbnail","hentry","category-trending","tag-asos","tag-fizetett-szabadsag","tag-menopauza"],"aioseo_notices":[],"_links":{"self":[{"href":"https:\/\/www.startlap.hu\/vasarlas\/wp-json\/wp\/v2\/posts\/2211561","targetHints":{"allow":["GET"]}}],"collection":[{"href":"https:\/\/www.startlap.hu\/vasarlas\/wp-json\/wp\/v2\/posts"}],"about":[{"href":"https:\/\/www.startlap.hu\/vasarlas\/wp-json\/wp\/v2\/types\/post"}],"author":[{"embeddable":true,"href":"https:\/\/www.startlap.hu\/vasarlas\/wp-json\/wp\/v2\/users\/43"}],"replies":[{"embeddable":true,"href":"https:\/\/www.startlap.hu\/vasarlas\/wp-json\/wp\/v2\/comments?post=2211561"}],"version-history":[{"count":6,"href":"https:\/\/www.startlap.hu\/vasarlas\/wp-json\/wp\/v2\/posts\/2211561\/revisions"}],"predecessor-version":[{"id":2211573,"href":"https:\/\/www.startlap.hu\/vasarlas\/wp-json\/wp\/v2\/posts\/2211561\/revisions\/2211573"}],"wp:featuredmedia":[{"embeddable":true,"href":"https:\/\/www.startlap.hu\/vasarlas\/wp-json\/wp\/v2\/media\/2211563"}],"wp:attachment":[{"href":"https:\/\/www.startlap.hu\/vasarlas\/wp-json\/wp\/v2\/media?parent=2211561"}],"wp:term":[{"taxonomy":"category","embeddable":true,"href":"https:\/\/www.startlap.hu\/vasarlas\/wp-json\/wp\/v2\/categories?post=2211561"},{"taxonomy":"post_tag","embeddable":true,"href":"https:\/\/www.startlap.hu\/vasarlas\/wp-json\/wp\/v2\/tags?post=2211561"}],"curies":[{"name":"wp","href":"https:\/\/api.w.org\/{rel}","templated":true}]}}