{"id":2209991,"date":"2021-09-04T06:03:37","date_gmt":"2021-09-04T04:03:37","guid":{"rendered":"https:\/\/www.startlap.hu\/vasarlas\/?p=2209991"},"modified":"2021-09-02T12:02:22","modified_gmt":"2021-09-02T10:02:22","slug":"mekkora-tv-kepernyo-meret","status":"publish","type":"post","link":"https:\/\/www.startlap.hu\/vasarlas\/mekkora-tv-kepernyo-meret\/","title":{"rendered":"Mekkora t\u00e9v\u00e9t vegyek otthonra?"},"content":{"rendered":"<p><strong>Mekkora t\u00e9v\u00e9t \u00e9rdemes v\u00e1s\u00e1rolni?<\/strong> 50 colos? 65 ? 85? Valami falm\u00e9ret\u0171t? B\u00e1rmekkor\u00e1ra is \u00e1h\u00edtozzunk, val\u00f3sz\u00edn\u0171leg van olyan <a title=\"Hogyan jav\u00edthatunk otthon a t\u00e9v\u00e9 k\u00e9pmin\u0151s\u00e9g\u00e9n?\" href=\"https:\/\/www.startlap.hu\/vasarlas\/tv-kepminoseg-javitas\/\" target=\"_blank\" rel=\"noopener noreferrer\">t\u00e9v\u00e9<\/a>, amelyik k\u00e9pes megk\u00f6zel\u00edteni az \u00e1lmainkat. Hacsak nem korl\u00e1tozza egy szekr\u00e9ny vagy sz\u00f3rakoztat\u00f3 k\u00f6zpont, val\u00f3sz\u00edn\u0171leg nagyobb LCD- vagy OLED-t\u00e9v\u00e9t is kaphatunk, mint k\u00e9pzeln\u00e9nk. Esetleg sokkal nagyobbat is. R\u00f6vidre z\u00e1rva, a tan\u00e1csunk egyszer\u0171: olyan nagy t\u00e9v\u00e9t vegyetek, amekkor\u00e1t megengedhettek magatoknak. A hosszabb v\u00e1lasz a szob\u00e1t\u00f3l, az \u00fcl\u0151hely t\u00e1vols\u00e1g\u00e1t\u00f3l \u00e9s a veletek \u00e9l\u0151 t\u00f6bbi d\u00f6nt\u00e9shoz\u00f3(k) elk\u00e9pzel\u00e9seit\u0151l f\u00fcgg.<\/p>\n<figure id=\"attachment_2209992\" aria-describedby=\"caption-attachment-2209992\" style=\"width: 755px\" class=\"wp-caption alignnone\"><img loading=\"lazy\" decoding=\"async\" class=\"size-article-size-large-image wp-image-2209992\" src=\"https:\/\/www.startlap.hu\/vasarlas\/uploads\/2021\/08\/tv-kepernyo-755x566.jpg\" alt=\"T\u00e9v\u00e9 a szob\u00e1ban.\" width=\"755\" height=\"566\" srcset=\"https:\/\/www.startlap.hu\/vasarlas\/uploads\/2021\/08\/tv-kepernyo-755x566.jpg 755w, https:\/\/www.startlap.hu\/vasarlas\/uploads\/2021\/08\/tv-kepernyo-85x65.jpg 85w, https:\/\/www.startlap.hu\/vasarlas\/uploads\/2021\/08\/tv-kepernyo-467x350.jpg 467w, https:\/\/www.startlap.hu\/vasarlas\/uploads\/2021\/08\/tv-kepernyo.jpg 1200w\" sizes=\"auto, (max-width: 755px) 100vw, 755px\" \/><figcaption id=\"caption-attachment-2209992\" class=\"wp-caption-text\">Forr\u00e1s: Getty Images<\/figcaption><\/figure>\n<h2>M\u00e9ret \u00e9s t\u00e1vols\u00e1g<\/h2>\n<p>Ha megk\u00e9rdez\u00fcnk egy olyan embert, aki \u00e9rt valamicsk\u00e9t a t\u00e9v\u00e9khez, azt fogja mondani, hogy az \u00fcl\u00e9st\u00e1vols\u00e1g a d\u00f6nt\u0151 t\u00e9nyez\u0151 egy t\u00e9v\u00e9 nagys\u00e1g\u00e1ban. Min\u00e9l t\u00e1volabb \u00fcl\u00fcnk, ann\u00e1l kisebbnek t\u0171nik a t\u00e9v\u00e9. Az ide\u00e1lis az, ha a k\u00e9perny\u0151 a l\u00e1t\u00f3mez\u0151 egy bizonyos r\u00e9sz\u00e9t kit\u00f6lti, b\u00e1r az, hogy mennyi az a &#8222;bizonyos&#8221;, vita t\u00e1rgy\u00e1t k\u00e9pezi.<\/p>\n<p>A <a href=\"https:\/\/www.thx.com\/room-size\" target=\"_blank\" target=\"_blank\" rel=\"noopener noreferrer\">THX<\/a> p\u00e9ld\u00e1ul azt javasolja, hogy <strong>az \u00fcl\u0151hely \u00e9s a t\u00e9v\u00e9k\u00e9sz\u00fcl\u00e9k k\u00f6z\u00f6tti centim\u00e9terben megadott t\u00e1vols\u00e1got szorozzuk meg 0,835-tel<\/strong>. Ez az \u00e9rt\u00e9k lesz a k\u00e9perny\u0151 aj\u00e1nlott \u00e1tl\u00f3m\u00e9rete. Teh\u00e1t, ha a legt\u00f6bb emberhez hasonl\u00f3an k\u00f6r\u00fclbel\u00fcl 2,7 m\u00e9terre \u00fclsz a t\u00e9v\u00e9t\u00e9t\u0151l, akkor egy nagyj\u00e1b\u00f3l 228 cm-es k\u00e9p\u00e1tl\u00f3j\u00fa k\u00e9perny\u0151re lesz sz\u00fcks\u00e9ged. Teh\u00e1t igen, az a benga nagy, 160 centis \u00e1tm\u00e9r\u0151j\u0171 t\u00e9v\u00e9, amit n\u00e9zel, nem is t\u00fal nagy, legal\u00e1bbis a THX szerint. A Society of Motion Picture and Television Engineers <strong>30 fokos betekint\u00e9si sz\u00f6get <a href=\"https:\/\/www.cnet.com\/tech\/home-entertainment\/tv-sizes-how-big-a-screen-do-i-really-need\/\" target=\"_blank\" target=\"_blank\" rel=\"noopener noreferrer\">javasol<\/a><\/strong>, ami j\u00f3val kisebb, mint a THX. Az SMPTE aj\u00e1nl\u00e1s\u00e1nak val\u00f3 megfelel\u00e9shez szorozd meg az \u00fcl\u0151hely t\u00e1vols\u00e1g\u00e1t 0,625-tel. Teh\u00e1t a 2,7 m\u00e9teres p\u00e9ld\u00e1nkat tekintve ez egy 170 cm k\u00f6r\u00fcli t\u00e9v\u00e9t jelent (teh\u00e1t egy 65 vagy 70 colos modell is megfelelne).<\/p>\n<p>B\u00e1r ezek j\u00f3 ir\u00e1nymutat\u00e1sok, de az\u00e9rt nem \u00e9rdemes k\u0151be v\u00e9sett t\u00f6rv\u00e9nyszer\u0171s\u00e9gk\u00e9nt tekinteni r\u00e1juk. T\u00fal k\u00f6nny\u0171 belemer\u00fclni a sz\u00e1mok j\u00e1t\u00e9k\u00e1ba, amikor a val\u00f3s\u00e1g sokkal \u00f6sszetettebb, ugyanis vannak m\u00e9g tov\u00e1bbi t\u00e9nyez\u0151k is, melyek szerepet kaphatnak ebben a k\u00e9rd\u00e9sben.<\/p>\n<h2>Felbont\u00e1s \u00e9s m\u00e9ret<\/h2>\n<figure id=\"attachment_2209993\" aria-describedby=\"caption-attachment-2209993\" style=\"width: 755px\" class=\"wp-caption alignnone\"><img loading=\"lazy\" decoding=\"async\" class=\"size-article-size-large-image wp-image-2209993\" src=\"https:\/\/www.startlap.hu\/vasarlas\/uploads\/2021\/08\/nagy-kepernyo-755x503.jpg\" alt=\"Hatalmas k\u00e9perny\u0151 el\u0151tt \u00e1ll\u00f3 ember\" width=\"755\" height=\"503\" srcset=\"https:\/\/www.startlap.hu\/vasarlas\/uploads\/2021\/08\/nagy-kepernyo-755x503.jpg 755w, https:\/\/www.startlap.hu\/vasarlas\/uploads\/2021\/08\/nagy-kepernyo-525x350.jpg 525w, https:\/\/www.startlap.hu\/vasarlas\/uploads\/2021\/08\/nagy-kepernyo.jpg 1200w\" sizes=\"auto, (max-width: 755px) 100vw, 755px\" \/><figcaption id=\"caption-attachment-2209993\" class=\"wp-caption-text\">Forr\u00e1s: Getty Images<\/figcaption><\/figure>\n<p>Szinte minden \u00faj t\u00e9v\u00e9 Ultra HD 4K felbont\u00e1s\u00fa. Egyre t\u00f6bb a 8K is. Csak a legkisebb \u00e9s legolcs\u00f3bb modellek rendelkeznek m\u00e1r csak HD (1080p vagy 720p) felbont\u00e1ssal. Ahhoz, hogy a 4K vagy 8K felbont\u00e1s\u00fa k\u00e9p minden r\u00e9szlet\u00e9t l\u00e1thassuk, vagy nagyon k\u00f6zel kell \u00fcln\u00fcnk a k\u00e9sz\u00fcl\u00e9khez, vagy nagyon nagy t\u00e9v\u00e9 kell hozz\u00e1.<\/p>\n<p>Val\u00f3j\u00e1ban, ha a kor\u00e1bban t\u00e1rgyalt t\u00e1vols\u00e1gb\u00f3l n\u00e9zz\u00fck, m\u00e9g a &#8222;nagy&#8221; t\u00e9v\u00e9k is t\u00fal kicsik ahhoz, hogy marad\u00e9ktalanul ki\u00e9lvezhess\u00fck azt, amire k\u00e9pesek. Vagy m\u00e1sk\u00e9pp fogalmazva, a k\u00f6vetkez\u0151 t\u00e9v\u00e9d felbont\u00e1sa b\u0151s\u00e9gesen elegend\u0151 lesz a sz\u00e1modra, hacsak nem \u00fclsz nagyon k\u00f6zel, vagy nem egy kiv\u00e9telesen nagy (2,5 m\u00e9teres \u00e1tm\u00e9r\u0151 feletti) t\u00e9v\u00e9t v\u00e1s\u00e1rolsz. Ha tudni szeretn\u00e9d, milyen messze kell \u00fcln\u00f6d ahhoz, hogy m\u00e1r ne l\u00e1thasd az egyes pixeleket, a <a href=\"https:\/\/www.sony.com\/electronics\/support\/articles\/00008601\" target=\"_blank\" target=\"_blank\" rel=\"noopener noreferrer\">Sony<\/a> a k\u00f6vetkez\u0151 t\u00e1bl\u00e1zatot aj\u00e1nlja a 4k-s t\u00e9v\u00e9khez:<\/p>\n<table style=\"height: 198px;\" width=\"646\">\n<tbody>\n<tr>\n<td style=\"width: 315px;\"><strong>TV k\u00e9perny\u0151\u00e1tl\u00f3 m\u00e9rete<\/strong><\/td>\n<td style=\"width: 315px;\"><strong>T\u00e1vols\u00e1g (kb.)<\/strong><\/td>\n<\/tr>\n<tr>\n<td style=\"width: 315px;\"><strong>43 col (109 cm)<\/strong><\/td>\n<td style=\"width: 315px;\"><strong>90 cm<\/strong><\/td>\n<\/tr>\n<tr>\n<td style=\"width: 315px;\"><strong>49 col&nbsp; (124 cm)<\/strong><\/td>\n<td style=\"width: 315px;\"><strong>100 cm<\/strong><\/td>\n<\/tr>\n<tr>\n<td style=\"width: 315px;\"><strong>55 col (140 cm)<\/strong><\/td>\n<td style=\"width: 315px;\"><strong>100 cm<\/strong><\/td>\n<\/tr>\n<tr>\n<td style=\"width: 315px;\"><strong>65 col (165 cm)<\/strong><\/td>\n<td style=\"width: 315px;\"><strong>120 cm<\/strong><\/td>\n<\/tr>\n<tr>\n<td style=\"width: 315px;\"><strong>75 col (190 cm)<\/strong><\/td>\n<td style=\"width: 315px;\"><strong>140 cm<\/strong><\/td>\n<\/tr>\n<tr>\n<td style=\"width: 315px;\"><strong>85 col (215 cm)<\/strong><\/td>\n<td style=\"width: 315px;\"><strong>160 cm<\/strong><\/td>\n<\/tr>\n<\/tbody>\n<\/table>\n<p>&nbsp;<\/p>\n<p>Az \u00e1rnyoldala a t\u00e9v\u00e9n\u00f6vel\u00e9snek az, hogy <strong>a gyeng\u00e9bb min\u0151s\u00e9g\u0171 tartalmak eset\u00e9ben a nagy k\u00e9sz\u00fcl\u00e9k t\u00f6bb hib\u00e1t fog felfedni.<\/strong> Ha a jelenlegi t\u00e9v\u00e9den m\u0171sorok \u00e9s filmek n\u00e9z\u00e9se k\u00f6zben daraboss\u00e1got, vide\u00f3zajt vagy egy\u00e9b hasonl\u00f3 gikszereket \u00e9szlelsz, egy nagyobb modell m\u00e9g ink\u00e1bb kikont\u00farozza ezeket a probl\u00e9m\u00e1kat.<\/p>\n<p>Mindezeken t\u00fal olyasmiken is \u00e9rdemes elgondolkodni, hogy l\u00e9tezhet-e t\u00fal nagy t\u00e9v\u00e9? Mikor j\u00f6n el az a pont, amikor a hatalmas fekete t\u00e9glalap a m\u00e9ret\u00e9b\u0151l ad\u00f3d\u00f3an a szoba egyetlen t\u00e1rgy\u00e1v\u00e1 v\u00e1lik? Persze ez is egy szubjekt\u00edv dolog lehet, van akit egy\u00e1ltal\u00e1n nem zavar ez a jelens\u00e9g \u00e9s olyan is akad, akit ki lehet kergetni vele a vil\u00e1gb\u00f3l. Az ut\u00f3bbiaknak j\u00f3 megold\u00e1s lehet, ha kiv\u00e1gj\u00e1k kartonpap\u00edrb\u00f3l a megv\u00e1s\u00e1rolni tervezett t\u00e9v\u00e9 m\u00e9ret\u00e9t \u00e9s \u00edgy a s\u00falyos p\u00e9nzek kifizet\u00e9se el\u0151tt kider\u00fclhet, hogy meg tudnak-e bar\u00e1tkozni egy akkora feketes\u00e9ggel a nappalijukban. Vagy a h\u00e1l\u00f3jukban, vagy a sp\u00e1jzban a komp\u00f3tok k\u00f6z\u00f6tt, ki hol szeret t\u00e9v\u00e9t n\u00e9zni.<\/p>\n<div class=\"o-widget m-readMoreWidget -readMore u-shortDecorLineAfter row widget-container _ce_measure_widget bigdata-widget read-more\" data-ce-measure-widget=\"olvass tov\u00e1bb\">\n\t<div class=\"m-readMoreWidget__imgWrapper image-wrapper col-12 col-md-4 no-p\">\n\t\t<a class=\"m-readMoreWidget__imgLink\" href=\"https:\/\/www.startlap.hu\/vasarlas\/hogyan-szereljuk-falra-a-tevet\/\" >\n\t\t\t<img decoding=\"async\" src=\"https:\/\/www.startlap.hu\/vasarlas\/uploads\/2020\/09\/TV-falra-szereles-350x285.jpg\" class=\"m-readMoreWidget__img\">\n\t\t<\/a>\n\t<\/div>\n\t<div class=\"m-readMoreWidget__titleWrapper title-wrapper col-12 col-md-8\">\n\t\t<span class=\"m-readMoreWidget__titleLabel u-shortDecorLineBefore label hidden-sm-up\">Ez is \u00e9rdekelhet:<\/span>\n\t\t<h3 class=\"m-readMoreWidget__title title\">\n\t\t\t<a class=\"m-readMoreWidget__titleLink -secondFont u-bold u-upperCase\" href=\"https:\/\/www.startlap.hu\/vasarlas\/hogyan-szereljuk-falra-a-tevet\/\" >Hogyan szerelj\u00fck falra a t\u00e9v\u00e9t?<\/a>\n\t\t<\/h3>\n\t\t<a class=\"m-readMoreWidget__btn -coloredBack u-tC link\" href=\"https:\/\/www.startlap.hu\/vasarlas\/hogyan-szereljuk-falra-a-tevet\/\" >Elolvasom<\/a>\n\t<\/div>\n<\/div>\n","protected":false},"excerpt":{"rendered":"<p>Rengeteg szempontot kell figyelembe venn\u00fcnk a sz\u00e1munkra ide\u00e1lis m\u00e9ret\u0171 t\u00e9v\u00e9 kiv\u00e1laszt\u00e1sakor \u00e9s ezek k\u00f6z\u00fcl csak egy az \u00e1ra, van m\u00e9g emellett p\u00e1r, amin \u00e9rdemes lesz elgondolkodni.<\/p>\n","protected":false},"author":38,"featured_media":2209993,"comment_status":"open","ping_status":"open","sticky":false,"template":"","format":"standard","meta":{"footnotes":""},"categories":[8089],"tags":[15659,12747,15660,15661,20],"class_list":["post-2209991","post","type-post","status-publish","format-standard","has-post-thumbnail","hentry","category-otthon","tag-atlo","tag-kepernyo","tag-meret","tag-tavolsag","tag-tv"],"aioseo_notices":[],"_links":{"self":[{"href":"https:\/\/www.startlap.hu\/vasarlas\/wp-json\/wp\/v2\/posts\/2209991","targetHints":{"allow":["GET"]}}],"collection":[{"href":"https:\/\/www.startlap.hu\/vasarlas\/wp-json\/wp\/v2\/posts"}],"about":[{"href":"https:\/\/www.startlap.hu\/vasarlas\/wp-json\/wp\/v2\/types\/post"}],"author":[{"embeddable":true,"href":"https:\/\/www.startlap.hu\/vasarlas\/wp-json\/wp\/v2\/users\/38"}],"replies":[{"embeddable":true,"href":"https:\/\/www.startlap.hu\/vasarlas\/wp-json\/wp\/v2\/comments?post=2209991"}],"version-history":[{"count":4,"href":"https:\/\/www.startlap.hu\/vasarlas\/wp-json\/wp\/v2\/posts\/2209991\/revisions"}],"predecessor-version":[{"id":2210050,"href":"https:\/\/www.startlap.hu\/vasarlas\/wp-json\/wp\/v2\/posts\/2209991\/revisions\/2210050"}],"wp:featuredmedia":[{"embeddable":true,"href":"https:\/\/www.startlap.hu\/vasarlas\/wp-json\/wp\/v2\/media\/2209993"}],"wp:attachment":[{"href":"https:\/\/www.startlap.hu\/vasarlas\/wp-json\/wp\/v2\/media?parent=2209991"}],"wp:term":[{"taxonomy":"category","embeddable":true,"href":"https:\/\/www.startlap.hu\/vasarlas\/wp-json\/wp\/v2\/categories?post=2209991"},{"taxonomy":"post_tag","embeddable":true,"href":"https:\/\/www.startlap.hu\/vasarlas\/wp-json\/wp\/v2\/tags?post=2209991"}],"curies":[{"name":"wp","href":"https:\/\/api.w.org\/{rel}","templated":true}]}}