{"id":2207205,"date":"2021-06-24T09:33:45","date_gmt":"2021-06-24T07:33:45","guid":{"rendered":"https:\/\/www.startlap.hu\/vasarlas\/?p=2207205"},"modified":"2021-06-24T11:10:24","modified_gmt":"2021-06-24T09:10:24","slug":"elelmiszer-dragulas-eu-javaslat","status":"publish","type":"post","link":"https:\/\/www.startlap.hu\/vasarlas\/elelmiszer-dragulas-eu-javaslat\/","title":{"rendered":"Dr\u00e1gulhatnak az \u00e9lelmiszerek, ha az Eur\u00f3pai Uni\u00f3 elfogadja az \u00faj javaslatot"},"content":{"rendered":"<p>Sokan \u00e9rtetlens\u00e9ggel n\u00e9znek arra a javaslatra, ami jelent\u0151sen <a href=\"https:\/\/www.startlap.hu\/vasarlas\/ksh-dragulas-elelmiszer-tejtermek-hus\/\" target=\"_blank\" rel=\"noopener noreferrer\">megdr\u00e1g\u00edtan\u00e1<\/a> az \u00e9lelmiszereket \u00e9s plusz k\u00f6telezetts\u00e9geket r\u00f3na az eur\u00f3pai gazd\u00e1kra. &#8222;A n\u00e9pszer\u0171nek t\u0171n\u0151, de nagyon buta megold\u00e1sok od\u00e1ig vezetnek, hogy le fog csap\u00f3dni a fogyaszt\u00f3kn\u00e1l is mindez, hiszen elviselhetetlen terheket rakunk az agr\u00e1rt\u00e1rsadalomra \u00fagy, hogy felborul az az egyens\u00faly, ami eddig jellemezte az Eur\u00f3pai Uni\u00f3t. Az Eur\u00f3pai Uni\u00f3n bel\u00fcli \u00e9lelmiszertermel\u00e9s a vil\u00e1gon a legbiztons\u00e1gosabb, legjobban szervezett rendszer, gondoljunk a term\u00e9szetv\u00e9delmi, \u00e1llateg\u00e9szs\u00e9g\u00fcgyi, \u00e1llatj\u00f3l\u00e9ti szab\u00e1lyokra, de ezek <strong>t\u00f6bbletk\u00f6lts\u00e9geket, illetve bev\u00e9telkies\u00e9st okoznak a gazd\u00e1knak<\/strong> &#8211; ez\u00e9rt vannak a t\u00e1mogat\u00e1sok&#8221; &#8211; mondta a TV2 Mokk\u00e1ban a NAK eln\u00f6ke, Gy\u0151rffy Bal\u00e1zs.<\/p>\n<figure id=\"attachment_2202866\" aria-describedby=\"caption-attachment-2202866\" style=\"width: 755px\" class=\"wp-caption alignnone\"><a href=\"https:\/\/www.startlap.hu\/vasarlas\/uploads\/2021\/02\/elelmiszerraktar.jpg\"><img loading=\"lazy\" decoding=\"async\" class=\"size-article-size-large-image wp-image-2202866\" src=\"https:\/\/www.startlap.hu\/vasarlas\/uploads\/2021\/02\/elelmiszerraktar-755x506.jpg\" alt=\"\" width=\"755\" height=\"506\" srcset=\"https:\/\/www.startlap.hu\/vasarlas\/uploads\/2021\/02\/elelmiszerraktar-755x506.jpg 755w, https:\/\/www.startlap.hu\/vasarlas\/uploads\/2021\/02\/elelmiszerraktar-522x350.jpg 522w, https:\/\/www.startlap.hu\/vasarlas\/uploads\/2021\/02\/elelmiszerraktar.jpg 1200w\" sizes=\"auto, (max-width: 755px) 100vw, 755px\" \/><\/a><figcaption id=\"caption-attachment-2202866\" class=\"wp-caption-text\">Illusztr\u00e1ci\u00f3 (Getty Images)<\/figcaption><\/figure>\n<p>Az \u00e9ppen emiatt min\u0151s\u00e9gi, de dr\u00e1g\u00e1bb term\u00e9ket a fogyaszt\u00f3k egy r\u00e9sze az \u00e1r\u00e9rz\u00e9kenys\u00e9g miatt olcs\u00f3bb \u00e9s sil\u00e1nyabb term\u00e9kekre cser\u00e9li, \u00edgy egy olyan helyzet alakul ki, ami az eur\u00f3pai agr\u00e1riumot, vid\u00e9ket t\u00f6nkre fogja tenni. Al\u00e1\u00edr\u00e1sgy\u0171jt\u00e9st szerveztek annak \u00e9rdek\u00e9ben, hogy tartsanak ki a tan\u00e1csban az agr\u00e1rminiszterek \u00e9s k\u00e9pviselj\u00e9k a j\u00f3zan \u00e9szt.<\/p>\n<blockquote class=\"article__extraTxt\"><p>Egy hat\u00e1stanulm\u00e1ny szerint lesznek olyan term\u00e9kcsoportok, ahol 50%-os \u00e1remelked\u00e9st eredm\u00e9nyezhet ez a program.<\/p><\/blockquote>\n<p>Tov\u00e1bbi probl\u00e9ma, hogy p\u00e9ld\u00e1ul az a braz\u00edliai \u00e9lelmiszer j\u00f6het, amit ott az EU-ban \u00e9vtizedekkel ezel\u0151tt betiltott szerekkel kezeltek, bezzeg az itteni gazd\u00e1kra s\u00falyos terheket akarnak telep\u00edteni&#8230;<\/p>\n<p><iframe loading=\"lazy\" width=\"640\" height=\"360\" frameborder=\"0\" src=\"https:\/\/tv2play.hu\/embed\/mokka\/dragulnak_az_elelmiszerek_ha_az_europai_unio_elfogadja_az_uj_torvenyt\"><\/iframe><\/p>\n<p>&nbsp;<\/p>\n<div class=\"o-widget m-readMoreWidget -readMore u-shortDecorLineAfter row widget-container _ce_measure_widget bigdata-widget read-more\" data-ce-measure-widget=\"olvass tov\u00e1bb\">\n\t<div class=\"m-readMoreWidget__imgWrapper image-wrapper col-12 col-md-4 no-p\">\n\t\t<a class=\"m-readMoreWidget__imgLink\" href=\"https:\/\/www.startlap.hu\/vasarlas\/dragulas-inflacio-magyarorszag-aprilis\/\" >\n\t\t\t<img decoding=\"async\" src=\"https:\/\/www.startlap.hu\/vasarlas\/uploads\/2021\/04\/penztarca-350x285.jpg\" class=\"m-readMoreWidget__img\">\n\t\t<\/a>\n\t<\/div>\n\t<div class=\"m-readMoreWidget__titleWrapper title-wrapper col-12 col-md-8\">\n\t\t<span class=\"m-readMoreWidget__titleLabel u-shortDecorLineBefore label hidden-sm-up\">Ez is \u00e9rdekelhet:<\/span>\n\t\t<h3 class=\"m-readMoreWidget__title title\">\n\t\t\t<a class=\"m-readMoreWidget__titleLink -secondFont u-bold u-upperCase\" href=\"https:\/\/www.startlap.hu\/vasarlas\/dragulas-inflacio-magyarorszag-aprilis\/\" >8 \u00e9s f\u00e9l \u00e9ve nem m\u00e9rt\u00e9k ekkora \u00e1remelked\u00e9st Magyarorsz\u00e1gon<\/a>\n\t\t<\/h3>\n\t\t<a class=\"m-readMoreWidget__btn -coloredBack u-tC link\" href=\"https:\/\/www.startlap.hu\/vasarlas\/dragulas-inflacio-magyarorszag-aprilis\/\" >Elolvasom<\/a>\n\t<\/div>\n<\/div>\n","protected":false},"excerpt":{"rendered":"<p>Jelent\u0151sen dr\u00e1gulhatnak az \u00e9lelmiszerek, ha az Eur\u00f3pai Uni\u00f3 d\u00f6nt\u00e9shoz\u00f3i elfogadnak egy javaslatot &#8211; err\u0151l besz\u00e9lt a NAK (Nemzeti Agr\u00e1rgazdas\u00e1gi Kamara) eln\u00f6ke, Gy\u0151rffy Bal\u00e1zs.<\/p>\n","protected":false},"author":43,"featured_media":2202866,"comment_status":"open","ping_status":"open","sticky":false,"template":"","format":"standard","meta":{"footnotes":""},"categories":[8180],"tags":[3205,245,39],"class_list":["post-2207205","post","type-post","status-publish","format-standard","has-post-thumbnail","hentry","category-trending","tag-dragulas","tag-elelmiszer","tag-europai-unio"],"aioseo_notices":[],"_links":{"self":[{"href":"https:\/\/www.startlap.hu\/vasarlas\/wp-json\/wp\/v2\/posts\/2207205","targetHints":{"allow":["GET"]}}],"collection":[{"href":"https:\/\/www.startlap.hu\/vasarlas\/wp-json\/wp\/v2\/posts"}],"about":[{"href":"https:\/\/www.startlap.hu\/vasarlas\/wp-json\/wp\/v2\/types\/post"}],"author":[{"embeddable":true,"href":"https:\/\/www.startlap.hu\/vasarlas\/wp-json\/wp\/v2\/users\/43"}],"replies":[{"embeddable":true,"href":"https:\/\/www.startlap.hu\/vasarlas\/wp-json\/wp\/v2\/comments?post=2207205"}],"version-history":[{"count":3,"href":"https:\/\/www.startlap.hu\/vasarlas\/wp-json\/wp\/v2\/posts\/2207205\/revisions"}],"predecessor-version":[{"id":2207219,"href":"https:\/\/www.startlap.hu\/vasarlas\/wp-json\/wp\/v2\/posts\/2207205\/revisions\/2207219"}],"wp:featuredmedia":[{"embeddable":true,"href":"https:\/\/www.startlap.hu\/vasarlas\/wp-json\/wp\/v2\/media\/2202866"}],"wp:attachment":[{"href":"https:\/\/www.startlap.hu\/vasarlas\/wp-json\/wp\/v2\/media?parent=2207205"}],"wp:term":[{"taxonomy":"category","embeddable":true,"href":"https:\/\/www.startlap.hu\/vasarlas\/wp-json\/wp\/v2\/categories?post=2207205"},{"taxonomy":"post_tag","embeddable":true,"href":"https:\/\/www.startlap.hu\/vasarlas\/wp-json\/wp\/v2\/tags?post=2207205"}],"curies":[{"name":"wp","href":"https:\/\/api.w.org\/{rel}","templated":true}]}}