{"id":2207138,"date":"2021-06-22T10:53:49","date_gmt":"2021-06-22T08:53:49","guid":{"rendered":"https:\/\/www.startlap.hu\/vasarlas\/?p=2207138"},"modified":"2021-06-22T12:59:06","modified_gmt":"2021-06-22T10:59:06","slug":"veszelyes-paradicsomvirus-utotte-fel-a-fejet-magyarorszagon","status":"publish","type":"post","link":"https:\/\/www.startlap.hu\/vasarlas\/veszelyes-paradicsomvirus-utotte-fel-a-fejet-magyarorszagon\/","title":{"rendered":"Vesz\u00e9lyes paradicsomv\u00edrus \u00fct\u00f6tte fel a fej\u00e9t Magyarorsz\u00e1gon"},"content":{"rendered":"<p>Most m\u00e1jusban &#8211; a N\u00e9bih ellen\u0151rz\u00e9seket k\u00f6vet\u0151 laborat\u00f3riumi vizsg\u00e1latok sor\u00e1n &#8211; k\u00e9t magyarorsz\u00e1gi paradicsomtermel\u0151n\u00e9l is beigazol\u00f3dott ezen k\u00e1ros\u00edt\u00f3 jelenl\u00e9te. <strong>Csongr\u00e1d-Csan\u00e1d megy\u00e9ben egy 5,2 hekt\u00e1ros, Gy\u0151r-Moson-Sopron megy\u00e9ben egy 6,2 hekt\u00e1ros \u00fcvegh\u00e1zban bukkantak a v\u00edrusra.&nbsp;<\/strong><\/p>\n<p>&nbsp;Mindk\u00e9t esetben a n\u00f6v\u00e9nyeg\u00e9szs\u00e9g\u00fcgyi z\u00e1rlat a teljes termeszt\u0151i berendez\u00e9st \u00e9rintette &#8211; adta k\u00f6zz\u00e9 a Nemzeti \u00c9lelmiszerl\u00e1nc-biztons\u00e1gi Hivatal (<strong><a href=\"https:\/\/portal.nebih.gov.hu\/-\/hazankban-is-megjelent-a-paradicsom-barna-termes-rancosodas-virus\" target=\"_blank\" target=\"_blank\" rel=\"noopener noreferrer\">N\u00e9bih<\/a><\/strong>).<\/p>\n<p>Az illet\u00e9kes korm\u00e1nyhivatalok n\u00f6v\u00e9nyv\u00e9delmi szak\u00e9rt\u0151i megind\u00edtott\u00e1k a hat\u00f3s\u00e1gi int\u00e9zked\u00e9st, valamint a fert\u0151z\u00e9sek eredet\u00e9nek felkutat\u00e1s\u00e1t. Az infekci\u00f3 t\u00e9rh\u00f3d\u00edt\u00e1s\u00e1nak meg\u00e1ll\u00edt\u00e1sa \u00e9rdek\u00e9ben er\u0151s higi\u00e9niai szab\u00e1lyokat hoztak, amelyek magukban foglalj\u00e1k a fert\u0151z\u00e9s terjeszt\u00e9s\u00e9t el\u0151seg\u00edt\u0151 mindennem\u0171 anyag (g\u00f6ngy\u00f6leg, munkaruha, metsz\u0151oll\u00f3) folyamatos fert\u0151tlen\u00edt\u00e9s\u00e9t.<\/p>\n<div class=\"o-widget m-readMoreWidget -readMore u-shortDecorLineAfter row widget-container _ce_measure_widget bigdata-widget read-more\" data-ce-measure-widget=\"olvass tov\u00e1bb\">\n\t<div class=\"m-readMoreWidget__imgWrapper image-wrapper col-12 col-md-4 no-p\">\n\t\t<a class=\"m-readMoreWidget__imgLink\" href=\"https:\/\/www.startlap.hu\/vasarlas\/yoom-paradicsom-boltok\/\" >\n\t\t\t<img decoding=\"async\" src=\"https:\/\/www.startlap.hu\/vasarlas\/uploads\/2021\/05\/paradicsomtermesztes-350x285.jpg\" class=\"m-readMoreWidget__img\">\n\t\t<\/a>\n\t<\/div>\n\t<div class=\"m-readMoreWidget__titleWrapper title-wrapper col-12 col-md-8\">\n\t\t<span class=\"m-readMoreWidget__titleLabel u-shortDecorLineBefore label hidden-sm-up\">Ez is \u00e9rdekelhet:<\/span>\n\t\t<h3 class=\"m-readMoreWidget__title title\">\n\t\t\t<a class=\"m-readMoreWidget__titleLink -secondFont u-bold u-upperCase\" href=\"https:\/\/www.startlap.hu\/vasarlas\/yoom-paradicsom-boltok\/\" >Egyedi \u00edz\u0171-sz\u00edn\u0171 paradicsom ker\u00fcl a boltokba<\/a>\n\t\t<\/h3>\n\t\t<a class=\"m-readMoreWidget__btn -coloredBack u-tC link\" href=\"https:\/\/www.startlap.hu\/vasarlas\/yoom-paradicsom-boltok\/\" >Elolvasom<\/a>\n\t<\/div>\n<\/div>\n<p>Gondosan kell elj\u00e1rni az \u00fcvegh\u00e1zb\u00f3l kiker\u00fcl\u0151 z\u00f6ld mell\u00e9kterm\u00e9k \u00e1rtalmatlan\u00edt\u00e1s\u00e1val kapcsolatban is, amely megval\u00f3sulhat a hat\u00f3s\u00e1g \u00e1ltal kijel\u00f6lt helysz\u00ednen elf\u00f6ldel\u00e9ssel vagy hullad\u00e9klerak\u00f3ba sz\u00e1ll\u00edt\u00e1ssal. Fontos tov\u00e1bb\u00e1 a termel\u00e9si ciklus v\u00e9g\u00e9n a teljes \u00fcvegh\u00e1z fert\u0151tlen\u00edt\u00e9se is.<\/p>\n<p><strong>A hat\u00f3s\u00e1gi ellen\u0151rz\u00e9s mellett &#8211; egyes esetekben &#8211; a t\u00fcnetmentes paradicsombogy\u00f3k hazai elad\u00e1s\u00e1ra tov\u00e1bbra is lehet\u0151s\u00e9g van.<\/strong><\/p>\n<p>A ToBRFV t\u00fcneteinek els\u0151 felt\u0171n\u00e9se ut\u00e1n a gyan\u00fat jelezni kell a ter\u00fcletileg illet\u00e9kes megyei korm\u00e1nyhivatalnak. Ezzel egy\u00fctt a N\u00e9bih felh\u00edvta a lakoss\u00e1g figyelm\u00e9t, hogy a v\u00edrus csak a n\u00f6v\u00e9nyeket k\u00e1ros\u00edthatja, az emberi eg\u00e9szs\u00e9gre \u00e1rtalmatlan.<\/p>\n","protected":false},"excerpt":{"rendered":"<p>Sajnos egy \u00fajabb, a paradicsomot k\u00e1ros\u00edt\u00f3 v\u00edrus jelent meg idehaza. A Tomato brown rugose fruit virus (ToBRFV) eladhatatlann\u00e1 teszi a term\u00e9st, l\u00e9v\u00e9n barna r\u00e1ncosod\u00e1st okoz. <\/p>\n","protected":false},"author":20,"featured_media":2207146,"comment_status":"open","ping_status":"open","sticky":false,"template":"","format":"standard","meta":{"footnotes":""},"categories":[8180],"tags":[1060,6027,15167,15168],"class_list":["post-2207138","post","type-post","status-publish","format-standard","has-post-thumbnail","hentry","category-trending","tag-fertozes","tag-paradicsom","tag-tobrfv-virus","tag-uveghaz"],"aioseo_notices":[],"_links":{"self":[{"href":"https:\/\/www.startlap.hu\/vasarlas\/wp-json\/wp\/v2\/posts\/2207138","targetHints":{"allow":["GET"]}}],"collection":[{"href":"https:\/\/www.startlap.hu\/vasarlas\/wp-json\/wp\/v2\/posts"}],"about":[{"href":"https:\/\/www.startlap.hu\/vasarlas\/wp-json\/wp\/v2\/types\/post"}],"author":[{"embeddable":true,"href":"https:\/\/www.startlap.hu\/vasarlas\/wp-json\/wp\/v2\/users\/20"}],"replies":[{"embeddable":true,"href":"https:\/\/www.startlap.hu\/vasarlas\/wp-json\/wp\/v2\/comments?post=2207138"}],"version-history":[{"count":4,"href":"https:\/\/www.startlap.hu\/vasarlas\/wp-json\/wp\/v2\/posts\/2207138\/revisions"}],"predecessor-version":[{"id":2207151,"href":"https:\/\/www.startlap.hu\/vasarlas\/wp-json\/wp\/v2\/posts\/2207138\/revisions\/2207151"}],"wp:featuredmedia":[{"embeddable":true,"href":"https:\/\/www.startlap.hu\/vasarlas\/wp-json\/wp\/v2\/media\/2207146"}],"wp:attachment":[{"href":"https:\/\/www.startlap.hu\/vasarlas\/wp-json\/wp\/v2\/media?parent=2207138"}],"wp:term":[{"taxonomy":"category","embeddable":true,"href":"https:\/\/www.startlap.hu\/vasarlas\/wp-json\/wp\/v2\/categories?post=2207138"},{"taxonomy":"post_tag","embeddable":true,"href":"https:\/\/www.startlap.hu\/vasarlas\/wp-json\/wp\/v2\/tags?post=2207138"}],"curies":[{"name":"wp","href":"https:\/\/api.w.org\/{rel}","templated":true}]}}