{"id":2206924,"date":"2021-06-15T16:33:49","date_gmt":"2021-06-15T14:33:49","guid":{"rendered":"https:\/\/www.startlap.hu\/vasarlas\/?p=2206924"},"modified":"2021-06-15T16:25:32","modified_gmt":"2021-06-15T14:25:32","slug":"wish-gvh-akcio-tisztessegtelen-kereskedelmi-gyakorlat","status":"publish","type":"post","link":"https:\/\/www.startlap.hu\/vasarlas\/wish-gvh-akcio-tisztessegtelen-kereskedelmi-gyakorlat\/","title":{"rendered":"A Wish ut\u00e1n vizsg\u00e1l\u00f3dik a GVH: bajok vannak az akci\u00f3kkal?"},"content":{"rendered":"<p>A versenyhat\u00f3s\u00e1g vizsg\u00e1latot ind\u00edtott az amerikai Wish web\u00e1ruh\u00e1z eur\u00f3pai m\u0171k\u00f6dtet\u0151j\u00e9vel, a holland ContextLogic B.V-vel szemben. A GVH ugyanis azt val\u00f3sz\u00edn\u0171s\u00edti, hogy a Magyarorsz\u00e1gon is jelent\u0151s sz\u00e1m\u00fa felhaszn\u00e1l\u00f3val rendelkez\u0151 e-kereskedelmi platform <strong>akci\u00f3tart\u00e1si gyakorlata a tisztess\u00e9gtelen kereskedelmi gyakorlat tilalm\u00e1ba \u00fctk\u00f6zik<\/strong>.<\/p>\n<h2>Nagy kedvenc itthon<\/h2>\n<p>A Wish az elad\u00f3kat \u00e9s a fogyaszt\u00f3kat \u00f6sszek\u00f6t\u0151, online piact\u00e9rk\u00e9nt m\u0171k\u00f6dik, \u00e9s haz\u00e1nkban is n\u00e9pszer\u0171: egy tavalyi felm\u00e9r\u00e9s alapj\u00e1n a magyar fogyaszt\u00f3k harmadik legkedveltebb k\u00fclf\u00f6ldi web\u00e1ruh\u00e1za. A nemzeti versenyhat\u00f3s\u00e1g szerint azonban az \u00fczemeltet\u0151 felt\u00e9telezhet\u0151en nem az elv\u00e1rhat\u00f3 szakmai gondoss\u00e1ggal j\u00e1r el a platform \u00e1r- \u00e9s kedvezm\u00e9nyfelt\u00fcntet\u00e9si gyakorlat\u00e1nak kialak\u00edt\u00e1sa \u00e9s ellen\u0151rz\u00e9se sor\u00e1n.<\/p>\n<figure id=\"attachment_2206925\" aria-describedby=\"caption-attachment-2206925\" style=\"width: 755px\" class=\"wp-caption alignnone\"><a href=\"https:\/\/www.startlap.hu\/vasarlas\/uploads\/2021\/06\/wish.jpg\"><img loading=\"lazy\" decoding=\"async\" class=\"size-article-size-large-image wp-image-2206925\" src=\"https:\/\/www.startlap.hu\/vasarlas\/uploads\/2021\/06\/wish-755x504.jpg\" alt=\"\" width=\"755\" height=\"504\" srcset=\"https:\/\/www.startlap.hu\/vasarlas\/uploads\/2021\/06\/wish-755x504.jpg 755w, https:\/\/www.startlap.hu\/vasarlas\/uploads\/2021\/06\/wish-525x350.jpg 525w, https:\/\/www.startlap.hu\/vasarlas\/uploads\/2021\/06\/wish.jpg 1024w\" sizes=\"auto, (max-width: 755px) 100vw, 755px\" \/><\/a><figcaption id=\"caption-attachment-2206925\" class=\"wp-caption-text\">Illusztr\u00e1ci\u00f3: Katja Knupper\/Die Fotowerft\/DeFodi Images via Getty Images<\/figcaption><\/figure>\n<p>A <a href=\"https:\/\/www.gvh.hu\/sajtoszoba\/sajtokozlemenyek\/2021-es-sajtokozlemenyek\/a-wish-piacteret-vizsgalja-a-magyar-versenyhatosag\" target=\"_blank\" target=\"_blank\" rel=\"noopener noreferrer\">GVH<\/a> gyan\u00faja szerint bizonyos \u00e1rak feltehet\u0151en val\u00f3tlanok a piact\u00e9ren, azaz a term\u00e9kek az adott \u00e1ron t\u00e9nylegesen nem v\u00e1s\u00e1rolhat\u00f3ak meg a platformon; egyes, jelent\u0151s kedvezm\u00e9nnyel k\u00edn\u00e1lt term\u00e9kek eredeti \u00e1rait pedig a <a href=\"https:\/\/www.startlap.hu\/vasarlas\/webshop-internetes-vasarlas-kiskereskedelem-itm\/\" target=\"_blank\" rel=\"noopener noreferrer\">web\u00e1ruh\u00e1z<\/a> kor\u00e1bban v\u00e9lhet\u0151en sosem alkalmazta. Szint\u00e9n megt\u00e9veszt\u0151ek lehetnek a <strong>visszasz\u00e1ml\u00e1l\u00f3 \u00f3r\u00e1val p\u00e1rosul\u00f3, n\u00e9h\u00e1ny percig kedvezm\u00e9nyt \u00edg\u00e9r\u0151 \u201eazonnali aj\u00e1nlatok\u201d<\/strong> \u2013 ugyanis a fogyaszt\u00f3kat s\u00fcrget\u0151 hat\u00e1rid\u0151 lej\u00e1rta val\u00f3sz\u00edn\u0171leg semmilyen t\u00e9nyleges hat\u00e1ssal nincs sem term\u00e9k \u00e1r\u00e1ra, sem az el\u00e9rhet\u0151s\u00e9g\u00e9re. A vizsg\u00e1lat emellett kit\u00e9r egyes, hangs\u00falyosan megjelen\u0151 term\u00e9kjellemz\u0151k megalapozotts\u00e1g\u00e1ra is (pl. kiemelten felt\u00fcntetett, magas kar\u00e1tsz\u00e1m az esetenk\u00e9nt n\u00e9h\u00e1ny sz\u00e1z forintos \u00e9kszerekn\u00e9l).<\/p>\n<div class=\"o-widget m-readMoreWidget -readMore u-shortDecorLineAfter row widget-container _ce_measure_widget bigdata-widget read-more\" data-ce-measure-widget=\"olvass tov\u00e1bb\">\n\t<div class=\"m-readMoreWidget__imgWrapper image-wrapper col-12 col-md-4 no-p\">\n\t\t<a class=\"m-readMoreWidget__imgLink\" href=\"https:\/\/www.startlap.hu\/vasarlas\/webaruhaz-keszpenzmentes-fizetes-online-rendeles\/\" >\n\t\t\t<img decoding=\"async\" src=\"https:\/\/www.startlap.hu\/vasarlas\/uploads\/2020\/03\/webshop-1-350x285.jpg\" class=\"m-readMoreWidget__img\">\n\t\t<\/a>\n\t<\/div>\n\t<div class=\"m-readMoreWidget__titleWrapper title-wrapper col-12 col-md-8\">\n\t\t<span class=\"m-readMoreWidget__titleLabel u-shortDecorLineBefore label hidden-sm-up\">Ez is \u00e9rdekelhet:<\/span>\n\t\t<h3 class=\"m-readMoreWidget__title title\">\n\t\t\t<a class=\"m-readMoreWidget__titleLink -secondFont u-bold u-upperCase\" href=\"https:\/\/www.startlap.hu\/vasarlas\/webaruhaz-keszpenzmentes-fizetes-online-rendeles\/\" >Hazai web\u00e1ruh\u00e1zak: a rekord\u00e9v ut\u00e1n sincs meg\u00e1ll\u00e1s<\/a>\n\t\t<\/h3>\n\t\t<a class=\"m-readMoreWidget__btn -coloredBack u-tC link\" href=\"https:\/\/www.startlap.hu\/vasarlas\/webaruhaz-keszpenzmentes-fizetes-online-rendeles\/\" >Elolvasom<\/a>\n\t<\/div>\n<\/div>\n<p>A versenyfel\u00fcgyeleti elj\u00e1r\u00e1s megind\u00edt\u00e1sa nem jelenti annak kimond\u00e1s\u00e1t, hogy a v\u00e1llalkoz\u00e1s a jogs\u00e9rt\u00e9st elk\u00f6vette. Az elj\u00e1r\u00e1s a t\u00e9nyek tiszt\u00e1z\u00e1s\u00e1ra \u00e9s ezen kereszt\u00fcl a felt\u00e9telezett jogs\u00e9rt\u00e9s bizony\u00edt\u00e1s\u00e1ra ir\u00e1nyul. Az elj\u00e1r\u00e1s lefolytat\u00e1s\u00e1ra biztos\u00edtott id\u0151tartam h\u00e1rom h\u00f3nap, amely indokolt esetben k\u00e9t alkalommal, egyenk\u00e9nt legfeljebb k\u00e9t h\u00f3nappal meghosszabb\u00edthat\u00f3.<\/p>\n","protected":false},"excerpt":{"rendered":"<p>A Gazdas\u00e1gi Versenyhivatal (GVH) elj\u00e1r\u00e1st ind\u00edtott a Wish online piactere m\u0171k\u00f6d\u00e9si gyakorlat\u00e1nak vizsg\u00e1lat\u00e1ra, ugyanis a n\u00e9pszer\u0171 web\u00e1ruh\u00e1z \u00e1r- \u00e9s kedvezm\u00e9nyfelt\u00fcntet\u00e9si rendszere v\u00e9lhet\u0151en tisztess\u00e9gtelen.<\/p>\n","protected":false},"author":43,"featured_media":2206925,"comment_status":"open","ping_status":"open","sticky":false,"template":"","format":"standard","meta":{"footnotes":""},"categories":[8180],"tags":[611,15123,6806,13343],"class_list":["post-2206924","post","type-post","status-publish","format-standard","has-post-thumbnail","hentry","category-trending","tag-gvh","tag-tisztessegtelen-kereskedelmi-gyakorlat","tag-webshop","tag-wish"],"aioseo_notices":[],"_links":{"self":[{"href":"https:\/\/www.startlap.hu\/vasarlas\/wp-json\/wp\/v2\/posts\/2206924","targetHints":{"allow":["GET"]}}],"collection":[{"href":"https:\/\/www.startlap.hu\/vasarlas\/wp-json\/wp\/v2\/posts"}],"about":[{"href":"https:\/\/www.startlap.hu\/vasarlas\/wp-json\/wp\/v2\/types\/post"}],"author":[{"embeddable":true,"href":"https:\/\/www.startlap.hu\/vasarlas\/wp-json\/wp\/v2\/users\/43"}],"replies":[{"embeddable":true,"href":"https:\/\/www.startlap.hu\/vasarlas\/wp-json\/wp\/v2\/comments?post=2206924"}],"version-history":[{"count":5,"href":"https:\/\/www.startlap.hu\/vasarlas\/wp-json\/wp\/v2\/posts\/2206924\/revisions"}],"predecessor-version":[{"id":2206937,"href":"https:\/\/www.startlap.hu\/vasarlas\/wp-json\/wp\/v2\/posts\/2206924\/revisions\/2206937"}],"wp:featuredmedia":[{"embeddable":true,"href":"https:\/\/www.startlap.hu\/vasarlas\/wp-json\/wp\/v2\/media\/2206925"}],"wp:attachment":[{"href":"https:\/\/www.startlap.hu\/vasarlas\/wp-json\/wp\/v2\/media?parent=2206924"}],"wp:term":[{"taxonomy":"category","embeddable":true,"href":"https:\/\/www.startlap.hu\/vasarlas\/wp-json\/wp\/v2\/categories?post=2206924"},{"taxonomy":"post_tag","embeddable":true,"href":"https:\/\/www.startlap.hu\/vasarlas\/wp-json\/wp\/v2\/tags?post=2206924"}],"curies":[{"name":"wp","href":"https:\/\/api.w.org\/{rel}","templated":true}]}}