{"id":2206720,"date":"2021-06-09T16:03:33","date_gmt":"2021-06-09T14:03:33","guid":{"rendered":"https:\/\/www.startlap.hu\/vasarlas\/?p=2206720"},"modified":"2021-06-09T15:54:53","modified_gmt":"2021-06-09T13:54:53","slug":"magyar-cseresznye-fagykar-kajszi-oszibarack","status":"publish","type":"post","link":"https:\/\/www.startlap.hu\/vasarlas\/magyar-cseresznye-fagykar-kajszi-oszibarack\/","title":{"rendered":"Ak\u00e1r 2-3 ezer forintba is ker\u00fclhet id\u00e9n egy kil\u00f3 cseresznye"},"content":{"rendered":"<p>Tavaly m\u00e1jus 25-\u00e9n kezdt\u00e9k szedni a csereszny\u00e9t, id\u00e9n nagyj\u00e1b\u00f3l k\u00e9thetes cs\u00fasz\u00e1sban vannak. Az el\u0151z\u0151 \u00e9vhez k\u00e9pest valamivel jobbnak mondhat\u00f3 a term\u00e9s mennyis\u00e9ge, de ez nagyon fajtak\u00e9rd\u00e9s, melyik mennyire \u00e1ll ellen az id\u0151j\u00e1r\u00e1snak. Sajnos messze vannak a rekordterm\u00e9sekt\u0151l, <strong>a mennyis\u00e9get megharmadolt\u00e1k a tavaszi fagyok,<\/strong> hullik is a cseresznye, r\u00e1ad\u00e1sul a sereg\u00e9ly sem bar\u00e1tja a termel\u0151knek. Ami az \u00e1rakat illeti, most ak\u00e1r 2-3 ezer forintba is ker\u00fclhet egy kil\u00f3 magyar cseresznye.<\/p>\n<figure id=\"attachment_2206723\" aria-describedby=\"caption-attachment-2206723\" style=\"width: 755px\" class=\"wp-caption alignnone\"><a href=\"https:\/\/www.startlap.hu\/vasarlas\/uploads\/2021\/06\/cseresznye.jpg\"><img loading=\"lazy\" decoding=\"async\" class=\"size-article-size-large-image wp-image-2206723\" src=\"https:\/\/www.startlap.hu\/vasarlas\/uploads\/2021\/06\/cseresznye-755x504.jpg\" alt=\"\" width=\"755\" height=\"504\" srcset=\"https:\/\/www.startlap.hu\/vasarlas\/uploads\/2021\/06\/cseresznye-755x504.jpg 755w, https:\/\/www.startlap.hu\/vasarlas\/uploads\/2021\/06\/cseresznye-525x350.jpg 525w, https:\/\/www.startlap.hu\/vasarlas\/uploads\/2021\/06\/cseresznye.jpg 1273w\" sizes=\"auto, (max-width: 755px) 100vw, 755px\" \/><\/a><figcaption id=\"caption-attachment-2206723\" class=\"wp-caption-text\">Illusztr\u00e1ci\u00f3: Getty Images<\/figcaption><\/figure>\n<p>&#8222;Semmivel nem dr\u00e1g\u00e1bb, mint tavaly. Mondhatn\u00e1nk azt, hogy s\u0151t &#8211; az \u00e1ruh\u00e1zl\u00e1nci besz\u00e1ll\u00edt\u00e1si elv\u00e1r\u00e1sok a tavalyi nyit\u00f3\u00e1r alatt vannak, nyilv\u00e1n ezt sok minden befoly\u00e1solja. Egyr\u00e9szt, hogy milyen a k\u00fclf\u00f6ldr\u0151l behozott \u00e1ra, de legink\u00e1bb a min\u0151s\u00e9g. <strong>A cseresznye fogyaszt\u00f3i \u00e1ra 300-400 forintt\u00f3l 2 ezerig tud menni,<\/strong> ez els\u0151sorban a m\u00e9rett\u0151l, min\u0151s\u00e9gt\u0151l, \u00edzt\u0151l, kin\u00e9zett\u0151l f\u00fcgg&#8221; &#8211; mondta a Mokk\u00e1ban Csizmadia Gy\u00f6rgy, az Alba Fructus Kft. \u00fcgyvezet\u0151je. Hozz\u00e1tette:&nbsp;min\u00e9l s\u00f6t\u00e9tebb, \u00e9rettebb, feket\u00e9bb a cseresznye, ann\u00e1l \u00edzletesebb.<\/p>\n<p><iframe loading=\"lazy\" width=\"640\" height=\"360\" frameborder=\"0\" src=\"https:\/\/tv2play.hu\/embed\/mokka\/meregdraga_lesz_iden_a_cseresznye_akar_tobb_ezer_forint_is_lehet_\"><\/iframe><\/p>\n<p>Az <a href=\"https:\/\/www.startlap.hu\/vasarlas\/szedd-magad-eper-szamoca-ar\/\" target=\"_blank\" rel=\"noopener noreferrer\">eper<\/a> \u00e9s a cseresznye mellett a <a href=\"https:\/\/www.startlap.hu\/vasarlas\/kajszibarack-oszibarack-fagykar\/\" target=\"_blank\" rel=\"noopener noreferrer\">kajszit \u00e9s az \u0151szibarackot<\/a> is megviselte a fagy &#8211; a fogyaszt\u00f3khoz persze el fog jutni mindk\u00e9t gy\u00fcm\u00f6lcs, de az ipari alapanyagokn\u00e1l lehet hi\u00e1ny, amit majd k\u00fclf\u00f6ldr\u0151l p\u00f3tolnak.&nbsp;<\/p>\n<div class=\"o-widget m-readMoreWidget -readMore u-shortDecorLineAfter row widget-container _ce_measure_widget bigdata-widget read-more\" data-ce-measure-widget=\"olvass tov\u00e1bb\">\n\t<div class=\"m-readMoreWidget__imgWrapper image-wrapper col-12 col-md-4 no-p\">\n\t\t<a class=\"m-readMoreWidget__imgLink\" href=\"https:\/\/www.startlap.hu\/vasarlas\/inflacio-aremelkedes-ksh\/\" >\n\t\t\t<img decoding=\"async\" src=\"https:\/\/www.startlap.hu\/vasarlas\/uploads\/2020\/08\/bevasarlokocsi_bolt-350x285.jpg\" class=\"m-readMoreWidget__img\">\n\t\t<\/a>\n\t<\/div>\n\t<div class=\"m-readMoreWidget__titleWrapper title-wrapper col-12 col-md-8\">\n\t\t<span class=\"m-readMoreWidget__titleLabel u-shortDecorLineBefore label hidden-sm-up\">Ez is \u00e9rdekelhet:<\/span>\n\t\t<h3 class=\"m-readMoreWidget__title title\">\n\t\t\t<a class=\"m-readMoreWidget__titleLink -secondFont u-bold u-upperCase\" href=\"https:\/\/www.startlap.hu\/vasarlas\/inflacio-aremelkedes-ksh\/\" >T\u00f6bb mint nyolc\u00e9ves cs\u00facson az \u00e1remelked\u00e9s, k\u00f6zbel\u00e9phet az MNB<\/a>\n\t\t<\/h3>\n\t\t<a class=\"m-readMoreWidget__btn -coloredBack u-tC link\" href=\"https:\/\/www.startlap.hu\/vasarlas\/inflacio-aremelkedes-ksh\/\" >Elolvasom<\/a>\n\t<\/div>\n<\/div>\n","protected":false},"excerpt":{"rendered":"<p>A tavaszi fagyok miatt nemcsak az eper k\u00e9sett t\u00f6bb hetet, de a csereszny\u00e9b\u0151l is kevesebb terem.<\/p>\n","protected":false},"author":43,"featured_media":2206723,"comment_status":"open","ping_status":"open","sticky":false,"template":"","format":"standard","meta":{"footnotes":""},"categories":[8180],"tags":[5085,4178,3205,4414],"class_list":["post-2206720","post","type-post","status-publish","format-standard","has-post-thumbnail","hentry","category-trending","tag-barack","tag-cseresznye","tag-dragulas","tag-meggy"],"aioseo_notices":[],"_links":{"self":[{"href":"https:\/\/www.startlap.hu\/vasarlas\/wp-json\/wp\/v2\/posts\/2206720","targetHints":{"allow":["GET"]}}],"collection":[{"href":"https:\/\/www.startlap.hu\/vasarlas\/wp-json\/wp\/v2\/posts"}],"about":[{"href":"https:\/\/www.startlap.hu\/vasarlas\/wp-json\/wp\/v2\/types\/post"}],"author":[{"embeddable":true,"href":"https:\/\/www.startlap.hu\/vasarlas\/wp-json\/wp\/v2\/users\/43"}],"replies":[{"embeddable":true,"href":"https:\/\/www.startlap.hu\/vasarlas\/wp-json\/wp\/v2\/comments?post=2206720"}],"version-history":[{"count":4,"href":"https:\/\/www.startlap.hu\/vasarlas\/wp-json\/wp\/v2\/posts\/2206720\/revisions"}],"predecessor-version":[{"id":2206727,"href":"https:\/\/www.startlap.hu\/vasarlas\/wp-json\/wp\/v2\/posts\/2206720\/revisions\/2206727"}],"wp:featuredmedia":[{"embeddable":true,"href":"https:\/\/www.startlap.hu\/vasarlas\/wp-json\/wp\/v2\/media\/2206723"}],"wp:attachment":[{"href":"https:\/\/www.startlap.hu\/vasarlas\/wp-json\/wp\/v2\/media?parent=2206720"}],"wp:term":[{"taxonomy":"category","embeddable":true,"href":"https:\/\/www.startlap.hu\/vasarlas\/wp-json\/wp\/v2\/categories?post=2206720"},{"taxonomy":"post_tag","embeddable":true,"href":"https:\/\/www.startlap.hu\/vasarlas\/wp-json\/wp\/v2\/tags?post=2206720"}],"curies":[{"name":"wp","href":"https:\/\/api.w.org\/{rel}","templated":true}]}}