{"id":2205913,"date":"2021-05-14T12:00:37","date_gmt":"2021-05-14T10:00:37","guid":{"rendered":"https:\/\/www.startlap.hu\/vasarlas\/?p=2205913"},"modified":"2021-05-14T12:00:37","modified_gmt":"2021-05-14T10:00:37","slug":"ikea-taska-hangszoro-eselyegyenloseg","status":"publish","type":"post","link":"https:\/\/www.startlap.hu\/vasarlas\/ikea-taska-hangszoro-eselyegyenloseg\/","title":{"rendered":"Az IKEA sziv\u00e1rv\u00e1nyos t\u00e1sk\u00e1val, hangsz\u00f3r\u00f3val kamp\u00e1nyol az egyenl\u0151s\u00e9g\u00e9rt"},"content":{"rendered":"<p>A v\u00e1llalat sz\u00e1mos gyakorlati tippet oszt meg arr\u00f3l, mit tehet b\u00e1rki az LMBT+ mozgalom t\u00e1mogat\u00e1sa \u00e9rdek\u00e9ben, egy\u00fattal <strong>a STORSTOMMA sziv\u00e1rv\u00e1nyos t\u00e1sk\u00e1k elad\u00e1s\u00e1b\u00f3l befolyt \u00f6sszeg egy r\u00e9sz\u00e9t felaj\u00e1nlja a helyi LMBT+ szervezetek jav\u00e1ra<\/strong>.<\/p>\n<blockquote class=\"article__extraTxt\"><p>Az IKEA egy m\u00e1sik kezdem\u00e9nyez\u00e9s r\u00e9szek\u00e9nt ideiglenesen berendezett szob\u00e1kat alak\u00edt ki \u201eNincs k\u00fcl\u00f6nbs\u00e9g&#8221; n\u00e9ven.<\/p><\/blockquote>\n<p>\u201eFontos tudnunk, hogy egy szem\u00e9ly identit\u00e1s\u00e1nak nem kiz\u00e1r\u00f3lag a szexu\u00e1lis orient\u00e1ci\u00f3 vagy a nemi identit\u00e1s elemei azok, amikkel foglalkoznunk kell\u201d \u2013 mondja Roman Bojko, az IKEA magyarorsz\u00e1gi, csehorsz\u00e1gi \u00e9s szlov\u00e1kiai Egyenl\u0151s\u00e9g, Soksz\u00edn\u0171s\u00e9g \u00e9s Befogad\u00e1s vezet\u0151je. Vannak, akik faji, etnikai hovatartoz\u00e1suk, t\u00e1rsadalmi oszt\u00e1lyuk, vall\u00e1suk, testi \u00e9s \u00e9rtelmi k\u00e9pess\u00e9geik stb. miatt szembes\u00fclnek tov\u00e1bbi megk\u00fcl\u00f6nb\u00f6ztet\u00e9ssel. \u201eSz\u00e1munkra az ideiglenesen berendezett szob\u00e1k kialak\u00edt\u00e1sa t\u00f6bb mint szimbolikus. Tudjuk, hogy m\u00e9g mindig sokat kell tenn\u00fcnk annak \u00e9rdek\u00e9ben, hogy az LMBT+ k\u00f6z\u00f6ss\u00e9g minden tagja egyenl\u0151 b\u00e1n\u00e1sm\u00f3dban r\u00e9szes\u00fclj\u00f6n \u00e9s befogadva \u00e9rezze mag\u00e1t.\u201d \u2013 teszi hozz\u00e1 Roman Bojko.<\/p>\n<h2>A t\u00e1sk\u00e1k elad\u00e1s\u00e1b\u00f3l sz\u00e1rmaz\u00f3 nyeres\u00e9get id\u00e9n is a H\u00e1tt\u00e9r T\u00e1rsas\u00e1g sz\u00e1m\u00e1ra aj\u00e1nlja fel<\/h2>\n<p>Ezzel a sziv\u00e1rv\u00e1nyos t\u00e1sk\u00e1val a v\u00e1s\u00e1rl\u00f3k is kifejezhetik t\u00e1mogat\u00e1sukat egy olyan vil\u00e1g ir\u00e1nt, amelyben mindenki otthon \u00e9rzi mag\u00e1t, \u00e9s csatlakozhatnak ahhoz a t\u00f6bb mint 3,5 milli\u00f3 emberhez szerte a vil\u00e1gon, akik b\u00fcszk\u00e9n hordj\u00e1k ezt a t\u00e1sk\u00e1t. 2019 \u00f3ta t\u00f6bb mint 26 orsz\u00e1gban \u00e1rus\u00edtott\u00e1k a <a href=\"https:\/\/www.ikea.com\/hu\/hu\/p\/storstomma-taska-nagy-toebbszinu-10483210\/\" target=\"_blank\">STORSTOMMA&nbsp;<\/a>t\u00e1sk\u00e1t, a bev\u00e9tel egy r\u00e9sz\u00e9t pedig k\u00f6zvetlen\u00fcl az egyenl\u0151s\u00e9g\u00e9rt k\u00fczd\u0151 helyi LMBT+ szervezeteknek juttatt\u00e1k el. \u201eA tavalyi \u00e9vhez hasonl\u00f3an id\u00e9n is a H\u00e1tt\u00e9r T\u00e1rsas\u00e1g sz\u00e1m\u00e1ra szeretn\u00e9nk felaj\u00e1nlani az ikonikus t\u00e1sk\u00e1kb\u00f3l sz\u00e1rmaz\u00f3 bev\u00e9tel egy r\u00e9sz\u00e9t. 2020-ban ennek a kezdem\u00e9nyez\u00e9snek k\u00f6sz\u00f6nhet\u0151en <strong>1,5 milli\u00f3 Ft-tal tudtuk t\u00e1mogatni a szervezet tev\u00e9kenys\u00e9g\u00e9t<\/strong>\u201d \u2013 mondta el Roman Bojko. A sziv\u00e1rv\u00e1nysz\u00edn\u0171 t\u00e1sk\u00e1k 495 Ft-\u00e9rt megv\u00e1s\u00e1rolhat\u00f3k az IKEA \u00e1ruh\u00e1zakban \u00e9s online.<\/p>\n<figure id=\"attachment_2205914\" aria-describedby=\"caption-attachment-2205914\" style=\"width: 755px\" class=\"wp-caption alignnone\"><a href=\"https:\/\/www.startlap.hu\/vasarlas\/uploads\/2021\/05\/ikea.jpg\"><img loading=\"lazy\" decoding=\"async\" class=\"size-article-size-large-image wp-image-2205914\" src=\"https:\/\/www.startlap.hu\/vasarlas\/uploads\/2021\/05\/ikea-755x461.jpg\" alt=\"\" width=\"755\" height=\"461\" srcset=\"https:\/\/www.startlap.hu\/vasarlas\/uploads\/2021\/05\/ikea-755x461.jpg 755w, https:\/\/www.startlap.hu\/vasarlas\/uploads\/2021\/05\/ikea-574x350.jpg 574w, https:\/\/www.startlap.hu\/vasarlas\/uploads\/2021\/05\/ikea.jpg 1198w\" sizes=\"auto, (max-width: 755px) 100vw, 755px\" \/><\/a><figcaption id=\"caption-attachment-2205914\" class=\"wp-caption-text\">Fot\u00f3: IKEA<\/figcaption><\/figure>\n<p>A v\u00e1s\u00e1rl\u00f3k hangot is adhatnak b\u00fcszkes\u00e9g\u00fcknek az \u00faj <a href=\"https:\/\/www.ikea.com\/hu\/hu\/p\/eneby-elolap-bluetooth-r-hangszorohoz-90513232\/\" target=\"_blank\">ENEBY hangsz\u00f3r\u00f3 frontunkkal<\/a>. Az \u00f6tlet egy jap\u00e1n LMBT+ munkat\u00e1rst\u00f3l sz\u00e1rmazik, aki k\u00fcl\u00f6nb\u00f6z\u0151 sz\u00edn\u0171 v\u00e9kony sz\u00f6vetcs\u00edkokat ragasztott k\u00e9t hordozhat\u00f3 ENEBY hangsz\u00f3r\u00f3ra, \u00edgy a b\u00fcszkes\u00e9g jelek\u00e9nt a hangsz\u00f3r\u00f3k gy\u00f6ny\u00f6r\u0171 sziv\u00e1rv\u00e1nyos frontokat kaptak. A 2019-ben k\u00e9sz\u00edtett ENEBY sziv\u00e1rv\u00e1nysz\u00edn\u0171 front n\u00e9mi m\u00f3dos\u00edt\u00e1st k\u00f6vet\u0151en m\u00e1r 33 IKEA piacon kaphat\u00f3. Az \u00faj, limit\u00e1lt kiad\u00e1s\u00fa, letisztult kialak\u00edt\u00e1s\u00fa, <strong>sziv\u00e1rv\u00e1nyos el\u0151lapok korl\u00e1tozott ideig lesznek el\u00e9rhet\u0151k 2490 Ft-\u00e9rt<\/strong> &#8211; tudatta az <a href=\"https:\/\/www.ikea.com\/hu\/hu\/this-is-ikea\/newsroom\/az-ikea-hangszoroval-szivarvanyos-taskaval-es-berendezett-szobakkal-uennepli-az-idahot-napjat-pubdde11117\" target=\"_blank\" target=\"_blank\" rel=\"noopener noreferrer\">IKEA<\/a>.<\/p>\n<div class=\"o-widget m-readMoreWidget -readMore u-shortDecorLineAfter row widget-container _ce_measure_widget bigdata-widget read-more\" data-ce-measure-widget=\"olvass tov\u00e1bb\">\n\t<div class=\"m-readMoreWidget__imgWrapper image-wrapper col-12 col-md-4 no-p\">\n\t\t<a class=\"m-readMoreWidget__imgLink\" href=\"https:\/\/www.startlap.hu\/vasarlas\/ikea-beremeles-tamogatas-jarvanyhelyzet\/\" >\n\t\t\t<img decoding=\"async\" src=\"https:\/\/www.startlap.hu\/vasarlas\/uploads\/2021\/04\/ikea-350x285.jpg\" class=\"m-readMoreWidget__img\">\n\t\t<\/a>\n\t<\/div>\n\t<div class=\"m-readMoreWidget__titleWrapper title-wrapper col-12 col-md-8\">\n\t\t<span class=\"m-readMoreWidget__titleLabel u-shortDecorLineBefore label hidden-sm-up\">Ez is \u00e9rdekelhet:<\/span>\n\t\t<h3 class=\"m-readMoreWidget__title title\">\n\t\t\t<a class=\"m-readMoreWidget__titleLink -secondFont u-bold u-upperCase\" href=\"https:\/\/www.startlap.hu\/vasarlas\/ikea-beremeles-tamogatas-jarvanyhelyzet\/\" >Megemelte a b\u00e9reket az Ikea<\/a>\n\t\t<\/h3>\n\t\t<a class=\"m-readMoreWidget__btn -coloredBack u-tC link\" href=\"https:\/\/www.startlap.hu\/vasarlas\/ikea-beremeles-tamogatas-jarvanyhelyzet\/\" >Elolvasom<\/a>\n\t<\/div>\n<\/div>\n<p>2020-ban az Ingka Csoport glob\u00e1lis, 30 orsz\u00e1gban \u00e9rv\u00e9nyes, <strong>2024-ig sz\u00f3l\u00f3 \u00fczleti elk\u00f6telezetts\u00e9get v\u00e1llalt a faji egyenl\u0151s\u00e9g mellett<\/strong>, amely mag\u00e1ban foglalja az etnikai, faji \u00e9s nemzeti soksz\u00edn\u0171s\u00e9g n\u00f6vel\u00e9s\u00e9t a vezet\u00e9s minden szintj\u00e9n.<\/p>\n","protected":false},"excerpt":{"rendered":"<p>A homof\u00f3bia, a transzf\u00f3bia \u00e9s a bif\u00f3bia elleni nemzetk\u00f6zi nap (IDAHOT, m\u00e1jus 17.) alkalm\u00e1b\u00f3l az IKEA ism\u00e9t a soksz\u00edn\u0171s\u00e9g \u00e9s a befogad\u00e1s fontoss\u00e1g\u00e1ra h\u00edvja fel a figyelmet. <\/p>\n","protected":false},"author":43,"featured_media":2205914,"comment_status":"open","ping_status":"open","sticky":false,"template":"","format":"standard","meta":{"footnotes":""},"categories":[8180],"tags":[1353],"class_list":["post-2205913","post","type-post","status-publish","format-standard","has-post-thumbnail","hentry","category-trending","tag-ikea"],"aioseo_notices":[],"_links":{"self":[{"href":"https:\/\/www.startlap.hu\/vasarlas\/wp-json\/wp\/v2\/posts\/2205913","targetHints":{"allow":["GET"]}}],"collection":[{"href":"https:\/\/www.startlap.hu\/vasarlas\/wp-json\/wp\/v2\/posts"}],"about":[{"href":"https:\/\/www.startlap.hu\/vasarlas\/wp-json\/wp\/v2\/types\/post"}],"author":[{"embeddable":true,"href":"https:\/\/www.startlap.hu\/vasarlas\/wp-json\/wp\/v2\/users\/43"}],"replies":[{"embeddable":true,"href":"https:\/\/www.startlap.hu\/vasarlas\/wp-json\/wp\/v2\/comments?post=2205913"}],"version-history":[{"count":3,"href":"https:\/\/www.startlap.hu\/vasarlas\/wp-json\/wp\/v2\/posts\/2205913\/revisions"}],"predecessor-version":[{"id":2205917,"href":"https:\/\/www.startlap.hu\/vasarlas\/wp-json\/wp\/v2\/posts\/2205913\/revisions\/2205917"}],"wp:featuredmedia":[{"embeddable":true,"href":"https:\/\/www.startlap.hu\/vasarlas\/wp-json\/wp\/v2\/media\/2205914"}],"wp:attachment":[{"href":"https:\/\/www.startlap.hu\/vasarlas\/wp-json\/wp\/v2\/media?parent=2205913"}],"wp:term":[{"taxonomy":"category","embeddable":true,"href":"https:\/\/www.startlap.hu\/vasarlas\/wp-json\/wp\/v2\/categories?post=2205913"},{"taxonomy":"post_tag","embeddable":true,"href":"https:\/\/www.startlap.hu\/vasarlas\/wp-json\/wp\/v2\/tags?post=2205913"}],"curies":[{"name":"wp","href":"https:\/\/api.w.org\/{rel}","templated":true}]}}