{"id":2204946,"date":"2021-04-16T05:54:26","date_gmt":"2021-04-16T03:54:26","guid":{"rendered":"https:\/\/www.startlap.hu\/vasarlas\/?p=2204946"},"modified":"2021-04-15T16:36:27","modified_gmt":"2021-04-15T14:36:27","slug":"tv-kepminoseg-javitas","status":"publish","type":"post","link":"https:\/\/www.startlap.hu\/vasarlas\/tv-kepminoseg-javitas\/","title":{"rendered":"Hogyan jav\u00edthatunk otthon a t\u00e9v\u00e9 k\u00e9pmin\u0151s\u00e9g\u00e9n?"},"content":{"rendered":"<p>Ha valaha is gondoltatok m\u00e1r arra, hogy esetleg jobb min\u0151s\u00e9g\u0171 k\u00e9pet is ki lehetne csiholni a t\u00e9v\u00e9tekb\u0151l, akkor j\u00f3 h\u00edr\u00fcnk van, val\u00f3ban lehet ilyet csin\u00e1lni, b\u00e1r els\u0151re meglehet\u0151sen bonyolult m\u0171veletnek t\u0171nhet. Azoknak, akiket a bonyolult sz\u00f3n\u00e1l elvesztett\u00fcnk, annyit tudunk mondani, hogy n\u00e9mi p\u00e9nz\u00e9rt cser\u00e9be persze ezt egyszer\u0171en is meg lehet oldani, csak kell hozz\u00e1 egy Blu-ray lej\u00e1tsz\u00f3 \u00e9s egy setup-lemez, illetve a lemezhez vonatkoz\u00f3 haszn\u00e1lati utas\u00edt\u00e1s.<\/p>\n<blockquote class=\"article__extraTxt\"><p>Persze h\u00edvhatunk szakembert is, aki megcsin\u00e1lja helyett\u00fcnk, de term\u00e9szetesen \u0151k sem ingyen dolgoznak \u00e9s a legt\u00f6bben nem fognak \u00e9szrevenni akkora min\u0151s\u00e9gi ugr\u00e1st, ami igazolhatn\u00e1 az \u00e9rte kifizetett p\u00e9nzt. Ez\u00e9rt tal\u00e1n \u00e9rdemesebb a saj\u00e1t kez\u00fcnkbe venni a dolgot \u00e9s megn\u00e9zni, hogy mire juthatunk a t\u00e9v\u00e9 saj\u00e1t be\u00e1ll\u00edt\u00e1sait \u00e1tb\u00f6ng\u00e9szve.<\/p><\/blockquote>\n<p>El\u00f6lj\u00e1r\u00f3ban annyit az\u00e9rt m\u00e9g hozz\u00e1tenn\u00e9nk, hogy ah\u00e1ny m\u00e1rka, annyif\u00e9le elnevez\u00e9s lehets\u00e9ges, \u00edgy p\u00e9ld\u00e1ul az az opci\u00f3, ami mondjuk az egyik t\u00e9v\u00e9n sz\u00ednh\u0151m\u00e9rs\u00e9kletk\u00e9nt (ez felel az\u00e9rt, hogy a megjelen\u00edtett sz\u00ednek v\u00f6r\u00f6ses, vagy k\u00e9kes \u00e1rnyalatot kapnak) szerepel, egy m\u00e1sik gy\u00e1rt\u00f3 k\u00e9sz\u00fcl\u00e9k\u00e9ben sim\u00e1n lehet feh\u00e9regyens\u00faly a neve. Nem fogunk m\u00e9g csak k\u00eds\u00e9rletet sem tenni arra, hogy valamennyi m\u00e1rka valamennyi be\u00e1ll\u00edt\u00e1s\u00e1nak a nev\u00e9t \u00f6sszeszedj\u00fck, ink\u00e1bb le\u00edrjuk, hogy melyik funkci\u00f3 mire val\u00f3, \u00e9s akkor n\u00e9mi id\u0151 r\u00e1sz\u00e1n\u00e1s\u00e1val mindenki k\u00e9pes lesz ezt megtal\u00e1lni a saj\u00e1t k\u00e9sz\u00fcl\u00e9k\u00e9n, nevezz\u00e9k az adott opci\u00f3t b\u00e1rhogyan is.<\/p>\n<h2>K\u00e9p\u00fczemm\u00f3d<\/h2>\n<p>Ez az a be\u00e1ll\u00edt\u00e1s, ami a legnagyobb hat\u00e1ssal van a <a title=\"A legjobb telev\u00edzi\u00f3k 2021-ben\" href=\"https:\/\/www.startlap.hu\/vasarlas\/a-legjobb-televiziok-2021\/\" target=\"_blank\" rel=\"noopener noreferrer\">t\u00e9v\u00e9<\/a> \u00e1ltal\u00e1nos k\u00e9pmin\u0151s\u00e9g\u00e9re, mivel egy csom\u00f3 m\u00e1sik be\u00e1ll\u00edt\u00e1st is szab\u00e1lyoz egyszerre. Ha m\u00e9g soha nem ny\u00faltunk hozz\u00e1, akkor j\u00f3 es\u00e9llyel norm\u00e1l, alap, \u00e9l\u00e9nk, dinamikus vagy valami hasonl\u00f3 nev\u0171 be\u00e1ll\u00edt\u00e1son kell \u00e1llnia. A t\u00e9v\u00e9 ebben a m\u00f3dban adja a legkev\u00e9sb\u00e9 pontos k\u00e9pet, l\u00e1tv\u00e1nyos sz\u00ednekkel, ami arra val\u00f3, hogy sz\u00e9pen futtassa a dem\u00f3programot az \u00e1ruh\u00e1z polc\u00e1r\u00f3l, \u00e1m otthon, m\u00e1s k\u00f6rnyezetbe helyezve m\u00e1r kor\u00e1nt sem lesz annyira men\u0151.<\/p>\n<div class='iframe-wrapper youtube'><iframe loading=\"lazy\" title=\"How to choose the correct Picture Mode for your TV\" width=\"500\" height=\"281\" src=\"https:\/\/www.youtube.com\/embed\/MI2S6iLE5rE?feature=oembed\" frameborder=\"0\" allow=\"accelerometer; autoplay; clipboard-write; encrypted-media; gyroscope; picture-in-picture; web-share\" referrerpolicy=\"strict-origin-when-cross-origin\" allowfullscreen><\/iframe><\/div>\n<p>Annak f\u00fcggv\u00e9ny\u00e9ben, hogy mire szeretn\u00e9nk a t\u00e9v\u00e9t haszn\u00e1lni, keress\u00fck meg a sz\u00e1munkra legjobb be\u00e1ll\u00edt\u00e1st, ez lehet <strong>Film\/Mozi, Sport, J\u00e1t\u00e9k<\/strong>, stb. Az el\u0151bbi eset\u00e9ben pl. <strong>kev\u00e9sb\u00e9 rik\u00edt\u00f3 sz\u00edneket<\/strong> kapunk, <strong>\u00e9letszer\u0171bb\u00e9 v\u00e1lik a k\u00e9p<\/strong>, jobban idomul ahhoz az \u00e9lm\u00e9nyhez, amit mondjuk egy moziban kapunk filmn\u00e9z\u00e9skor. Ha sajn\u00e1ljuk az id\u0151t a t\u00e9v\u00e9 be\u00e1ll\u00edt\u00e1s\u00e1ra, \u00e9s nem akarjuk a maximumot kitaposni a k\u00e9sz\u00fcl\u00e9k\u00fcnkb\u0151l, akkor meg is vagyunk, ennyi volt, mehet\u00fcnk t\u00e9v\u00e9zni.<\/p>\n<h2>H\u00e1tt\u00e9rvil\u00e1g\u00edt\u00e1s<\/h2>\n<p>Szinte valamennyi t\u00e9v\u00e9 rendelkezik ezzel az opci\u00f3val, amit \u00e9rdemes hozz\u00e1igaz\u00edtani a k\u00f6rnyezet\u00fcnkh\u00f6z \u00e9s a preferenci\u00e1inkhoz. Figyelj\u00fcnk arra, hogy a t\u00fal er\u0151s h\u00e1tt\u00e9rvil\u00e1g\u00edt\u00e1s szem, illetve fejf\u00e1j\u00e1shoz vezethet, a t\u00fal alacsony viszont fak\u00f3 sz\u00edneket \u00e9s t\u00fal s\u00f6t\u00e9t k\u00e9pet eredm\u00e9nyez.<\/p>\n<figure id=\"attachment_2204947\" aria-describedby=\"caption-attachment-2204947\" style=\"width: 755px\" class=\"wp-caption alignnone\"><img loading=\"lazy\" decoding=\"async\" class=\"size-article-size-large-image wp-image-2204947\" src=\"https:\/\/www.startlap.hu\/vasarlas\/uploads\/2021\/04\/tv-hattervilagitas-755x425.jpg\" alt=\"T\u00e9v\u00e9 h\u00e1tt\u00e9rvil\u00e1g\u00edt\u00e1s\" width=\"755\" height=\"425\" srcset=\"https:\/\/www.startlap.hu\/vasarlas\/uploads\/2021\/04\/tv-hattervilagitas-755x425.jpg 755w, https:\/\/www.startlap.hu\/vasarlas\/uploads\/2021\/04\/tv-hattervilagitas-215x120.jpg 215w, https:\/\/www.startlap.hu\/vasarlas\/uploads\/2021\/04\/tv-hattervilagitas-622x350.jpg 622w, https:\/\/www.startlap.hu\/vasarlas\/uploads\/2021\/04\/tv-hattervilagitas.jpg 1200w\" sizes=\"auto, (max-width: 755px) 100vw, 755px\" \/><figcaption id=\"caption-attachment-2204947\" class=\"wp-caption-text\">(Forr\u00e1s: Getty Images)<\/figcaption><\/figure>\n<p>A h\u00e1tt\u00e9rvil\u00e1g\u00edt\u00e1s kalibr\u00e1l\u00e1sakor arra \u00e9rdemes odafigyeln\u00fcnk, hogy milyen k\u00f6r\u00fclm\u00e9nyek k\u00f6z\u00f6tt n\u00e9zz\u00fck a t\u00e9v\u00e9t. Ha egy j\u00f3l megvil\u00e1g\u00edtott szob\u00e1ban, mondjuk nappal akarunk filmet n\u00e9zni, akkor <strong>nem \u00e1rt felcsavarni, az esti filmez\u00e9shez pedig alacsonyan tartani<\/strong>. Tartsuk azonban \u00e9szben, hogy <strong>min\u00e9l er\u0151sebb a t\u00e9v\u00e9 h\u00e1tt\u00e9rvil\u00e1g\u00edt\u00e1sa, ann\u00e1l t\u00f6bbet fogyaszt<\/strong>, \u00edgy ha agg\u00f3dunk a villanysz\u00e1mla miatt, \u00e9rdemes ezt is belekalkul\u00e1lni.<\/p>\n<h2>Kontraszt<\/h2>\n<p>A kontraszt az\u00e9rt felel, hogy mennyire t\u0171nnek vil\u00e1gosnak a k\u00e9p vil\u00e1gosabb r\u00e9szei. Persze ennek is van egy tet\u0151\u00e9rt\u00e9ke, amit nincs nagyon \u00e9rtelme kimaxolni, ugyanis a t\u00fal er\u0151s kontraszt elt\u00fcnteti a r\u00e9szleteket a feh\u00e9r elemekb\u0151l. Mondjuk egy behavazott t\u00e1j, vagy egy felh\u0151s \u00e9gbolt egybef\u00fcgg\u0151 feh\u00e9r massz\u00e1v\u00e1 v\u00e1lik.<\/p>\n<div class='iframe-wrapper youtube'><iframe loading=\"lazy\" title=\"How to set the Contrast control on your TV\" width=\"500\" height=\"281\" src=\"https:\/\/www.youtube.com\/embed\/y7didMM88cc?feature=oembed\" frameborder=\"0\" allow=\"accelerometer; autoplay; clipboard-write; encrypted-media; gyroscope; picture-in-picture; web-share\" referrerpolicy=\"strict-origin-when-cross-origin\" allowfullscreen><\/iframe><\/div>\n<p>A kontrasztot a legegyszer\u0171bben \u00fagy tudjuk be\u00e1ll\u00edtani, hogy keres\u00fcnk egy k\u00e9pet a viszony\u00edt\u00e1shoz. Mondjuk egy olyat, amin az im\u00e9nt eml\u00edtett h\u00f3f\u00f6dte t\u00e1j, vagy a felh\u0151s \u00e9gbolt l\u00e1that\u00f3 \u00e9s addig tekerj\u00fck f\u00f6lfel\u00e9, am\u00edg a t\u00e1j r\u00e9szletei l\u00e1that\u00f3k. <strong>Ha m\u00e1r semmit nem l\u00e1tunk a nagy feh\u00e9rs\u00e9gen k\u00edv\u00fcl, akkor csavarjuk egy kicsit vissza a kontrasztot<\/strong> oda, ahol m\u00e9g egy\u00e9rtelm\u0171en kivehet\u0151k a r\u00e9szletek \u00e9s k\u00e9szen is vagyunk.<\/p>\n<h2>A f\u00e9nyer\u0151<\/h2>\n<p>A kontraszt p\u00e1rja, ami a k\u00e9p fekete, illetve s\u00f6t\u00e9tebb elemeinek megjelen\u00edt\u00e9s\u00e9\u00e9rt felel \u00e9s pontosan \u00fagy is m\u0171k\u00f6dik, ahogyan a vil\u00e1gosabb r\u00e9szek eset\u00e9ben ezt a kontrasztn\u00e1l is l\u00e1ttuk. Az alacsony f\u00e9nyer\u0151 elt\u00fcnteti a s\u00f6t\u00e9t elemek r\u00e9szleteit, pl. az \u00e1rny\u00e9kok kivehetetlen nagy fekete massz\u00e1kk\u00e1 alakulnak \u00e9s valahol a messzes\u00e9gben fels\u00edr Tim Burton. A t\u00fal magas f\u00e9nyer\u0151 hat\u00e1s\u00e1ra azonban a k\u00e9p sz\u00edn \u00e9s \u00e9lettelen fak\u00f3 iz\u00e9v\u00e9 v\u00e1ltozik, ami megint csak rossz.<\/p>\n<div class='iframe-wrapper youtube'><iframe loading=\"lazy\" title=\"How to set the Brightness control on your TV\" width=\"500\" height=\"281\" src=\"https:\/\/www.youtube.com\/embed\/BOpGXHqhv7g?feature=oembed\" frameborder=\"0\" allow=\"accelerometer; autoplay; clipboard-write; encrypted-media; gyroscope; picture-in-picture; web-share\" referrerpolicy=\"strict-origin-when-cross-origin\" allowfullscreen><\/iframe><\/div>\n<p>A f\u00e9nyer\u0151 eset\u00e9ben is ugyan\u00fagy \u00e9rdemes k\u00eds\u00e9rletezni, mint a kontraszttal. Vigy\u00fck le a f\u00e9nyer\u0151t annyira, hogy egy alapvet\u0151en s\u00f6t\u00e9t k\u00e9pen (mondjuk egy \u00e9jszakai jelenet egy filmb\u0151l) ne l\u00e1ssunk m\u00e1r semmilyen r\u00e9szletet, majd <strong>fokozatosan kezdj\u00fck el n\u00f6velni \u00e9s keress\u00fck meg azt a pontot, amikor a r\u00e9szletek m\u00e1r j\u00f3l l\u00e1tszanak a k\u00e9pen, a sz\u00ednek azonban m\u00e9g nem mennek \u00e1t fak\u00f3ba<\/strong>.<\/p>\n<h2>K\u00e9p\u00e9less\u00e9g<\/h2>\n<p>Ak\u00e1r hiszitek, ak\u00e1r nem, a k\u00e9p\u00e9less\u00e9gnek val\u00f3j\u00e1ban <a href=\"https:\/\/www.cnet.com\/how-to\/tv-picture-settings-how-to-adjust-contrast-brightness-picture-mode-and-more\/\" target=\"_blank\" target=\"_blank\" rel=\"noopener noreferrer\">semmi k\u00f6ze<\/a> a k\u00e9p val\u00f3di \u00e9less\u00e9g\u00e9hez, mind\u00f6ssze egyfajta l\u00e1tsz\u00f3lagos \u00e9less\u00e9get k\u00f6lcs\u00f6n\u00f6z neki, amit r\u00e1ad\u00e1sul a val\u00f3di k\u00e9p megzajos\u00edt\u00e1s\u00e1nak \u00e9s t\u00e9nyleges r\u00e9szletei minim\u00e1lis elhom\u00e1lyos\u00edt\u00e1s\u00e1nak \u00e1r\u00e1n \u00e9r el.<\/p>\n<blockquote class=\"article__extraTxt\"><p>Sz\u00f3val ak\u00e1rmennyire is t\u0171nik ellent\u00e9tesnek azzal, amire az ember alapvet\u0151en gondolna a k\u00e9p\u00e9less\u00e9g sz\u00f3 hallat\u00e1n, \u00e9rdemes ezt a be\u00e1ll\u00edt\u00e1st a minim\u00e1lis, vagy legal\u00e1bbis a k\u00f6zel minim\u00e1lis, magyar\u00e1n az als\u00f3 t\u00edz sz\u00e1zal\u00e9k k\u00f6rny\u00e9ki \u00e9rt\u00e9ken tartani (ezt k\u00e9sz\u00fcl\u00e9ke v\u00e1logatja) a term\u00e9szetesebb k\u00e9pmin\u0151s\u00e9g \u00e9rdek\u00e9ben.<\/p><\/blockquote>\n<p>A k\u00fcl\u00f6nbs\u00e9g akkor \u00fctk\u00f6zik ki a legl\u00e1tv\u00e1nyosabban, ha egy j\u00f3 min\u0151s\u00e9g\u0171 4k-s k\u00e9pen tesztelj\u00fck, meglepet\u00e9st fog okozni.<\/p>\n<h2>Sz\u00ednh\u0151m\u00e9rs\u00e9klet<\/h2>\n<p>Ez m\u00e1r egy fokkal tr\u00fckk\u00f6sebb dolog, ugyanis az agyunk hajlamos hozz\u00e1szokni ahhoz a sz\u00ednh\u0151m\u00e9rs\u00e9klethez, amit a t\u00e9v\u00e9nk alapb\u00f3l ny\u00fajt, \u00edgy ha megv\u00e1ltoztatjuk, akkor els\u0151re term\u00e9szetellenesnek fog t\u0171nni az eredm\u00e9ny.<\/p>\n<blockquote class=\"article__extraTxt\"><p>Tal\u00e1n ez lesz az els\u0151, ami felt\u0171nik majd nek\u00fcnk akkor, amikor az alapbe\u00e1ll\u00edt\u00e1sr\u00f3l \u00e1tkapcsoljuk a k\u00e9p\u00fczemm\u00f3dot Film\/Mozira, mivel t\u00fal v\u00f6r\u00f6sesnek fogjuk l\u00e1tni a k\u00e9pet. A legt\u00f6bb t\u00e9v\u00e9n ugyanakkor ez a be\u00e1ll\u00edt\u00e1s az, ami a leg\u00e9letszer\u0171bb \u00e9s legpontosabb, \u00edgy pr\u00f3b\u00e1ljunk megbar\u00e1tkozni vele.<\/p><\/blockquote>\n<p>Persze, ha nem megy, m\u00e9g mindig visszav\u00e1lthatunk a megszokott \u00e1llapothoz. K\u00fcl\u00f6n tal\u00e1n nem is \u00e9rdemes nagyon beleny\u00falni ebbe a be\u00e1ll\u00edt\u00e1sba, mert csak olyat tudunk vele csin\u00e1lni, ami els\u0151re nem fog tetszeni.<\/p>\n<div class=\"o-widget m-readMoreWidget -readMore u-shortDecorLineAfter row widget-container _ce_measure_widget bigdata-widget read-more\" data-ce-measure-widget=\"olvass tov\u00e1bb\">\n\t<div class=\"m-readMoreWidget__imgWrapper image-wrapper col-12 col-md-4 no-p\">\n\t\t<a class=\"m-readMoreWidget__imgLink\" href=\"https:\/\/www.startlap.hu\/vasarlas\/hogyan-szereljuk-falra-a-tevet\/\" >\n\t\t\t<img decoding=\"async\" src=\"https:\/\/www.startlap.hu\/vasarlas\/uploads\/2020\/09\/TV-falra-szereles-350x285.jpg\" class=\"m-readMoreWidget__img\">\n\t\t<\/a>\n\t<\/div>\n\t<div class=\"m-readMoreWidget__titleWrapper title-wrapper col-12 col-md-8\">\n\t\t<span class=\"m-readMoreWidget__titleLabel u-shortDecorLineBefore label hidden-sm-up\">Ez is \u00e9rdekelhet:<\/span>\n\t\t<h3 class=\"m-readMoreWidget__title title\">\n\t\t\t<a class=\"m-readMoreWidget__titleLink -secondFont u-bold u-upperCase\" href=\"https:\/\/www.startlap.hu\/vasarlas\/hogyan-szereljuk-falra-a-tevet\/\" >Hogyan szerelj\u00fck falra a t\u00e9v\u00e9t?<\/a>\n\t\t<\/h3>\n\t\t<a class=\"m-readMoreWidget__btn -coloredBack u-tC link\" href=\"https:\/\/www.startlap.hu\/vasarlas\/hogyan-szereljuk-falra-a-tevet\/\" >Elolvasom<\/a>\n\t<\/div>\n<\/div>\n","protected":false},"excerpt":{"rendered":"<p>Az okost\u00e9v\u00e9 \u00e1tkalibr\u00e1lhat\u00f3 \u00e9s mindezt \u00fagy tehetj\u00fck meg, hogy egy fill\u00e9rt sem kell \u00e9rte extr\u00e1ban kifizetn\u00fcnk. N\u00e9zz\u00fck, hogy m\u0171k\u00f6dik ez a gyakorlatban!<\/p>\n","protected":false},"author":38,"featured_media":2204948,"comment_status":"open","ping_status":"open","sticky":false,"template":"","format":"standard","meta":{"footnotes":""},"categories":[8088],"tags":[14776,14779,9285,14778,14781,14780,14783,14777,14782,312],"class_list":["post-2204946","post","type-post","status-publish","format-standard","has-post-thumbnail","hentry","category-kutyu","tag-beallitas","tag-fenyero","tag-hattervilagitas","tag-jobb-kep","tag-kepelesseg","tag-kepuzemmod","tag-kontraszt","tag-okos-teve","tag-szinhomerseklet","tag-teve"],"aioseo_notices":[],"_links":{"self":[{"href":"https:\/\/www.startlap.hu\/vasarlas\/wp-json\/wp\/v2\/posts\/2204946","targetHints":{"allow":["GET"]}}],"collection":[{"href":"https:\/\/www.startlap.hu\/vasarlas\/wp-json\/wp\/v2\/posts"}],"about":[{"href":"https:\/\/www.startlap.hu\/vasarlas\/wp-json\/wp\/v2\/types\/post"}],"author":[{"embeddable":true,"href":"https:\/\/www.startlap.hu\/vasarlas\/wp-json\/wp\/v2\/users\/38"}],"replies":[{"embeddable":true,"href":"https:\/\/www.startlap.hu\/vasarlas\/wp-json\/wp\/v2\/comments?post=2204946"}],"version-history":[{"count":4,"href":"https:\/\/www.startlap.hu\/vasarlas\/wp-json\/wp\/v2\/posts\/2204946\/revisions"}],"predecessor-version":[{"id":2205010,"href":"https:\/\/www.startlap.hu\/vasarlas\/wp-json\/wp\/v2\/posts\/2204946\/revisions\/2205010"}],"wp:featuredmedia":[{"embeddable":true,"href":"https:\/\/www.startlap.hu\/vasarlas\/wp-json\/wp\/v2\/media\/2204948"}],"wp:attachment":[{"href":"https:\/\/www.startlap.hu\/vasarlas\/wp-json\/wp\/v2\/media?parent=2204946"}],"wp:term":[{"taxonomy":"category","embeddable":true,"href":"https:\/\/www.startlap.hu\/vasarlas\/wp-json\/wp\/v2\/categories?post=2204946"},{"taxonomy":"post_tag","embeddable":true,"href":"https:\/\/www.startlap.hu\/vasarlas\/wp-json\/wp\/v2\/tags?post=2204946"}],"curies":[{"name":"wp","href":"https:\/\/api.w.org\/{rel}","templated":true}]}}