{"id":2203610,"date":"2021-03-10T09:43:15","date_gmt":"2021-03-10T08:43:15","guid":{"rendered":"https:\/\/www.startlap.hu\/vasarlas\/?p=2203610"},"modified":"2021-03-10T09:25:43","modified_gmt":"2021-03-10T08:25:43","slug":"magyar-posta-valtozasok-julius","status":"publish","type":"post","link":"https:\/\/www.startlap.hu\/vasarlas\/magyar-posta-valtozasok-julius\/","title":{"rendered":"T\u00f6bb v\u00e1ltoztat\u00e1st is bevezet j\u00faliust\u00f3l a Magyar Posta"},"content":{"rendered":"<p><strong>Kivezeti szolg\u00e1ltat\u00e1si portf\u00f3li\u00f3j\u00e1b\u00f3l a posta j\u00faliust\u00f3l a c\u00edmezetlen rekl\u00e1mkiadv\u00e1nyok terjeszt\u00e9s\u00e9nek minden t\u00edpus\u00e1t<\/strong>, \u00edgy a kereskedelmi, az ingyenes sajt\u00f3term\u00e9kek \u00e9s a politikai rekl\u00e1mkiadv\u00e1nyok terjeszt\u00e9s\u00e9t is &#8211; k\u00f6z\u00f6lte a Magyar Posta szerd\u00e1n az MTI-vel.<\/p>\n<p>A k\u00f6zlem\u00e9ny szerint a Magyar Posta r\u00e9szesed\u00e9se ezen a piacon becsl\u00e9sek szerint mintegy 25 sz\u00e1zal\u00e9kos, \u00e9s ezzel a m\u00e1sodik legnagyobb szerepl\u0151.<\/p>\n<p>Ugyanakkor jelezt\u00e9k, hogy az internethaszn\u00e1lat terjed\u00e9s\u00e9vel p\u00e1rhuzamosan <strong>a c\u00edmezetlen rekl\u00e1mkiadv\u00e1nyok piaca is zsugorodik<\/strong>, a posta \u00e1ltal k\u00e9zbes\u00edtett kiadv\u00e1nyok sz\u00e1ma tavaly egyharmaddal volt kevesebb, mint 2019-ben, a nyomott \u00e1rak miatt pedig a tev\u00e9kenys\u00e9ghez kapcsol\u00f3d\u00f3 k\u00f6lts\u00e9gek rendre meghaladt\u00e1k a bev\u00e9telt. A d\u00f6nt\u00e9sr\u0151l a v\u00e1llalat m\u00e1rciusban \u00e9rtes\u00edti minden partner\u00e9t.<\/p>\n<div class=\"o-widget m-readMoreWidget -readMore u-shortDecorLineAfter row widget-container _ce_measure_widget bigdata-widget read-more\" data-ce-measure-widget=\"olvass tov\u00e1bb\">\n\t<div class=\"m-readMoreWidget__imgWrapper image-wrapper col-12 col-md-4 no-p\">\n\t\t<a class=\"m-readMoreWidget__imgLink\" href=\"https:\/\/www.startlap.hu\/vasarlas\/magyar-posta-nyitvatartas-szigoritas\/\" >\n\t\t\t<img decoding=\"async\" src=\"https:\/\/www.startlap.hu\/vasarlas\/uploads\/2020\/12\/posta-2-350x285.jpg\" class=\"m-readMoreWidget__img\">\n\t\t<\/a>\n\t<\/div>\n\t<div class=\"m-readMoreWidget__titleWrapper title-wrapper col-12 col-md-8\">\n\t\t<span class=\"m-readMoreWidget__titleLabel u-shortDecorLineBefore label hidden-sm-up\">Ez is \u00e9rdekelhet:<\/span>\n\t\t<h3 class=\"m-readMoreWidget__title title\">\n\t\t\t<a class=\"m-readMoreWidget__titleLink -secondFont u-bold u-upperCase\" href=\"https:\/\/www.startlap.hu\/vasarlas\/magyar-posta-nyitvatartas-szigoritas\/\" >A szigor\u00edt\u00e1sok alatt \u00edgy tart nyitva a posta<\/a>\n\t\t<\/h3>\n\t\t<a class=\"m-readMoreWidget__btn -coloredBack u-tC link\" href=\"https:\/\/www.startlap.hu\/vasarlas\/magyar-posta-nyitvatartas-szigoritas\/\" >Elolvasom<\/a>\n\t<\/div>\n<\/div>\n<p>K\u00f6z\u00f6lt\u00e9k, hogy a f\u0151bb tev\u00e9kenys\u00e9gek fejleszt\u00e9sei mellett n\u00e9h\u00e1ny szolg\u00e1ltat\u00e1s\u00e1t m\u00e1r racionaliz\u00e1lta a posta, \u00edgy p\u00e9ld\u00e1ul a kisebb post\u00e1kon megsz\u00fcntett\u00e9k a kereskedelmi term\u00e9kek \u00e1rus\u00edt\u00e1s\u00e1t, illetve a h\u00edrlap elad\u00e1sokat.<\/p>\n<blockquote class=\"article__extraTxt\"><p>Szint\u00e9n gazdas\u00e1goss\u00e1gi indokok miatt a c\u00e9g j\u00falius elsej\u00e9t\u0151l kivonul az orsz\u00e1gos napilap-k\u00e9zbes\u00edt\u00e9si piacr\u00f3l, csak a hetilapok, magazinok, sz\u00edneslapok feldolgoz\u00e1s\u00e1t, terjeszt\u00e9s\u00e9t \u00e9s k\u00e9zbes\u00edt\u00e9s\u00e9t tartja fenn.<\/p><\/blockquote>\n<p>Ebbe a sorba illeszkedik a c\u00edmezetlen rekl\u00e1mkiadv\u00e1nyok terjeszt\u00e9s\u00e9nek megsz\u00fcntet\u00e9se is.<\/p>\n<h2>Id\u00e9n a csomaglogisztik\u00e1n a hangs\u00faly<\/h2>\n<p>Felid\u00e9zt\u00e9k, hogy a Magyar Posta vezet\u00e9se 2019-ben hirdette meg moderniz\u00e1ci\u00f3s programj\u00e1t, amelynek egyik els\u0151 l\u00e9p\u00e9sek\u00e9nt \u00e1tl\u00e1that\u00f3bb, egyszer\u0171bb term\u00e9kstrukt\u00far\u00e1t alak\u00edtott ki a lev\u00e9lterm\u00e9kekn\u00e9l, bevezette a k\u00f6nyvelt lev\u00e9lk\u00fcldem\u00e9nyek nyomk\u00f6vet\u00e9s\u00e9t, \u00e9s orsz\u00e1gosan kiterjesztette az elektronikus k\u00e9zbes\u00edt\u00e9si rendszert. A v\u00e1llalat 2019 m\u00e1sodik fel\u00e9ben ind\u00edtotta el az egyik legnagyobb m\u00e9rt\u00e9k\u0171 beruh\u00e1z\u00e1s\u00e1t az MPL+ logisztikai fejleszt\u00e9si programot, 2020-ban pedig meg\u00faj\u00edtotta a D\u00edjnettel k\u00f6z\u00f6s iCsekk applik\u00e1ci\u00f3j\u00e1t, \u00e9s meg\u00e9p\u00edtette az orsz\u00e1g addig legnagyobb logisztikai dep\u00f3j\u00e1t F\u00f3ton.&nbsp;<\/p>\n<figure id=\"attachment_2201444\" aria-describedby=\"caption-attachment-2201444\" style=\"width: 755px\" class=\"wp-caption alignnone\"><img loading=\"lazy\" decoding=\"async\" class=\"size-article-size-large-image wp-image-2201444\" src=\"https:\/\/www.startlap.hu\/vasarlas\/uploads\/2020\/12\/posta-2-755x504.jpg\" alt=\"\" width=\"755\" height=\"504\" srcset=\"https:\/\/www.startlap.hu\/vasarlas\/uploads\/2020\/12\/posta-2-755x504.jpg 755w, https:\/\/www.startlap.hu\/vasarlas\/uploads\/2020\/12\/posta-2-525x350.jpg 525w, https:\/\/www.startlap.hu\/vasarlas\/uploads\/2020\/12\/posta-2.jpg 1024w\" sizes=\"auto, (max-width: 755px) 100vw, 755px\" \/><figcaption id=\"caption-attachment-2201444\" class=\"wp-caption-text\">Fot\u00f3: Michal Fludra\/NurPhoto via Getty Images<\/figcaption><\/figure>\n<p>A Magyar Posta tov\u00e1bbra is elk\u00f6telezett a hagyom\u00e1nyos szolg\u00e1ltat\u00e1sainak fenntart\u00e1s\u00e1ban \u00e9s fejleszt\u00e9s\u00e9ben, id\u00e9n kiemelten koncentr\u00e1l a csomaglogisztikai \u00fczlet\u00e1gban tervezett beruh\u00e1z\u00e1sokra &#8211; olvashat\u00f3 a t\u00e1rsas\u00e1g k\u00f6zlem\u00e9ny\u00e9ben.<\/p>\n<div class=\"o-widget m-readMoreWidget -readMore u-shortDecorLineAfter row widget-container _ce_measure_widget bigdata-widget read-more\" data-ce-measure-widget=\"olvass tov\u00e1bb\">\n\t<div class=\"m-readMoreWidget__imgWrapper image-wrapper col-12 col-md-4 no-p\">\n\t\t<a class=\"m-readMoreWidget__imgLink\" href=\"https:\/\/www.startlap.hu\/vasarlas\/spar-husvet-bevasarlas\/\" >\n\t\t\t<img decoding=\"async\" src=\"https:\/\/www.startlap.hu\/vasarlas\/uploads\/2020\/11\/spar-01-350x285.jpg\" class=\"m-readMoreWidget__img\">\n\t\t<\/a>\n\t<\/div>\n\t<div class=\"m-readMoreWidget__titleWrapper title-wrapper col-12 col-md-8\">\n\t\t<span class=\"m-readMoreWidget__titleLabel u-shortDecorLineBefore label hidden-sm-up\">Ez is \u00e9rdekelhet:<\/span>\n\t\t<h3 class=\"m-readMoreWidget__title title\">\n\t\t\t<a class=\"m-readMoreWidget__titleLink -secondFont u-bold u-upperCase\" href=\"https:\/\/www.startlap.hu\/vasarlas\/spar-husvet-bevasarlas\/\" >\u00cdgy v\u00e1s\u00e1rolhatunk h\u00fasv\u00e9t el\u0151tt<\/a>\n\t\t<\/h3>\n\t\t<a class=\"m-readMoreWidget__btn -coloredBack u-tC link\" href=\"https:\/\/www.startlap.hu\/vasarlas\/spar-husvet-bevasarlas\/\" >Elolvasom<\/a>\n\t<\/div>\n<\/div>\n","protected":false},"excerpt":{"rendered":"<p>A v\u00e1llalat id\u00e9n kiemelten koncentr\u00e1l a csomaglogisztikai \u00fczlet\u00e1gban tervezett beruh\u00e1z\u00e1sokra.<\/p>\n","protected":false},"author":20,"featured_media":2201444,"comment_status":"open","ping_status":"open","sticky":false,"template":"","format":"standard","meta":{"footnotes":""},"categories":[8180],"tags":[78,4209],"class_list":["post-2203610","post","type-post","status-publish","format-standard","has-post-thumbnail","hentry","category-trending","tag-magyar-posta","tag-reklam"],"aioseo_notices":[],"_links":{"self":[{"href":"https:\/\/www.startlap.hu\/vasarlas\/wp-json\/wp\/v2\/posts\/2203610","targetHints":{"allow":["GET"]}}],"collection":[{"href":"https:\/\/www.startlap.hu\/vasarlas\/wp-json\/wp\/v2\/posts"}],"about":[{"href":"https:\/\/www.startlap.hu\/vasarlas\/wp-json\/wp\/v2\/types\/post"}],"author":[{"embeddable":true,"href":"https:\/\/www.startlap.hu\/vasarlas\/wp-json\/wp\/v2\/users\/20"}],"replies":[{"embeddable":true,"href":"https:\/\/www.startlap.hu\/vasarlas\/wp-json\/wp\/v2\/comments?post=2203610"}],"version-history":[{"count":1,"href":"https:\/\/www.startlap.hu\/vasarlas\/wp-json\/wp\/v2\/posts\/2203610\/revisions"}],"predecessor-version":[{"id":2203615,"href":"https:\/\/www.startlap.hu\/vasarlas\/wp-json\/wp\/v2\/posts\/2203610\/revisions\/2203615"}],"wp:featuredmedia":[{"embeddable":true,"href":"https:\/\/www.startlap.hu\/vasarlas\/wp-json\/wp\/v2\/media\/2201444"}],"wp:attachment":[{"href":"https:\/\/www.startlap.hu\/vasarlas\/wp-json\/wp\/v2\/media?parent=2203610"}],"wp:term":[{"taxonomy":"category","embeddable":true,"href":"https:\/\/www.startlap.hu\/vasarlas\/wp-json\/wp\/v2\/categories?post=2203610"},{"taxonomy":"post_tag","embeddable":true,"href":"https:\/\/www.startlap.hu\/vasarlas\/wp-json\/wp\/v2\/tags?post=2203610"}],"curies":[{"name":"wp","href":"https:\/\/api.w.org\/{rel}","templated":true}]}}